{"id":6028,"date":"2012-06-19T02:00:49","date_gmt":"2012-06-19T00:00:49","guid":{"rendered":"http:\/\/www.susannavaris.com\/blogg\/?p=6028"},"modified":"2013-04-07T10:16:17","modified_gmt":"2013-04-07T08:16:17","slug":"en-riktigt-bra-dag","status":"publish","type":"post","link":"http:\/\/www.susannavaris.com\/blogg\/2012\/06\/en-riktigt-bra-dag\/","title":{"rendered":"En riktigt bra dag"},"content":{"rendered":"<p>Femte dagen i klorna p\u00e5 ledigheten och ett m\u00f6te med min idol och numera v\u00e4n Mia M\u00e4kil\u00e4 var inbokad. Jag vaknade upp sliten, men p\u00e5 invand rutin betade jag av morgonbestyren, drog p\u00e5 mig en form av stass, sminkade dit eyelinern och kom iv\u00e4g. Vi skulle m\u00f6tas f\u00f6r lunch och studiebes\u00f6ka Aba f\u00f6r Mias del.<\/p>\n<p style=\"text-align: center;\">\u00a0<em>Stickan \u00e4r kastad&#8230;<\/em><\/p>\n<p style=\"text-align: center;\"><a href=\"http:\/\/www.susannavaris.com\/blogg\/wp-content\/uploads\/2012\/06\/DSC_0088-50.jpg\"><img loading=\"lazy\" decoding=\"async\" class=\"aligncenter size-large wp-image-6030\" title=\"DSC_0088-50\" alt=\"\" src=\"http:\/\/www.susannavaris.com\/blogg\/wp-content\/uploads\/2012\/06\/DSC_0088-50-1024x682.jpg\" width=\"640\" height=\"426\" srcset=\"http:\/\/www.susannavaris.com\/blogg\/wp-content\/uploads\/2012\/06\/DSC_0088-50-1024x682.jpg 1024w, http:\/\/www.susannavaris.com\/blogg\/wp-content\/uploads\/2012\/06\/DSC_0088-50-300x200.jpg 300w\" sizes=\"auto, (max-width: 640px) 100vw, 640px\" \/><\/a>\u00a0Mia blev mycket n\u00f6jd och det var s\u00e4rskilt roligt eftersom jag k\u00e4nner till hennes kr\u00e4senhet och krav p\u00e5 konstn\u00e4rlig kvalitet.<\/p>\n<p style=\"text-align: center;\"><a href=\"http:\/\/www.susannavaris.com\/blogg\/wp-content\/uploads\/2012\/06\/DSC_0089-50.jpg\"><img loading=\"lazy\" decoding=\"async\" class=\"aligncenter size-large wp-image-6031\" title=\"DSC_0089-50\" alt=\"\" src=\"http:\/\/www.susannavaris.com\/blogg\/wp-content\/uploads\/2012\/06\/DSC_0089-50-1024x682.jpg\" width=\"640\" height=\"426\" srcset=\"http:\/\/www.susannavaris.com\/blogg\/wp-content\/uploads\/2012\/06\/DSC_0089-50-1024x682.jpg 1024w, http:\/\/www.susannavaris.com\/blogg\/wp-content\/uploads\/2012\/06\/DSC_0089-50-300x200.jpg 300w\" sizes=\"auto, (max-width: 640px) 100vw, 640px\" \/><\/a>\u00a0<em>Sedan bar det av till Mellqvists bar och ett event f\u00f6r Hertz&#8230;jod\u00e5, jag blev fotad framf\u00f6r skylten. Tror ni att jag kom med? Nej, det gjorde jag ju inte. Jag har ju inte varit med i Robinson eller Idol eller n\u00e5gon annan dokus\u00e5pa. S\u00e5dan \u00e4r nu den stora mediev\u00e4rlden jag simmar omkring i. S\u00e5 jag m\u00e5ste v\u00e4l snart visa rumpan eller n\u00e5t. :)<\/em><\/p>\n<p style=\"text-align: center;\"><a href=\"http:\/\/www.susannavaris.com\/blogg\/wp-content\/uploads\/2012\/06\/DSC_0090-50.jpg\"><img loading=\"lazy\" decoding=\"async\" class=\"aligncenter size-large wp-image-6032\" title=\"DSC_0090-50\" alt=\"\" src=\"http:\/\/www.susannavaris.com\/blogg\/wp-content\/uploads\/2012\/06\/DSC_0090-50-1024x682.jpg\" width=\"640\" height=\"426\" srcset=\"http:\/\/www.susannavaris.com\/blogg\/wp-content\/uploads\/2012\/06\/DSC_0090-50-1024x682.jpg 1024w, http:\/\/www.susannavaris.com\/blogg\/wp-content\/uploads\/2012\/06\/DSC_0090-50-300x200.jpg 300w\" sizes=\"auto, (max-width: 640px) 100vw, 640px\" \/><\/a><em>\u00a0Citty Olsson diskjyckar<\/em><\/p>\n<p style=\"text-align: center;\"><a href=\"http:\/\/www.susannavaris.com\/blogg\/wp-content\/uploads\/2012\/06\/DSC_0091-50.jpg\"><img loading=\"lazy\" decoding=\"async\" class=\"aligncenter size-large wp-image-6033\" title=\"DSC_0091-50\" alt=\"\" src=\"http:\/\/www.susannavaris.com\/blogg\/wp-content\/uploads\/2012\/06\/DSC_0091-50-1024x682.jpg\" width=\"640\" height=\"426\" srcset=\"http:\/\/www.susannavaris.com\/blogg\/wp-content\/uploads\/2012\/06\/DSC_0091-50-1024x682.jpg 1024w, http:\/\/www.susannavaris.com\/blogg\/wp-content\/uploads\/2012\/06\/DSC_0091-50-300x200.jpg 300w\" sizes=\"auto, (max-width: 640px) 100vw, 640px\" \/><\/a>\u00a0<em>Eventet visade sig vara mycket popul\u00e4rt<\/em><\/p>\n<p style=\"text-align: center;\"><a href=\"http:\/\/www.susannavaris.com\/blogg\/wp-content\/uploads\/2012\/06\/DSC_0092-50.jpg\"><img loading=\"lazy\" decoding=\"async\" class=\"aligncenter size-large wp-image-6034\" title=\"DSC_0092-50\" alt=\"\" src=\"http:\/\/www.susannavaris.com\/blogg\/wp-content\/uploads\/2012\/06\/DSC_0092-50-1024x631.jpg\" width=\"640\" height=\"394\" srcset=\"http:\/\/www.susannavaris.com\/blogg\/wp-content\/uploads\/2012\/06\/DSC_0092-50-1024x631.jpg 1024w, http:\/\/www.susannavaris.com\/blogg\/wp-content\/uploads\/2012\/06\/DSC_0092-50-300x185.jpg 300w, http:\/\/www.susannavaris.com\/blogg\/wp-content\/uploads\/2012\/06\/DSC_0092-50.jpg 2015w\" sizes=\"auto, (max-width: 640px) 100vw, 640px\" \/><\/a>\u00a0<a href=\"http:\/\/www.susannavaris.com\/blogg\/wp-content\/uploads\/2012\/06\/DSC_0094-crop-50.jpg\"><img loading=\"lazy\" decoding=\"async\" class=\"aligncenter size-large wp-image-6035\" title=\"DSC_0094-crop-50\" alt=\"\" src=\"http:\/\/www.susannavaris.com\/blogg\/wp-content\/uploads\/2012\/06\/DSC_0094-crop-50-1024x490.jpg\" width=\"640\" height=\"306\" srcset=\"http:\/\/www.susannavaris.com\/blogg\/wp-content\/uploads\/2012\/06\/DSC_0094-crop-50-1024x490.jpg 1024w, http:\/\/www.susannavaris.com\/blogg\/wp-content\/uploads\/2012\/06\/DSC_0094-crop-50-300x143.jpg 300w\" sizes=\"auto, (max-width: 640px) 100vw, 640px\" \/><\/a>\u00a0<em>Angela Monroe fr\u00e5n Robinson hade l\u00e4mnat filmkameran hemma f\u00f6r kv\u00e4llen<\/em><\/p>\n<p style=\"text-align: center;\"><a href=\"http:\/\/www.susannavaris.com\/blogg\/wp-content\/uploads\/2012\/06\/DSC_0095-50.jpg\"><img loading=\"lazy\" decoding=\"async\" class=\"aligncenter size-large wp-image-6036\" title=\"DSC_0095-50\" alt=\"\" src=\"http:\/\/www.susannavaris.com\/blogg\/wp-content\/uploads\/2012\/06\/DSC_0095-50-1024x682.jpg\" width=\"640\" height=\"426\" srcset=\"http:\/\/www.susannavaris.com\/blogg\/wp-content\/uploads\/2012\/06\/DSC_0095-50-1024x682.jpg 1024w, http:\/\/www.susannavaris.com\/blogg\/wp-content\/uploads\/2012\/06\/DSC_0095-50-300x200.jpg 300w\" sizes=\"auto, (max-width: 640px) 100vw, 640px\" \/><\/a>\u00a0<em>Hertz representation p\u00e5 plats<\/em><\/p>\n<p style=\"text-align: center;\"><a href=\"http:\/\/www.susannavaris.com\/blogg\/wp-content\/uploads\/2012\/06\/DSC_0097-50.jpg\"><img loading=\"lazy\" decoding=\"async\" class=\"aligncenter size-large wp-image-6037\" title=\"DSC_0097-50\" alt=\"\" src=\"http:\/\/www.susannavaris.com\/blogg\/wp-content\/uploads\/2012\/06\/DSC_0097-50-682x1024.jpg\" width=\"640\" height=\"960\" srcset=\"http:\/\/www.susannavaris.com\/blogg\/wp-content\/uploads\/2012\/06\/DSC_0097-50-682x1024.jpg 682w, http:\/\/www.susannavaris.com\/blogg\/wp-content\/uploads\/2012\/06\/DSC_0097-50-200x300.jpg 200w, http:\/\/www.susannavaris.com\/blogg\/wp-content\/uploads\/2012\/06\/DSC_0097-50.jpg 1536w\" sizes=\"auto, (max-width: 640px) 100vw, 640px\" \/><\/a>\u00a0<em>\u00c4lskling anl\u00e4nde lite senare. Mackorna var superbra.<\/em><\/p>\n<p style=\"text-align: center;\"><a href=\"http:\/\/www.susannavaris.com\/blogg\/wp-content\/uploads\/2012\/06\/DSC_0098-50.jpg\"><img loading=\"lazy\" decoding=\"async\" class=\"aligncenter size-large wp-image-6038\" title=\"DSC_0098-50\" alt=\"\" src=\"http:\/\/www.susannavaris.com\/blogg\/wp-content\/uploads\/2012\/06\/DSC_0098-50-1024x682.jpg\" width=\"640\" height=\"426\" srcset=\"http:\/\/www.susannavaris.com\/blogg\/wp-content\/uploads\/2012\/06\/DSC_0098-50-1024x682.jpg 1024w, http:\/\/www.susannavaris.com\/blogg\/wp-content\/uploads\/2012\/06\/DSC_0098-50-300x200.jpg 300w\" sizes=\"auto, (max-width: 640px) 100vw, 640px\" \/><\/a><\/p>\n<p style=\"text-align: center;\"><em>En v\u00e4lfotograferad trio, Emil Jonsvik och Linda Skugge.<\/em><\/p>\n<p style=\"text-align: center;\"><a href=\"http:\/\/www.susannavaris.com\/blogg\/wp-content\/uploads\/2012\/06\/DSC_0099-50.jpg\"><img loading=\"lazy\" decoding=\"async\" class=\"aligncenter size-large wp-image-6039\" title=\"DSC_0099-50\" alt=\"\" src=\"http:\/\/www.susannavaris.com\/blogg\/wp-content\/uploads\/2012\/06\/DSC_0099-50-1024x682.jpg\" width=\"640\" height=\"426\" srcset=\"http:\/\/www.susannavaris.com\/blogg\/wp-content\/uploads\/2012\/06\/DSC_0099-50-1024x682.jpg 1024w, http:\/\/www.susannavaris.com\/blogg\/wp-content\/uploads\/2012\/06\/DSC_0099-50-300x200.jpg 300w\" sizes=\"auto, (max-width: 640px) 100vw, 640px\" \/><\/a>\u00a0<em>Getost och r\u00f6dbeta<\/em><\/p>\n<p style=\"text-align: center;\"><a href=\"http:\/\/www.susannavaris.com\/blogg\/wp-content\/uploads\/2012\/06\/DSC_0100-crop-50.jpg\"><img loading=\"lazy\" decoding=\"async\" class=\"aligncenter size-large wp-image-6040\" title=\"DSC_0100-crop-50\" alt=\"\" src=\"http:\/\/www.susannavaris.com\/blogg\/wp-content\/uploads\/2012\/06\/DSC_0100-crop-50-1024x814.jpg\" width=\"640\" height=\"508\" srcset=\"http:\/\/www.susannavaris.com\/blogg\/wp-content\/uploads\/2012\/06\/DSC_0100-crop-50-1024x814.jpg 1024w, http:\/\/www.susannavaris.com\/blogg\/wp-content\/uploads\/2012\/06\/DSC_0100-crop-50-300x238.jpg 300w, http:\/\/www.susannavaris.com\/blogg\/wp-content\/uploads\/2012\/06\/DSC_0100-crop-50.jpg 1754w\" sizes=\"auto, (max-width: 640px) 100vw, 640px\" \/><\/a><em>\u00a0Men sedan, helt pl\u00f6tsligt, ramlade mina favoritdamer in; Ida Evileye och Clara Force fr\u00e5n Crucified Barbara. Clara undrade hur det gick med min konst. Bra, sade jag, sedan kom vi \u00f6ver p\u00e5 Metaltown och huruvida Gary Holt i sin vikarieroll innebar en nyt\u00e4ndning f\u00f6r Slayer (det verkar uppenbart). (Fr\u00e5gan blir ju nu; n\u00e4r blir Gary Holt den nya medlemmen och vad h\u00e4nder med Exodus d\u00e5&#8230;):<\/em><\/p>\n<p style=\"text-align: center;\"><a href=\"http:\/\/crucifiedbarbara.com\/\">http:\/\/crucifiedbarbara.com\/<\/a><\/p>\n<p style=\"text-align: center;\"><a href=\"http:\/\/www.susannavaris.com\/blogg\/wp-content\/uploads\/2012\/06\/DSC_0102-50.jpg\"><img loading=\"lazy\" decoding=\"async\" class=\"aligncenter size-large wp-image-6041\" title=\"DSC_0102-50\" alt=\"\" src=\"http:\/\/www.susannavaris.com\/blogg\/wp-content\/uploads\/2012\/06\/DSC_0102-50-1024x682.jpg\" width=\"640\" height=\"426\" srcset=\"http:\/\/www.susannavaris.com\/blogg\/wp-content\/uploads\/2012\/06\/DSC_0102-50-1024x682.jpg 1024w, http:\/\/www.susannavaris.com\/blogg\/wp-content\/uploads\/2012\/06\/DSC_0102-50-300x200.jpg 300w\" sizes=\"auto, (max-width: 640px) 100vw, 640px\" \/><\/a><em>\u00a0Och partyt det bara forts\u00e4tter&#8230;<\/em><\/p>\n<p style=\"text-align: center;\"><a href=\"http:\/\/www.susannavaris.com\/blogg\/wp-content\/uploads\/2012\/06\/DSC_0103-50.jpg\"><img loading=\"lazy\" decoding=\"async\" class=\"aligncenter size-large wp-image-6042\" title=\"DSC_0103-50\" alt=\"\" src=\"http:\/\/www.susannavaris.com\/blogg\/wp-content\/uploads\/2012\/06\/DSC_0103-50-1024x682.jpg\" width=\"640\" height=\"426\" srcset=\"http:\/\/www.susannavaris.com\/blogg\/wp-content\/uploads\/2012\/06\/DSC_0103-50-1024x682.jpg 1024w, http:\/\/www.susannavaris.com\/blogg\/wp-content\/uploads\/2012\/06\/DSC_0103-50-300x200.jpg 300w\" sizes=\"auto, (max-width: 640px) 100vw, 640px\" \/><\/a>\u00a0<em>Man ska alltid l\u00e4mna (ett party) n\u00e4r det \u00e4r som roligast. Ett \u00f6verraskande bra event!<\/em><\/p>\n<p style=\"text-align: center;\">F\u00f6r snygga event:<\/p>\n<p style=\"text-align: center;\"><a href=\"http:\/\/www.skuggeco.se\/\">http:\/\/www.skuggeco.se\/<\/a><\/p>\n<p style=\"text-align: center;\">Jo, en sak till&#8230;en liten goodiebag fick vi ocks\u00e5:<\/p>\n<p style=\"text-align: center;\"><a href=\"http:\/\/www.susannavaris.com\/blogg\/wp-content\/uploads\/2012\/06\/DSC_0104-50.jpg\"><img loading=\"lazy\" decoding=\"async\" class=\"aligncenter size-large wp-image-6098\" title=\"DSC_0104-50\" alt=\"\" src=\"http:\/\/www.susannavaris.com\/blogg\/wp-content\/uploads\/2012\/06\/DSC_0104-50-682x1024.jpg\" width=\"640\" height=\"960\" srcset=\"http:\/\/www.susannavaris.com\/blogg\/wp-content\/uploads\/2012\/06\/DSC_0104-50-682x1024.jpg 682w, http:\/\/www.susannavaris.com\/blogg\/wp-content\/uploads\/2012\/06\/DSC_0104-50-200x300.jpg 200w, http:\/\/www.susannavaris.com\/blogg\/wp-content\/uploads\/2012\/06\/DSC_0104-50.jpg 1536w\" sizes=\"auto, (max-width: 640px) 100vw, 640px\" \/><\/a><\/p>\n","protected":false},"excerpt":{"rendered":"<p>Femte dagen i klorna p\u00e5 ledigheten och ett m\u00f6te med min idol och numera v\u00e4n Mia M\u00e4kil\u00e4 var inbokad. Jag vaknade upp sliten, men p\u00e5 invand rutin betade jag av morgonbestyren, drog p\u00e5 mig en form av stass, sminkade dit &hellip; <a href=\"http:\/\/www.susannavaris.com\/blogg\/2012\/06\/en-riktigt-bra-dag\/\">Forts\u00e4tt l\u00e4sa <span class=\"meta-nav\">&rarr;<\/span><\/a><\/p>\n","protected":false},"author":1,"featured_media":0,"comment_status":"open","ping_status":"open","sticky":false,"template":"","format":"standard","meta":{"footnotes":""},"categories":[555,3,1162,589,994,1],"tags":[643,1949,1950,1952,750,1937,1938,1951,1948,1426,414,4915],"class_list":["post-6028","post","type-post","status-publish","format-standard","hentry","category-events","category-konst","category-kultur","category-medier","category-musik","category-okategoriserade","tag-aba","tag-angela-monroe","tag-bil","tag-clara-force","tag-crucified-barbara","tag-hertz","tag-hyrbil","tag-ida-evileye","tag-mellquist-kaffebar","tag-metal","tag-mia-makila","tag-musik"],"_links":{"self":[{"href":"http:\/\/www.susannavaris.com\/blogg\/wp-json\/wp\/v2\/posts\/6028","targetHints":{"allow":["GET"]}}],"collection":[{"href":"http:\/\/www.susannavaris.com\/blogg\/wp-json\/wp\/v2\/posts"}],"about":[{"href":"http:\/\/www.susannavaris.com\/blogg\/wp-json\/wp\/v2\/types\/post"}],"author":[{"embeddable":true,"href":"http:\/\/www.susannavaris.com\/blogg\/wp-json\/wp\/v2\/users\/1"}],"replies":[{"embeddable":true,"href":"http:\/\/www.susannavaris.com\/blogg\/wp-json\/wp\/v2\/comments?post=6028"}],"version-history":[{"count":9,"href":"http:\/\/www.susannavaris.com\/blogg\/wp-json\/wp\/v2\/posts\/6028\/revisions"}],"predecessor-version":[{"id":9420,"href":"http:\/\/www.susannavaris.com\/blogg\/wp-json\/wp\/v2\/posts\/6028\/revisions\/9420"}],"wp:attachment":[{"href":"http:\/\/www.susannavaris.com\/blogg\/wp-json\/wp\/v2\/media?parent=6028"}],"wp:term":[{"taxonomy":"category","embeddable":true,"href":"http:\/\/www.susannavaris.com\/blogg\/wp-json\/wp\/v2\/categories?post=6028"},{"taxonomy":"post_tag","embeddable":true,"href":"http:\/\/www.susannavaris.com\/blogg\/wp-json\/wp\/v2\/tags?post=6028"}],"curies":[{"name":"wp","href":"https:\/\/api.w.org\/{rel}","templated":true}]}}