{"id":6134,"date":"2012-06-20T23:56:18","date_gmt":"2012-06-20T21:56:18","guid":{"rendered":"http:\/\/www.susannavaris.com\/blogg\/?p=6134"},"modified":"2012-06-20T23:56:18","modified_gmt":"2012-06-20T21:56:18","slug":"ovantad-konservatism","status":"publish","type":"post","link":"http:\/\/www.susannavaris.com\/blogg\/2012\/06\/ovantad-konservatism\/","title":{"rendered":"Ov\u00e4ntad konservatism"},"content":{"rendered":"<p style=\"text-align: center;\"><a href=\"http:\/\/www.susannavaris.com\/blogg\/wp-content\/uploads\/2012\/06\/article-1246153-08054E50000005DC-214_468x538.jpg\"><img loading=\"lazy\" decoding=\"async\" class=\"aligncenter size-full wp-image-6135\" title=\"article-1246153-08054E50000005DC-214_468x538\" src=\"http:\/\/www.susannavaris.com\/blogg\/wp-content\/uploads\/2012\/06\/article-1246153-08054E50000005DC-214_468x538.jpg\" alt=\"\" width=\"468\" height=\"538\" srcset=\"http:\/\/www.susannavaris.com\/blogg\/wp-content\/uploads\/2012\/06\/article-1246153-08054E50000005DC-214_468x538.jpg 468w, http:\/\/www.susannavaris.com\/blogg\/wp-content\/uploads\/2012\/06\/article-1246153-08054E50000005DC-214_468x538-260x300.jpg 260w\" sizes=\"auto, (max-width: 468px) 100vw, 468px\" \/><\/a>\u00a0<em>Scott och Tom<\/em><\/p>\n<p style=\"text-align: center;\">P\u00e5 Tv4 p\u00e5g\u00e5r en dokument\u00e4r, Min Pappa \u00e4r Gravid, som handlar om tv\u00e5 transsexuella m\u00e4n med tre barn. Scott lever som man, men har en kvinnas biologi och har f\u00f6tt ett antal barn. Tom \u00e4r omopererad till man fr\u00e5n att ha varit kvinna. \u00c4ven Scott ska s\u00e5 sm\u00e5ningom genomg\u00e5 en operation till man.<\/p>\n<p style=\"text-align: center;\">Inget konstigt med detta, kan tyckas, men i en scen sitter Scott hos barberaren f\u00f6r att sonen och han sj\u00e4lv ska klippas. Han kl\u00e4cker pl\u00f6tsligt ur sig att han aldrig har begripit det h\u00e4r med l\u00e5ngt h\u00e5r p\u00e5 killar. Killar ska ha kort h\u00e5r och tjejer l\u00e5ngt, s\u00e5 \u00e4r det bara, enligt honom. \u00c4r inte det en smula konservativt? S\u00e4rskilt med tanke p\u00e5 sammanhanget&#8230; :)<\/p>\n","protected":false},"excerpt":{"rendered":"<p>\u00a0Scott och Tom P\u00e5 Tv4 p\u00e5g\u00e5r en dokument\u00e4r, Min Pappa \u00e4r Gravid, som handlar om tv\u00e5 transsexuella m\u00e4n med tre barn. Scott lever som man, men har en kvinnas biologi och har f\u00f6tt ett antal barn. Tom \u00e4r omopererad till &hellip; <a href=\"http:\/\/www.susannavaris.com\/blogg\/2012\/06\/ovantad-konservatism\/\">Forts\u00e4tt l\u00e4sa <span class=\"meta-nav\">&rarr;<\/span><\/a><\/p>\n","protected":false},"author":1,"featured_media":0,"comment_status":"open","ping_status":"open","sticky":false,"template":"","format":"standard","meta":{"footnotes":""},"categories":[259,589,1],"tags":[1960,4899,4903,1961,1962,1963,1964],"class_list":["post-6134","post","type-post","status-publish","format-standard","hentry","category-genusvetenskap","category-medier","category-okategoriserade","tag-gender","tag-genus","tag-genusvetenskap","tag-scott","tag-tom","tag-transsexualitet","tag-transsexuell"],"_links":{"self":[{"href":"http:\/\/www.susannavaris.com\/blogg\/wp-json\/wp\/v2\/posts\/6134","targetHints":{"allow":["GET"]}}],"collection":[{"href":"http:\/\/www.susannavaris.com\/blogg\/wp-json\/wp\/v2\/posts"}],"about":[{"href":"http:\/\/www.susannavaris.com\/blogg\/wp-json\/wp\/v2\/types\/post"}],"author":[{"embeddable":true,"href":"http:\/\/www.susannavaris.com\/blogg\/wp-json\/wp\/v2\/users\/1"}],"replies":[{"embeddable":true,"href":"http:\/\/www.susannavaris.com\/blogg\/wp-json\/wp\/v2\/comments?post=6134"}],"version-history":[{"count":2,"href":"http:\/\/www.susannavaris.com\/blogg\/wp-json\/wp\/v2\/posts\/6134\/revisions"}],"predecessor-version":[{"id":6137,"href":"http:\/\/www.susannavaris.com\/blogg\/wp-json\/wp\/v2\/posts\/6134\/revisions\/6137"}],"wp:attachment":[{"href":"http:\/\/www.susannavaris.com\/blogg\/wp-json\/wp\/v2\/media?parent=6134"}],"wp:term":[{"taxonomy":"category","embeddable":true,"href":"http:\/\/www.susannavaris.com\/blogg\/wp-json\/wp\/v2\/categories?post=6134"},{"taxonomy":"post_tag","embeddable":true,"href":"http:\/\/www.susannavaris.com\/blogg\/wp-json\/wp\/v2\/tags?post=6134"}],"curies":[{"name":"wp","href":"https:\/\/api.w.org\/{rel}","templated":true}]}}