{"id":6150,"date":"2012-06-22T21:09:57","date_gmt":"2012-06-22T19:09:57","guid":{"rendered":"http:\/\/www.susannavaris.com\/blogg\/?p=6150"},"modified":"2012-06-22T21:09:57","modified_gmt":"2012-06-22T19:09:57","slug":"midsommarafton-2012","status":"publish","type":"post","link":"http:\/\/www.susannavaris.com\/blogg\/2012\/06\/midsommarafton-2012\/","title":{"rendered":"Midsommarafton 2012"},"content":{"rendered":"<p>Midsommarafton \u00e4r uppskjutet h\u00e4r hemma och g\u00e5r av stapeln imorgon. Idag har vi l\u00f6nearbetat och d\u00e4refter tagit en liten promenad ner till Maren i S\u00f6dert\u00e4lje:<\/p>\n<p style=\"text-align: center;\"><a href=\"http:\/\/www.susannavaris.com\/blogg\/wp-content\/uploads\/2012\/06\/midsommar01-90.jpg\"><img loading=\"lazy\" decoding=\"async\" class=\"aligncenter size-large wp-image-6151\" title=\"midsommar01-90\" src=\"http:\/\/www.susannavaris.com\/blogg\/wp-content\/uploads\/2012\/06\/midsommar01-90-1024x705.jpg\" alt=\"\" width=\"640\" height=\"440\" srcset=\"http:\/\/www.susannavaris.com\/blogg\/wp-content\/uploads\/2012\/06\/midsommar01-90-1024x705.jpg 1024w, http:\/\/www.susannavaris.com\/blogg\/wp-content\/uploads\/2012\/06\/midsommar01-90-300x206.jpg 300w\" sizes=\"auto, (max-width: 640px) 100vw, 640px\" \/><\/a>\u00a0<em>M\u00e5sparty vid Sibylla. Ett par grabbar sl\u00e4ngde ut pommes inifr\u00e5n Sibylla-kiosken och m\u00e5sarna snappade dem i luften. Mycken flax och v\u00e4sen f\u00f6r n\u00e5gra pommes.<\/em><\/p>\n<p style=\"text-align: center;\">I n\u00e4stan varje villatr\u00e4dg\u00e5rd p\u00e5 v\u00e4gen ner satt det m\u00e4nniskor kring matbord. F\u00f6r f\u00f6rsta midsommaraftonen p\u00e5 jag vet inte hur l\u00e4nge regnar det inte idag. Jag har sett ett antal \u00e4lvlika unga damer med blomsterkransar p\u00e5 huvudena idag och det har hittills varit en gemytlig st\u00e4mning \u00f6verallt. En ensam herre skr\u00e5lade sig nerf\u00f6r trapporna till Maren och irrade sedan fr\u00e5n person till person bland dem han m\u00f6tte. Ett par unga m\u00e4n filmade mannens parad nedanf\u00f6r trappan och han l\u00e4r hitta sig sj\u00e4lv p\u00e5 Youtube as we speak.<\/p>\n<p style=\"text-align: center;\">Nere p\u00e5 stan var det spridda skurar med m\u00e4nniskor. Eagle Bar s\u00e5g ut att vara hyfsat fullsatt, enstaka par och ungdomar flanerade kring Maren. P\u00e5 g\u00e5gatan ett g\u00e4ng lekande ungar, vid kyrkan en dr\u00f6s vikingf\u00e4rjeresen\u00e4rer med \u00f6ll\u00e5dor p\u00e5 pirror, nyss avstigna fr\u00e5n vikingbussen.<\/p>\n<p style=\"text-align: center;\">Promenad hem efter Sibylla-burgaren, lite disk och snart lite mys. En mycket low key-midsommar. Jag har gl\u00f6mt bort hur man firar midsommar. Mellan \u00e5ren 1995 och 2010 arbetade jag alla helger d\u00e5 midsommar inf\u00f6ll. Men imorgon blir det sill och jordgubbar!<\/p>\n<p style=\"text-align: center;\">\n","protected":false},"excerpt":{"rendered":"<p>Midsommarafton \u00e4r uppskjutet h\u00e4r hemma och g\u00e5r av stapeln imorgon. Idag har vi l\u00f6nearbetat och d\u00e4refter tagit en liten promenad ner till Maren i S\u00f6dert\u00e4lje: \u00a0M\u00e5sparty vid Sibylla. Ett par grabbar sl\u00e4ngde ut pommes inifr\u00e5n Sibylla-kiosken och m\u00e5sarna snappade dem &hellip; <a href=\"http:\/\/www.susannavaris.com\/blogg\/2012\/06\/midsommarafton-2012\/\">Forts\u00e4tt l\u00e4sa <span class=\"meta-nav\">&rarr;<\/span><\/a><\/p>\n","protected":false},"author":1,"featured_media":0,"comment_status":"open","ping_status":"open","sticky":false,"template":"","format":"standard","meta":{"footnotes":""},"categories":[1162,1],"tags":[468,264,1970],"class_list":["post-6150","post","type-post","status-publish","format-standard","hentry","category-kultur","category-okategoriserade","tag-mas","tag-midsommar","tag-sibylla"],"_links":{"self":[{"href":"http:\/\/www.susannavaris.com\/blogg\/wp-json\/wp\/v2\/posts\/6150","targetHints":{"allow":["GET"]}}],"collection":[{"href":"http:\/\/www.susannavaris.com\/blogg\/wp-json\/wp\/v2\/posts"}],"about":[{"href":"http:\/\/www.susannavaris.com\/blogg\/wp-json\/wp\/v2\/types\/post"}],"author":[{"embeddable":true,"href":"http:\/\/www.susannavaris.com\/blogg\/wp-json\/wp\/v2\/users\/1"}],"replies":[{"embeddable":true,"href":"http:\/\/www.susannavaris.com\/blogg\/wp-json\/wp\/v2\/comments?post=6150"}],"version-history":[{"count":2,"href":"http:\/\/www.susannavaris.com\/blogg\/wp-json\/wp\/v2\/posts\/6150\/revisions"}],"predecessor-version":[{"id":6153,"href":"http:\/\/www.susannavaris.com\/blogg\/wp-json\/wp\/v2\/posts\/6150\/revisions\/6153"}],"wp:attachment":[{"href":"http:\/\/www.susannavaris.com\/blogg\/wp-json\/wp\/v2\/media?parent=6150"}],"wp:term":[{"taxonomy":"category","embeddable":true,"href":"http:\/\/www.susannavaris.com\/blogg\/wp-json\/wp\/v2\/categories?post=6150"},{"taxonomy":"post_tag","embeddable":true,"href":"http:\/\/www.susannavaris.com\/blogg\/wp-json\/wp\/v2\/tags?post=6150"}],"curies":[{"name":"wp","href":"https:\/\/api.w.org\/{rel}","templated":true}]}}