{"id":6154,"date":"2012-06-22T22:35:14","date_gmt":"2012-06-22T20:35:14","guid":{"rendered":"http:\/\/www.susannavaris.com\/blogg\/?p=6154"},"modified":"2012-06-22T22:35:14","modified_gmt":"2012-06-22T20:35:14","slug":"midsommar-2012-del-2","status":"publish","type":"post","link":"http:\/\/www.susannavaris.com\/blogg\/2012\/06\/midsommar-2012-del-2\/","title":{"rendered":"Midsommar 2012 del 2"},"content":{"rendered":"<p style=\"text-align: center;\">Bara trista m\u00e5sar p\u00e5 midsommarafton? Nj\u00e4eh, inte riktigt&#8230;<\/p>\n<p style=\"text-align: center;\"><a href=\"http:\/\/www.susannavaris.com\/blogg\/wp-content\/uploads\/2012\/06\/DSC_0105-50.jpg\"><img loading=\"lazy\" decoding=\"async\" class=\"aligncenter size-large wp-image-6155\" title=\"DSC_0105-50\" src=\"http:\/\/www.susannavaris.com\/blogg\/wp-content\/uploads\/2012\/06\/DSC_0105-50-1024x682.jpg\" alt=\"\" width=\"640\" height=\"426\" srcset=\"http:\/\/www.susannavaris.com\/blogg\/wp-content\/uploads\/2012\/06\/DSC_0105-50-1024x682.jpg 1024w, http:\/\/www.susannavaris.com\/blogg\/wp-content\/uploads\/2012\/06\/DSC_0105-50-300x200.jpg 300w\" sizes=\"auto, (max-width: 640px) 100vw, 640px\" \/><\/a>\u00a0<em>Vindruvor och en brie fanns i kylen&#8230;samt lite cider<\/em><\/p>\n<p style=\"text-align: center;\"><a href=\"http:\/\/www.susannavaris.com\/blogg\/wp-content\/uploads\/2012\/06\/DSC_0106-50.jpg\"><img loading=\"lazy\" decoding=\"async\" class=\"aligncenter size-large wp-image-6156\" title=\"DSC_0106-50\" src=\"http:\/\/www.susannavaris.com\/blogg\/wp-content\/uploads\/2012\/06\/DSC_0106-50-682x1024.jpg\" alt=\"\" width=\"640\" height=\"960\" srcset=\"http:\/\/www.susannavaris.com\/blogg\/wp-content\/uploads\/2012\/06\/DSC_0106-50-682x1024.jpg 682w, http:\/\/www.susannavaris.com\/blogg\/wp-content\/uploads\/2012\/06\/DSC_0106-50-200x300.jpg 200w, http:\/\/www.susannavaris.com\/blogg\/wp-content\/uploads\/2012\/06\/DSC_0106-50.jpg 1536w\" sizes=\"auto, (max-width: 640px) 100vw, 640px\" \/><\/a>\u00a0<em>Mysigt p\u00e5 balkongen \u00e4nda till tio p\u00e5 kv\u00e4llen<\/em><\/p>\n<p style=\"text-align: center;\"><a href=\"http:\/\/www.susannavaris.com\/blogg\/wp-content\/uploads\/2012\/06\/DSC_0107-50.jpg\"><img loading=\"lazy\" decoding=\"async\" class=\"aligncenter size-large wp-image-6157\" title=\"DSC_0107-50\" src=\"http:\/\/www.susannavaris.com\/blogg\/wp-content\/uploads\/2012\/06\/DSC_0107-50-1024x682.jpg\" alt=\"\" width=\"640\" height=\"426\" srcset=\"http:\/\/www.susannavaris.com\/blogg\/wp-content\/uploads\/2012\/06\/DSC_0107-50-1024x682.jpg 1024w, http:\/\/www.susannavaris.com\/blogg\/wp-content\/uploads\/2012\/06\/DSC_0107-50-300x200.jpg 300w\" sizes=\"auto, (max-width: 640px) 100vw, 640px\" \/><\/a>\u00a0<em>Till och med Igelstaverket vid kanalen gl\u00e4nste gyllene denna afton.<\/em><\/p>\n","protected":false},"excerpt":{"rendered":"<p>Bara trista m\u00e5sar p\u00e5 midsommarafton? Nj\u00e4eh, inte riktigt&#8230; \u00a0Vindruvor och en brie fanns i kylen&#8230;samt lite cider \u00a0Mysigt p\u00e5 balkongen \u00e4nda till tio p\u00e5 kv\u00e4llen \u00a0Till och med Igelstaverket vid kanalen gl\u00e4nste gyllene denna afton.<\/p>\n","protected":false},"author":1,"featured_media":0,"comment_status":"open","ping_status":"open","sticky":false,"template":"","format":"standard","meta":{"footnotes":""},"categories":[1162,1],"tags":[1481,1972,264,1971,121],"class_list":["post-6154","post","type-post","status-publish","format-standard","hentry","category-kultur","category-okategoriserade","tag-1481","tag-igelstaverket","tag-midsommar","tag-midsommarafton","tag-sodertalje"],"_links":{"self":[{"href":"http:\/\/www.susannavaris.com\/blogg\/wp-json\/wp\/v2\/posts\/6154","targetHints":{"allow":["GET"]}}],"collection":[{"href":"http:\/\/www.susannavaris.com\/blogg\/wp-json\/wp\/v2\/posts"}],"about":[{"href":"http:\/\/www.susannavaris.com\/blogg\/wp-json\/wp\/v2\/types\/post"}],"author":[{"embeddable":true,"href":"http:\/\/www.susannavaris.com\/blogg\/wp-json\/wp\/v2\/users\/1"}],"replies":[{"embeddable":true,"href":"http:\/\/www.susannavaris.com\/blogg\/wp-json\/wp\/v2\/comments?post=6154"}],"version-history":[{"count":2,"href":"http:\/\/www.susannavaris.com\/blogg\/wp-json\/wp\/v2\/posts\/6154\/revisions"}],"predecessor-version":[{"id":6159,"href":"http:\/\/www.susannavaris.com\/blogg\/wp-json\/wp\/v2\/posts\/6154\/revisions\/6159"}],"wp:attachment":[{"href":"http:\/\/www.susannavaris.com\/blogg\/wp-json\/wp\/v2\/media?parent=6154"}],"wp:term":[{"taxonomy":"category","embeddable":true,"href":"http:\/\/www.susannavaris.com\/blogg\/wp-json\/wp\/v2\/categories?post=6154"},{"taxonomy":"post_tag","embeddable":true,"href":"http:\/\/www.susannavaris.com\/blogg\/wp-json\/wp\/v2\/tags?post=6154"}],"curies":[{"name":"wp","href":"https:\/\/api.w.org\/{rel}","templated":true}]}}