{"id":6172,"date":"2012-06-24T15:59:11","date_gmt":"2012-06-24T13:59:11","guid":{"rendered":"http:\/\/www.susannavaris.com\/blogg\/?p=6172"},"modified":"2012-06-24T15:59:11","modified_gmt":"2012-06-24T13:59:11","slug":"manliga-sexbrottsoffer","status":"publish","type":"post","link":"http:\/\/www.susannavaris.com\/blogg\/2012\/06\/manliga-sexbrottsoffer\/","title":{"rendered":"Manliga sexbrottsoffer"},"content":{"rendered":"<p style=\"text-align: center;\"><a href=\"http:\/\/www.susannavaris.com\/blogg\/wp-content\/uploads\/2012\/06\/justitia917437propertyposter-450x343.jpg\"><img loading=\"lazy\" decoding=\"async\" class=\"aligncenter size-full wp-image-6173\" title=\"justitia917437propertyposter-450x343\" src=\"http:\/\/www.susannavaris.com\/blogg\/wp-content\/uploads\/2012\/06\/justitia917437propertyposter-450x343.jpg\" alt=\"\" width=\"450\" height=\"343\" srcset=\"http:\/\/www.susannavaris.com\/blogg\/wp-content\/uploads\/2012\/06\/justitia917437propertyposter-450x343.jpg 450w, http:\/\/www.susannavaris.com\/blogg\/wp-content\/uploads\/2012\/06\/justitia917437propertyposter-450x343-300x228.jpg 300w\" sizes=\"auto, (max-width: 450px) 100vw, 450px\" \/><\/a>\u00a0<em>Bild fr\u00e5n Bundesregierung.de<\/em><\/p>\n<p>N\u00e5got \u00f6verraskande, men gl\u00e4djande, kunde vi i veckan l\u00e4sa i en debattartikel i Svenska Dagbladet om pojkar och m\u00e4n som uts\u00e4tts f\u00f6r sexbrott och den allm\u00e4nna blindhet som r\u00e5der ang\u00e5ende detta. Ett viktigt \u00e4mne, som n\u00e4stan helt har kommit i skymundan av bek\u00e4mpningen av dessa brott riktade mot kvinnor (vilket ju f\u00f6rst\u00e5s ocks\u00e5 \u00e4r viktigt).<\/p>\n<p><a href=\"http:\/\/www.svd.se\/opinion\/brannpunkt\/utnyttjade-man-far-inte-hjalp_7293405.svd\">http:\/\/www.svd.se\/opinion\/brannpunkt\/utnyttjade-man-far-inte-hjalp_7293405.svd<\/a><\/p>\n<p>M\u00f6rkertalet \u00e4r antagligen mycket stort. Sj\u00e4lv kan jag p\u00e5 rak arm komma p\u00e5 tv\u00e5 m\u00e4n som jag k\u00e4nner och har k\u00e4nt, som blivit utsatta men som ocks\u00e5 har v\u00e5gat ber\u00e4tta om detta. Inte officiellt, men f\u00f6r sina v\u00e4nner. Jag vet att den h\u00e4r sortens \u00f6vergrepp leder till livsl\u00e5nga trauman och att ett manligt offer ofta k\u00e4nner att han inte kan v\u00e4nda sig n\u00e5gonstans.<\/p>\n","protected":false},"excerpt":{"rendered":"<p>\u00a0Bild fr\u00e5n Bundesregierung.de N\u00e5got \u00f6verraskande, men gl\u00e4djande, kunde vi i veckan l\u00e4sa i en debattartikel i Svenska Dagbladet om pojkar och m\u00e4n som uts\u00e4tts f\u00f6r sexbrott och den allm\u00e4nna blindhet som r\u00e5der ang\u00e5ende detta. Ett viktigt \u00e4mne, som n\u00e4stan helt &hellip; <a href=\"http:\/\/www.susannavaris.com\/blogg\/2012\/06\/manliga-sexbrottsoffer\/\">Forts\u00e4tt l\u00e4sa <span class=\"meta-nav\">&rarr;<\/span><\/a><\/p>\n","protected":false},"author":1,"featured_media":0,"comment_status":"open","ping_status":"open","sticky":false,"template":"","format":"standard","meta":{"footnotes":""},"categories":[181,259,1321,3,1162,1,590],"tags":[4899,4903,4918,1974,1761,1976,1975],"class_list":["post-6172","post","type-post","status-publish","format-standard","hentry","category-feminism","category-genusvetenskap","category-jamstalldhet","category-konst","category-kultur","category-okategoriserade","category-politik","tag-genus","tag-genusvetenskap","tag-jamstalldhet","tag-justitia","tag-man","tag-pojkar","tag-sexbrott"],"_links":{"self":[{"href":"http:\/\/www.susannavaris.com\/blogg\/wp-json\/wp\/v2\/posts\/6172","targetHints":{"allow":["GET"]}}],"collection":[{"href":"http:\/\/www.susannavaris.com\/blogg\/wp-json\/wp\/v2\/posts"}],"about":[{"href":"http:\/\/www.susannavaris.com\/blogg\/wp-json\/wp\/v2\/types\/post"}],"author":[{"embeddable":true,"href":"http:\/\/www.susannavaris.com\/blogg\/wp-json\/wp\/v2\/users\/1"}],"replies":[{"embeddable":true,"href":"http:\/\/www.susannavaris.com\/blogg\/wp-json\/wp\/v2\/comments?post=6172"}],"version-history":[{"count":6,"href":"http:\/\/www.susannavaris.com\/blogg\/wp-json\/wp\/v2\/posts\/6172\/revisions"}],"predecessor-version":[{"id":6179,"href":"http:\/\/www.susannavaris.com\/blogg\/wp-json\/wp\/v2\/posts\/6172\/revisions\/6179"}],"wp:attachment":[{"href":"http:\/\/www.susannavaris.com\/blogg\/wp-json\/wp\/v2\/media?parent=6172"}],"wp:term":[{"taxonomy":"category","embeddable":true,"href":"http:\/\/www.susannavaris.com\/blogg\/wp-json\/wp\/v2\/categories?post=6172"},{"taxonomy":"post_tag","embeddable":true,"href":"http:\/\/www.susannavaris.com\/blogg\/wp-json\/wp\/v2\/tags?post=6172"}],"curies":[{"name":"wp","href":"https:\/\/api.w.org\/{rel}","templated":true}]}}