{"id":6183,"date":"2012-06-24T17:22:43","date_gmt":"2012-06-24T15:22:43","guid":{"rendered":"http:\/\/www.susannavaris.com\/blogg\/?p=6183"},"modified":"2012-06-24T23:48:30","modified_gmt":"2012-06-24T21:48:30","slug":"blackface-i-konsten","status":"publish","type":"post","link":"http:\/\/www.susannavaris.com\/blogg\/2012\/06\/blackface-i-konsten\/","title":{"rendered":"Blackface i konsten"},"content":{"rendered":"<p>F\u00f6rresten \u00e4r Makode Linde inte den f\u00f6rsta att anv\u00e4nda sig av blackface-tematik i konsten. Till exempel Gottfried Helnwein har, b\u00e5de sj\u00e4lv och senare i samarbete med Marilyn Manson anv\u00e4nt sig av detta grepp. Marilyn Manson anv\u00e4nde sig av blackface i den visuella konsten kring albumet The Golden Age of Grotesque, vars tematik spinner kring l\u00e5g konst\/Entartete Kunst, nazistisk estetisk, sk\u00f6nhetsideal, pengar, pengar som fascism och en del annat. Allt om detta finns att l\u00e4sa p\u00e5 forumet Nachtkabarett:<\/p>\n<p style=\"text-align: center;\"><a href=\"http:\/\/www.nachtkabarett.com\/DegenerateArt\">http:\/\/www.nachtkabarett.com\/DegenerateArt<\/a><\/p>\n<p style=\"text-align: center;\"><a href=\"http:\/\/www.susannavaris.com\/blogg\/wp-content\/uploads\/2012\/06\/blackface2.jpg\"><img loading=\"lazy\" decoding=\"async\" class=\"aligncenter size-full wp-image-6184\" title=\"blackface2\" src=\"http:\/\/www.susannavaris.com\/blogg\/wp-content\/uploads\/2012\/06\/blackface2.jpg\" alt=\"\" width=\"576\" height=\"342\" srcset=\"http:\/\/www.susannavaris.com\/blogg\/wp-content\/uploads\/2012\/06\/blackface2.jpg 576w, http:\/\/www.susannavaris.com\/blogg\/wp-content\/uploads\/2012\/06\/blackface2-300x178.jpg 300w\" sizes=\"auto, (max-width: 576px) 100vw, 576px\" \/><\/a>\u00a0<a href=\"http:\/\/www.susannavaris.com\/blogg\/wp-content\/uploads\/2012\/06\/mansonblack.jpg\"><img loading=\"lazy\" decoding=\"async\" class=\"aligncenter size-full wp-image-6185\" title=\"mansonblack\" src=\"http:\/\/www.susannavaris.com\/blogg\/wp-content\/uploads\/2012\/06\/mansonblack.jpg\" alt=\"\" width=\"328\" height=\"504\" srcset=\"http:\/\/www.susannavaris.com\/blogg\/wp-content\/uploads\/2012\/06\/mansonblack.jpg 328w, http:\/\/www.susannavaris.com\/blogg\/wp-content\/uploads\/2012\/06\/mansonblack-195x300.jpg 195w\" sizes=\"auto, (max-width: 328px) 100vw, 328px\" \/><\/a>\u00a0<em>Fotona \u00e4r fr\u00e5n Nachtkabarett, Marilyn Manson\/Gottfried Helnwein<\/em><\/p>\n<p style=\"text-align: center;\"><a href=\"http:\/\/www.susannavaris.com\/blogg\/wp-content\/uploads\/2012\/06\/nk_degenerate_blackface_rodent2.jpg\"><img loading=\"lazy\" decoding=\"async\" class=\"aligncenter size-full wp-image-6186\" title=\"nk_degenerate_blackface_rodent2\" src=\"http:\/\/www.susannavaris.com\/blogg\/wp-content\/uploads\/2012\/06\/nk_degenerate_blackface_rodent2.jpg\" alt=\"\" width=\"281\" height=\"432\" srcset=\"http:\/\/www.susannavaris.com\/blogg\/wp-content\/uploads\/2012\/06\/nk_degenerate_blackface_rodent2.jpg 281w, http:\/\/www.susannavaris.com\/blogg\/wp-content\/uploads\/2012\/06\/nk_degenerate_blackface_rodent2-195x300.jpg 195w\" sizes=\"auto, (max-width: 281px) 100vw, 281px\" \/><\/a>\u00a0<a href=\"http:\/\/www.susannavaris.com\/blogg\/wp-content\/uploads\/2012\/06\/nk_degenerate_bwmickeys.jpg\"><img loading=\"lazy\" decoding=\"async\" class=\"aligncenter size-full wp-image-6187\" title=\"nk_degenerate_bwmickeys\" src=\"http:\/\/www.susannavaris.com\/blogg\/wp-content\/uploads\/2012\/06\/nk_degenerate_bwmickeys.jpg\" alt=\"\" width=\"800\" height=\"530\" srcset=\"http:\/\/www.susannavaris.com\/blogg\/wp-content\/uploads\/2012\/06\/nk_degenerate_bwmickeys.jpg 800w, http:\/\/www.susannavaris.com\/blogg\/wp-content\/uploads\/2012\/06\/nk_degenerate_bwmickeys-300x198.jpg 300w\" sizes=\"auto, (max-width: 800px) 100vw, 800px\" \/><\/a><\/p>\n<p style=\"text-align: center;\"><a href=\"http:\/\/www.svd.se\/kultur\/makode-slar-till-igen-i-kungstradgarden_7260311.svd\">http:\/\/www.svd.se\/kultur\/makode-slar-till-igen-i-kungstradgarden_7260311.svd<\/a><\/p>\n","protected":false},"excerpt":{"rendered":"<p>F\u00f6rresten \u00e4r Makode Linde inte den f\u00f6rsta att anv\u00e4nda sig av blackface-tematik i konsten. Till exempel Gottfried Helnwein har, b\u00e5de sj\u00e4lv och senare i samarbete med Marilyn Manson anv\u00e4nt sig av detta grepp. Marilyn Manson anv\u00e4nde sig av blackface i &hellip; <a href=\"http:\/\/www.susannavaris.com\/blogg\/2012\/06\/blackface-i-konsten\/\">Forts\u00e4tt l\u00e4sa <span class=\"meta-nav\">&rarr;<\/span><\/a><\/p>\n","protected":false},"author":1,"featured_media":0,"comment_status":"open","ping_status":"open","sticky":false,"template":"","format":"standard","meta":{"footnotes":""},"categories":[110,674,3,1162,12,994,1,590],"tags":[1846,1978,1689,1977,1651,16,1979,722],"class_list":["post-6183","post","type-post","status-publish","format-standard","hentry","category-foto","category-historia","category-konst","category-kultur","category-marilyn-manson","category-musik","category-okategoriserade","category-politik","tag-blackface","tag-fascism","tag-golden-age-of-grotesque","tag-gottfried-helnwein","tag-makode-linde","tag-marilyn-manson-2","tag-nachtkabarett","tag-rasism"],"_links":{"self":[{"href":"http:\/\/www.susannavaris.com\/blogg\/wp-json\/wp\/v2\/posts\/6183","targetHints":{"allow":["GET"]}}],"collection":[{"href":"http:\/\/www.susannavaris.com\/blogg\/wp-json\/wp\/v2\/posts"}],"about":[{"href":"http:\/\/www.susannavaris.com\/blogg\/wp-json\/wp\/v2\/types\/post"}],"author":[{"embeddable":true,"href":"http:\/\/www.susannavaris.com\/blogg\/wp-json\/wp\/v2\/users\/1"}],"replies":[{"embeddable":true,"href":"http:\/\/www.susannavaris.com\/blogg\/wp-json\/wp\/v2\/comments?post=6183"}],"version-history":[{"count":4,"href":"http:\/\/www.susannavaris.com\/blogg\/wp-json\/wp\/v2\/posts\/6183\/revisions"}],"predecessor-version":[{"id":6191,"href":"http:\/\/www.susannavaris.com\/blogg\/wp-json\/wp\/v2\/posts\/6183\/revisions\/6191"}],"wp:attachment":[{"href":"http:\/\/www.susannavaris.com\/blogg\/wp-json\/wp\/v2\/media?parent=6183"}],"wp:term":[{"taxonomy":"category","embeddable":true,"href":"http:\/\/www.susannavaris.com\/blogg\/wp-json\/wp\/v2\/categories?post=6183"},{"taxonomy":"post_tag","embeddable":true,"href":"http:\/\/www.susannavaris.com\/blogg\/wp-json\/wp\/v2\/tags?post=6183"}],"curies":[{"name":"wp","href":"https:\/\/api.w.org\/{rel}","templated":true}]}}