{"id":6208,"date":"2012-06-29T21:41:55","date_gmt":"2012-06-29T19:41:55","guid":{"rendered":"http:\/\/www.susannavaris.com\/blogg\/?p=6208"},"modified":"2012-06-29T21:41:55","modified_gmt":"2012-06-29T19:41:55","slug":"i-citybanans-tunnlar","status":"publish","type":"post","link":"http:\/\/www.susannavaris.com\/blogg\/2012\/06\/i-citybanans-tunnlar\/","title":{"rendered":"I Citybanans tunnlar"},"content":{"rendered":"<p>Idag var ett informationsm\u00f6te om Citybanan inbokat p\u00e5 Trafikverket. Det var tur att jag alls tog med mig kamera, eftersom jag inte visste att vi \u00e4ven skulle f\u00f6r\u00e4ras ett studiebes\u00f6k nere i tunnlarna, men jag hade g\u00e4rna haft den b\u00e4ttre apparaten.<\/p>\n<p style=\"text-align: center;\"><a href=\"http:\/\/www.susannavaris.com\/blogg\/wp-content\/uploads\/2012\/06\/001.jpg\"><img loading=\"lazy\" decoding=\"async\" class=\"aligncenter size-large wp-image-6209\" title=\"001\" src=\"http:\/\/www.susannavaris.com\/blogg\/wp-content\/uploads\/2012\/06\/001-660x1024.jpg\" alt=\"\" width=\"640\" height=\"992\" srcset=\"http:\/\/www.susannavaris.com\/blogg\/wp-content\/uploads\/2012\/06\/001-660x1024.jpg 660w, http:\/\/www.susannavaris.com\/blogg\/wp-content\/uploads\/2012\/06\/001-193x300.jpg 193w, http:\/\/www.susannavaris.com\/blogg\/wp-content\/uploads\/2012\/06\/001.jpg 1545w\" sizes=\"auto, (max-width: 640px) 100vw, 640px\" \/><\/a><em>\u00a0Kollegan Cecilia i tunnelmundering<\/em><\/p>\n<p style=\"text-align: center;\"><a href=\"http:\/\/www.susannavaris.com\/blogg\/wp-content\/uploads\/2012\/06\/003-501.jpg\"><img loading=\"lazy\" decoding=\"async\" class=\"aligncenter size-large wp-image-6210\" title=\"003-50\" src=\"http:\/\/www.susannavaris.com\/blogg\/wp-content\/uploads\/2012\/06\/003-501-1024x768.jpg\" alt=\"\" width=\"640\" height=\"480\" srcset=\"http:\/\/www.susannavaris.com\/blogg\/wp-content\/uploads\/2012\/06\/003-501-1024x768.jpg 1024w, http:\/\/www.susannavaris.com\/blogg\/wp-content\/uploads\/2012\/06\/003-501-300x225.jpg 300w, http:\/\/www.susannavaris.com\/blogg\/wp-content\/uploads\/2012\/06\/003-501.jpg 1408w\" sizes=\"auto, (max-width: 640px) 100vw, 640px\" \/><\/a>\u00a0<em>Sist jag spatserade h\u00e4r i liknande stass var v\u00e4l drygt 20 \u00e5r sedan , d\u00e5 vi fr\u00e5n V\u00e4g- och vattenbyggnad p\u00e5 KTH fick bes\u00f6ka Norra l\u00e4nkens tunnelspr\u00e4ngningar<\/em><\/p>\n<p style=\"text-align: center;\"><a href=\"http:\/\/www.susannavaris.com\/blogg\/wp-content\/uploads\/2012\/06\/004-501.jpg\"><img loading=\"lazy\" decoding=\"async\" class=\"aligncenter size-large wp-image-6211\" title=\"004-50\" src=\"http:\/\/www.susannavaris.com\/blogg\/wp-content\/uploads\/2012\/06\/004-501-768x1024.jpg\" alt=\"\" width=\"640\" height=\"853\" srcset=\"http:\/\/www.susannavaris.com\/blogg\/wp-content\/uploads\/2012\/06\/004-501-768x1024.jpg 768w, http:\/\/www.susannavaris.com\/blogg\/wp-content\/uploads\/2012\/06\/004-501-225x300.jpg 225w, http:\/\/www.susannavaris.com\/blogg\/wp-content\/uploads\/2012\/06\/004-501.jpg 1056w\" sizes=\"auto, (max-width: 640px) 100vw, 640px\" \/><\/a>\u00a0V\u00e5r grupp best\u00e5r av medarbetare fr\u00e5n Trafikverket, SL, Stockholmst\u00e5g, IVL och Ramb\u00f6ll&#8230;jag kanske gl\u00f6mmer n\u00e5gon nu.<\/p>\n<p style=\"text-align: center;\"><a href=\"http:\/\/www.susannavaris.com\/blogg\/wp-content\/uploads\/2012\/06\/005-crop.jpg\"><img loading=\"lazy\" decoding=\"async\" class=\"aligncenter size-large wp-image-6212\" title=\"005-crop\" src=\"http:\/\/www.susannavaris.com\/blogg\/wp-content\/uploads\/2012\/06\/005-crop-1024x994.jpg\" alt=\"\" width=\"640\" height=\"621\" srcset=\"http:\/\/www.susannavaris.com\/blogg\/wp-content\/uploads\/2012\/06\/005-crop-1024x994.jpg 1024w, http:\/\/www.susannavaris.com\/blogg\/wp-content\/uploads\/2012\/06\/005-crop-300x291.jpg 300w\" sizes=\"auto, (max-width: 640px) 100vw, 640px\" \/><\/a>\u00a0<em>Som sagt, fel kamera&#8230;<\/em><\/p>\n<p style=\"text-align: center;\"><a href=\"http:\/\/www.susannavaris.com\/blogg\/wp-content\/uploads\/2012\/06\/007-501.jpg\"><img loading=\"lazy\" decoding=\"async\" class=\"aligncenter size-large wp-image-6213\" title=\"007-50\" src=\"http:\/\/www.susannavaris.com\/blogg\/wp-content\/uploads\/2012\/06\/007-501-1024x768.jpg\" alt=\"\" width=\"640\" height=\"480\" srcset=\"http:\/\/www.susannavaris.com\/blogg\/wp-content\/uploads\/2012\/06\/007-501-1024x768.jpg 1024w, http:\/\/www.susannavaris.com\/blogg\/wp-content\/uploads\/2012\/06\/007-501-300x225.jpg 300w, http:\/\/www.susannavaris.com\/blogg\/wp-content\/uploads\/2012\/06\/007-501.jpg 1408w\" sizes=\"auto, (max-width: 640px) 100vw, 640px\" \/><\/a>\u00a0<em>Servicetunneln<\/em><\/p>\n<p style=\"text-align: center;\"><a href=\"http:\/\/www.susannavaris.com\/blogg\/wp-content\/uploads\/2012\/06\/009-501.jpg\"><img loading=\"lazy\" decoding=\"async\" class=\"aligncenter size-large wp-image-6214\" title=\"009-50\" src=\"http:\/\/www.susannavaris.com\/blogg\/wp-content\/uploads\/2012\/06\/009-501-1024x768.jpg\" alt=\"\" width=\"640\" height=\"480\" srcset=\"http:\/\/www.susannavaris.com\/blogg\/wp-content\/uploads\/2012\/06\/009-501-1024x768.jpg 1024w, http:\/\/www.susannavaris.com\/blogg\/wp-content\/uploads\/2012\/06\/009-501-300x225.jpg 300w, http:\/\/www.susannavaris.com\/blogg\/wp-content\/uploads\/2012\/06\/009-501.jpg 1408w\" sizes=\"auto, (max-width: 640px) 100vw, 640px\" \/><\/a>\u00a0<em>Mina kollegor till v\u00e4nster, Trafikverkets till h\u00f6ger<\/em><\/p>\n<p style=\"text-align: center;\"><a href=\"http:\/\/www.susannavaris.com\/blogg\/wp-content\/uploads\/2012\/06\/012-501.jpg\"><img loading=\"lazy\" decoding=\"async\" class=\"aligncenter size-large wp-image-6215\" title=\"012-50\" src=\"http:\/\/www.susannavaris.com\/blogg\/wp-content\/uploads\/2012\/06\/012-501-768x1024.jpg\" alt=\"\" width=\"640\" height=\"853\" srcset=\"http:\/\/www.susannavaris.com\/blogg\/wp-content\/uploads\/2012\/06\/012-501-768x1024.jpg 768w, http:\/\/www.susannavaris.com\/blogg\/wp-content\/uploads\/2012\/06\/012-501-225x300.jpg 225w, http:\/\/www.susannavaris.com\/blogg\/wp-content\/uploads\/2012\/06\/012-501.jpg 1056w\" sizes=\"auto, (max-width: 640px) 100vw, 640px\" \/><\/a>\u00a0<em>Tunnelmynningen d\u00e4r PEAB huserar, mot Tomteboda<\/em><\/p>\n<p style=\"text-align: center;\"><a href=\"http:\/\/www.susannavaris.com\/blogg\/wp-content\/uploads\/2012\/06\/013-501.jpg\"><img loading=\"lazy\" decoding=\"async\" class=\"aligncenter size-large wp-image-6216\" title=\"013-50\" src=\"http:\/\/www.susannavaris.com\/blogg\/wp-content\/uploads\/2012\/06\/013-501-768x1024.jpg\" alt=\"\" width=\"640\" height=\"853\" srcset=\"http:\/\/www.susannavaris.com\/blogg\/wp-content\/uploads\/2012\/06\/013-501-768x1024.jpg 768w, http:\/\/www.susannavaris.com\/blogg\/wp-content\/uploads\/2012\/06\/013-501-225x300.jpg 225w, http:\/\/www.susannavaris.com\/blogg\/wp-content\/uploads\/2012\/06\/013-501.jpg 1056w\" sizes=\"auto, (max-width: 640px) 100vw, 640px\" \/><\/a>\u00a0<em>Jag i tunnelm\u00f6rkret<\/em><\/p>\n<p style=\"text-align: center;\"><a href=\"http:\/\/www.susannavaris.com\/blogg\/wp-content\/uploads\/2012\/06\/014-crop.jpg\"><img loading=\"lazy\" decoding=\"async\" class=\"aligncenter size-large wp-image-6217\" title=\"014-crop\" src=\"http:\/\/www.susannavaris.com\/blogg\/wp-content\/uploads\/2012\/06\/014-crop-1024x696.jpg\" alt=\"\" width=\"640\" height=\"435\" srcset=\"http:\/\/www.susannavaris.com\/blogg\/wp-content\/uploads\/2012\/06\/014-crop-1024x696.jpg 1024w, http:\/\/www.susannavaris.com\/blogg\/wp-content\/uploads\/2012\/06\/014-crop-300x204.jpg 300w, http:\/\/www.susannavaris.com\/blogg\/wp-content\/uploads\/2012\/06\/014-crop.jpg 1452w\" sizes=\"auto, (max-width: 640px) 100vw, 640px\" \/><\/a>\u00a0<em>De tyska tunnelarbetarna har som vana att d\u00f6pa tunnlar som byggs.<\/em><\/p>\n<p style=\"text-align: center;\">Vi fick \u00e4ven ta del av lite kuriosa under dagen. Bland annat har Karolinska Institutet och deras f\u00f6rs\u00f6ksdjur sk\u00e4nkt ett par konstverk i form av plattor p\u00e5 v\u00e4ggen som tack f\u00f6r ett gott samarbete med varningar f\u00f6re spr\u00e4ngningarna. Djuren har kunnat bli f\u00f6rvarnade och har p\u00e5 s\u00e5 vis inte blivit lika stressade.<\/p>\n<p style=\"text-align: center;\">Tyska tunnelarbetare har allts\u00e5 som vana att d\u00f6pa de p\u00e5g\u00e5ende tunnlarna. Man h\u00e5ller ocks\u00e5 en ceremoni 4. december till \u00e4ra f\u00f6r tunnelarbetarnas skyddshelgon Sankta Barbara.<\/p>\n<p style=\"text-align: center;\"><a href=\"http:\/\/www.susannavaris.com\/blogg\/wp-content\/uploads\/2012\/06\/st-barbara-crushing-her-infidel-father.jpg\"><img loading=\"lazy\" decoding=\"async\" class=\"aligncenter size-large wp-image-6219\" title=\"st-barbara-crushing-her-infidel-father\" src=\"http:\/\/www.susannavaris.com\/blogg\/wp-content\/uploads\/2012\/06\/st-barbara-crushing-her-infidel-father-704x1024.jpg\" alt=\"\" width=\"640\" height=\"930\" srcset=\"http:\/\/www.susannavaris.com\/blogg\/wp-content\/uploads\/2012\/06\/st-barbara-crushing-her-infidel-father-704x1024.jpg 704w, http:\/\/www.susannavaris.com\/blogg\/wp-content\/uploads\/2012\/06\/st-barbara-crushing-her-infidel-father-206x300.jpg 206w, http:\/\/www.susannavaris.com\/blogg\/wp-content\/uploads\/2012\/06\/st-barbara-crushing-her-infidel-father.jpg 900w\" sizes=\"auto, (max-width: 640px) 100vw, 640px\" \/><\/a>\u00a0<em>S:ta Barbara Crushing Her Infidel Father, Domenico Ghirlandaio 1473<\/em><\/p>\n<p style=\"text-align: center;\"><a href=\"http:\/\/www.susannavaris.com\/blogg\/wp-content\/uploads\/2012\/06\/heilige_barbara.jpg\"><img loading=\"lazy\" decoding=\"async\" class=\"aligncenter size-full wp-image-6220\" title=\"heilige_barbara\" src=\"http:\/\/www.susannavaris.com\/blogg\/wp-content\/uploads\/2012\/06\/heilige_barbara.jpg\" alt=\"\" width=\"419\" height=\"550\" srcset=\"http:\/\/www.susannavaris.com\/blogg\/wp-content\/uploads\/2012\/06\/heilige_barbara.jpg 419w, http:\/\/www.susannavaris.com\/blogg\/wp-content\/uploads\/2012\/06\/heilige_barbara-228x300.jpg 228w\" sizes=\"auto, (max-width: 419px) 100vw, 419px\" \/><\/a>\u00a0<em>Sankta Barbara, Lucas Cranach d\u00e4<\/em><\/p>\n","protected":false},"excerpt":{"rendered":"<p>Idag var ett informationsm\u00f6te om Citybanan inbokat p\u00e5 Trafikverket. Det var tur att jag alls tog med mig kamera, eftersom jag inte visste att vi \u00e4ven skulle f\u00f6r\u00e4ras ett studiebes\u00f6k nere i tunnlarna, men jag hade g\u00e4rna haft den b\u00e4ttre &hellip; <a href=\"http:\/\/www.susannavaris.com\/blogg\/2012\/06\/i-citybanans-tunnlar\/\">Forts\u00e4tt l\u00e4sa <span class=\"meta-nav\">&rarr;<\/span><\/a><\/p>\n","protected":false},"author":1,"featured_media":0,"comment_status":"open","ping_status":"open","sticky":false,"template":"","format":"standard","meta":{"footnotes":""},"categories":[114,674,3,1162,1,303,1060,889,117],"tags":[1529,1991,1989,1923,1987,1990,1524,1525,1988,1986],"class_list":["post-6208","post","type-post","status-publish","format-standard","hentry","category-en-vanlig-dag-pa-jobbet","category-historia","category-konst","category-kultur","category-okategoriserade","category-religion","category-samhallsplanering","category-teknik","category-vetenskap","tag-citybanan","tag-domenico-ghirlandaio","tag-karolinska-institutet","tag-lucas-cranach","tag-norra-bangarden","tag-santa-barbara","tag-skyddsombud","tag-skyddsombudsmote","tag-tomteboda","tag-trafikverket"],"_links":{"self":[{"href":"http:\/\/www.susannavaris.com\/blogg\/wp-json\/wp\/v2\/posts\/6208","targetHints":{"allow":["GET"]}}],"collection":[{"href":"http:\/\/www.susannavaris.com\/blogg\/wp-json\/wp\/v2\/posts"}],"about":[{"href":"http:\/\/www.susannavaris.com\/blogg\/wp-json\/wp\/v2\/types\/post"}],"author":[{"embeddable":true,"href":"http:\/\/www.susannavaris.com\/blogg\/wp-json\/wp\/v2\/users\/1"}],"replies":[{"embeddable":true,"href":"http:\/\/www.susannavaris.com\/blogg\/wp-json\/wp\/v2\/comments?post=6208"}],"version-history":[{"count":3,"href":"http:\/\/www.susannavaris.com\/blogg\/wp-json\/wp\/v2\/posts\/6208\/revisions"}],"predecessor-version":[{"id":6222,"href":"http:\/\/www.susannavaris.com\/blogg\/wp-json\/wp\/v2\/posts\/6208\/revisions\/6222"}],"wp:attachment":[{"href":"http:\/\/www.susannavaris.com\/blogg\/wp-json\/wp\/v2\/media?parent=6208"}],"wp:term":[{"taxonomy":"category","embeddable":true,"href":"http:\/\/www.susannavaris.com\/blogg\/wp-json\/wp\/v2\/categories?post=6208"},{"taxonomy":"post_tag","embeddable":true,"href":"http:\/\/www.susannavaris.com\/blogg\/wp-json\/wp\/v2\/tags?post=6208"}],"curies":[{"name":"wp","href":"https:\/\/api.w.org\/{rel}","templated":true}]}}