{"id":6223,"date":"2012-06-29T21:47:19","date_gmt":"2012-06-29T19:47:19","guid":{"rendered":"http:\/\/www.susannavaris.com\/blogg\/?p=6223"},"modified":"2012-06-29T21:47:19","modified_gmt":"2012-06-29T19:47:19","slug":"bowie-portrattet-ar-klart","status":"publish","type":"post","link":"http:\/\/www.susannavaris.com\/blogg\/2012\/06\/bowie-portrattet-ar-klart\/","title":{"rendered":"Bowie-portr\u00e4ttet \u00e4r klart"},"content":{"rendered":"<p>Efter mycken m\u00f6da och stort arbete \u00e4r nu Bowie-portr\u00e4ttet, Golden Circle, klar. Jag vet inte om jag kommer att g\u00f6ra n\u00e5gon mer \u00e4ndring, jag \u00e4r lite tveksam p\u00e5 ett par detaljer&#8230;<\/p>\n<p style=\"text-align: center;\"><a href=\"http:\/\/www.susannavaris.com\/blogg\/wp-content\/uploads\/2012\/06\/Golden-Circle-50-text.jpg\"><img loading=\"lazy\" decoding=\"async\" class=\"aligncenter size-large wp-image-6224\" title=\"Golden Circle-50-text\" src=\"http:\/\/www.susannavaris.com\/blogg\/wp-content\/uploads\/2012\/06\/Golden-Circle-50-text-720x1024.jpg\" alt=\"\" width=\"640\" height=\"910\" srcset=\"http:\/\/www.susannavaris.com\/blogg\/wp-content\/uploads\/2012\/06\/Golden-Circle-50-text-720x1024.jpg 720w, http:\/\/www.susannavaris.com\/blogg\/wp-content\/uploads\/2012\/06\/Golden-Circle-50-text-211x300.jpg 211w, http:\/\/www.susannavaris.com\/blogg\/wp-content\/uploads\/2012\/06\/Golden-Circle-50-text.jpg 1295w\" sizes=\"auto, (max-width: 640px) 100vw, 640px\" \/><\/a>\u00a0<em>Golden Circle, water color 2012<\/em><\/p>\n<p style=\"text-align: center;\">S\u00e5 h\u00e4r gick det till, lite snabbspolat:<\/p>\n<p style=\"text-align: center;\"><a href=\"http:\/\/www.susannavaris.com\/blogg\/wp-content\/uploads\/2012\/06\/DSC_0112-50.jpg\"><img loading=\"lazy\" decoding=\"async\" class=\"aligncenter size-large wp-image-6225\" title=\"DSC_0112-50\" src=\"http:\/\/www.susannavaris.com\/blogg\/wp-content\/uploads\/2012\/06\/DSC_0112-50-1024x682.jpg\" alt=\"\" width=\"640\" height=\"426\" srcset=\"http:\/\/www.susannavaris.com\/blogg\/wp-content\/uploads\/2012\/06\/DSC_0112-50-1024x682.jpg 1024w, http:\/\/www.susannavaris.com\/blogg\/wp-content\/uploads\/2012\/06\/DSC_0112-50-300x200.jpg 300w\" sizes=\"auto, (max-width: 640px) 100vw, 640px\" \/><\/a>\u00a0<a href=\"http:\/\/www.susannavaris.com\/blogg\/wp-content\/uploads\/2012\/06\/DSC_0113-50.jpg\"><img loading=\"lazy\" decoding=\"async\" class=\"aligncenter size-large wp-image-6226\" title=\"DSC_0113-50\" src=\"http:\/\/www.susannavaris.com\/blogg\/wp-content\/uploads\/2012\/06\/DSC_0113-50-1024x682.jpg\" alt=\"\" width=\"640\" height=\"426\" srcset=\"http:\/\/www.susannavaris.com\/blogg\/wp-content\/uploads\/2012\/06\/DSC_0113-50-1024x682.jpg 1024w, http:\/\/www.susannavaris.com\/blogg\/wp-content\/uploads\/2012\/06\/DSC_0113-50-300x200.jpg 300w\" sizes=\"auto, (max-width: 640px) 100vw, 640px\" \/><\/a>\u00a0<a href=\"http:\/\/www.susannavaris.com\/blogg\/wp-content\/uploads\/2012\/06\/DSC_0114-50.jpg\"><img loading=\"lazy\" decoding=\"async\" class=\"aligncenter size-large wp-image-6227\" title=\"DSC_0114-50\" src=\"http:\/\/www.susannavaris.com\/blogg\/wp-content\/uploads\/2012\/06\/DSC_0114-50-1024x682.jpg\" alt=\"\" width=\"640\" height=\"426\" srcset=\"http:\/\/www.susannavaris.com\/blogg\/wp-content\/uploads\/2012\/06\/DSC_0114-50-1024x682.jpg 1024w, http:\/\/www.susannavaris.com\/blogg\/wp-content\/uploads\/2012\/06\/DSC_0114-50-300x200.jpg 300w\" sizes=\"auto, (max-width: 640px) 100vw, 640px\" \/><\/a><\/p>\n","protected":false},"excerpt":{"rendered":"<p>Efter mycken m\u00f6da och stort arbete \u00e4r nu Bowie-portr\u00e4ttet, Golden Circle, klar. Jag vet inte om jag kommer att g\u00f6ra n\u00e5gon mer \u00e4ndring, jag \u00e4r lite tveksam p\u00e5 ett par detaljer&#8230; \u00a0Golden Circle, water color 2012 S\u00e5 h\u00e4r gick det &hellip; <a href=\"http:\/\/www.susannavaris.com\/blogg\/2012\/06\/bowie-portrattet-ar-klart\/\">Forts\u00e4tt l\u00e4sa <span class=\"meta-nav\">&rarr;<\/span><\/a><\/p>\n","protected":false},"author":1,"featured_media":0,"comment_status":"open","ping_status":"open","sticky":false,"template":"","format":"standard","meta":{"footnotes":""},"categories":[7,3,1162,994,1],"tags":[31,73,1993,17,1992,1215,1852,295,837],"class_list":["post-6223","post","type-post","status-publish","format-standard","hentry","category-egna-verk","category-konst","category-kultur","category-musik","category-okategoriserade","tag-akvarell","tag-david-bowie","tag-golden-circle","tag-konst-2","tag-konstverk","tag-malning","tag-portratt","tag-water-color","tag-water-colour"],"_links":{"self":[{"href":"http:\/\/www.susannavaris.com\/blogg\/wp-json\/wp\/v2\/posts\/6223","targetHints":{"allow":["GET"]}}],"collection":[{"href":"http:\/\/www.susannavaris.com\/blogg\/wp-json\/wp\/v2\/posts"}],"about":[{"href":"http:\/\/www.susannavaris.com\/blogg\/wp-json\/wp\/v2\/types\/post"}],"author":[{"embeddable":true,"href":"http:\/\/www.susannavaris.com\/blogg\/wp-json\/wp\/v2\/users\/1"}],"replies":[{"embeddable":true,"href":"http:\/\/www.susannavaris.com\/blogg\/wp-json\/wp\/v2\/comments?post=6223"}],"version-history":[{"count":2,"href":"http:\/\/www.susannavaris.com\/blogg\/wp-json\/wp\/v2\/posts\/6223\/revisions"}],"predecessor-version":[{"id":6229,"href":"http:\/\/www.susannavaris.com\/blogg\/wp-json\/wp\/v2\/posts\/6223\/revisions\/6229"}],"wp:attachment":[{"href":"http:\/\/www.susannavaris.com\/blogg\/wp-json\/wp\/v2\/media?parent=6223"}],"wp:term":[{"taxonomy":"category","embeddable":true,"href":"http:\/\/www.susannavaris.com\/blogg\/wp-json\/wp\/v2\/categories?post=6223"},{"taxonomy":"post_tag","embeddable":true,"href":"http:\/\/www.susannavaris.com\/blogg\/wp-json\/wp\/v2\/tags?post=6223"}],"curies":[{"name":"wp","href":"https:\/\/api.w.org\/{rel}","templated":true}]}}