{"id":6241,"date":"2012-07-01T12:30:33","date_gmt":"2012-07-01T10:30:33","guid":{"rendered":"http:\/\/www.susannavaris.com\/blogg\/?p=6241"},"modified":"2012-07-01T12:30:33","modified_gmt":"2012-07-01T10:30:33","slug":"air-force-och-kristallkulan","status":"publish","type":"post","link":"http:\/\/www.susannavaris.com\/blogg\/2012\/07\/air-force-och-kristallkulan\/","title":{"rendered":"Air Force och kristallkulan"},"content":{"rendered":"<p>Ja, det \u00e4r fr\u00e5n en kv\u00e4llstidning och ja, det \u00e4r uppgifter fr\u00e5n en desert\u00f6r, men ganska roligt\/skr\u00e4mmande \u00e4nd\u00e5&#8230;<\/p>\n<p><a href=\"http:\/\/www.susannavaris.com\/blogg\/wp-content\/uploads\/2012\/07\/IMAG0217.jpg\"><img loading=\"lazy\" decoding=\"async\" class=\"aligncenter size-full wp-image-6242\" title=\"IMAG0217\" src=\"http:\/\/www.susannavaris.com\/blogg\/wp-content\/uploads\/2012\/07\/IMAG0217.jpg\" alt=\"\" width=\"288\" height=\"480\" srcset=\"http:\/\/www.susannavaris.com\/blogg\/wp-content\/uploads\/2012\/07\/IMAG0217.jpg 288w, http:\/\/www.susannavaris.com\/blogg\/wp-content\/uploads\/2012\/07\/IMAG0217-180x300.jpg 180w\" sizes=\"auto, (max-width: 288px) 100vw, 288px\" \/><\/a><\/p>\n<p>Air Force p\u00e5st\u00e5s allts\u00e5 ha anlitat ett medium f\u00f6r att lokalisera denne desert\u00f6r, David Hemler. Inte alltf\u00f6r l\u00e4nge sedan anlitade v\u00e4l en polismydighet i Svedala en sp\u00e5dam f\u00f6r att hitta&#8230;var det en f\u00f6rsvunnen person&#8230;?<\/p>\n<p>I grunden \u00e4r det f\u00f6rst\u00e5s skr\u00e4mmande om skattemedel kastas bort p\u00e5 kvacksalveri \u00e5r 2012.<\/p>\n<p>&nbsp;<\/p>\n","protected":false},"excerpt":{"rendered":"<p>Ja, det \u00e4r fr\u00e5n en kv\u00e4llstidning och ja, det \u00e4r uppgifter fr\u00e5n en desert\u00f6r, men ganska roligt\/skr\u00e4mmande \u00e4nd\u00e5&#8230; Air Force p\u00e5st\u00e5s allts\u00e5 ha anlitat ett medium f\u00f6r att lokalisera denne desert\u00f6r, David Hemler. Inte alltf\u00f6r l\u00e4nge sedan anlitade v\u00e4l en &hellip; <a href=\"http:\/\/www.susannavaris.com\/blogg\/2012\/07\/air-force-och-kristallkulan\/\">Forts\u00e4tt l\u00e4sa <span class=\"meta-nav\">&rarr;<\/span><\/a><\/p>\n","protected":false},"author":1,"featured_media":0,"comment_status":"open","ping_status":"open","sticky":false,"template":"","format":"standard","meta":{"footnotes":""},"categories":[589,1,403],"tags":[1999,2001,411,2002,2004,2003,2000],"class_list":["post-6241","post","type-post","status-publish","format-standard","hentry","category-medier","category-okategoriserade","category-pseudovetenskap","tag-air-force","tag-david-hemler","tag-kvacksalveri","tag-medium","tag-polisen","tag-spagumma","tag-usa"],"_links":{"self":[{"href":"http:\/\/www.susannavaris.com\/blogg\/wp-json\/wp\/v2\/posts\/6241","targetHints":{"allow":["GET"]}}],"collection":[{"href":"http:\/\/www.susannavaris.com\/blogg\/wp-json\/wp\/v2\/posts"}],"about":[{"href":"http:\/\/www.susannavaris.com\/blogg\/wp-json\/wp\/v2\/types\/post"}],"author":[{"embeddable":true,"href":"http:\/\/www.susannavaris.com\/blogg\/wp-json\/wp\/v2\/users\/1"}],"replies":[{"embeddable":true,"href":"http:\/\/www.susannavaris.com\/blogg\/wp-json\/wp\/v2\/comments?post=6241"}],"version-history":[{"count":2,"href":"http:\/\/www.susannavaris.com\/blogg\/wp-json\/wp\/v2\/posts\/6241\/revisions"}],"predecessor-version":[{"id":6244,"href":"http:\/\/www.susannavaris.com\/blogg\/wp-json\/wp\/v2\/posts\/6241\/revisions\/6244"}],"wp:attachment":[{"href":"http:\/\/www.susannavaris.com\/blogg\/wp-json\/wp\/v2\/media?parent=6241"}],"wp:term":[{"taxonomy":"category","embeddable":true,"href":"http:\/\/www.susannavaris.com\/blogg\/wp-json\/wp\/v2\/categories?post=6241"},{"taxonomy":"post_tag","embeddable":true,"href":"http:\/\/www.susannavaris.com\/blogg\/wp-json\/wp\/v2\/tags?post=6241"}],"curies":[{"name":"wp","href":"https:\/\/api.w.org\/{rel}","templated":true}]}}