{"id":6245,"date":"2012-07-01T21:24:22","date_gmt":"2012-07-01T19:24:22","guid":{"rendered":"http:\/\/www.susannavaris.com\/blogg\/?p=6245"},"modified":"2012-07-01T21:24:36","modified_gmt":"2012-07-01T19:24:36","slug":"1-juli-2012","status":"publish","type":"post","link":"http:\/\/www.susannavaris.com\/blogg\/2012\/07\/1-juli-2012\/","title":{"rendered":"1 juli 2012"},"content":{"rendered":"<p>Det har varit en ledig dag idag. Jag har sovit gott, \u00e4tit frukost i lugn och ro, legat p\u00e5 balkongen bland blommorna och druckit kaffe till morgontidningen, \u00e4tit rester till lunch, g\u00e5tt en l\u00e5ngpromenad&#8230;diskat och tv\u00e4ttat lite, skrivit lite h\u00e4r p\u00e5 bloggen. Det har varit underbart lugnt och avslappnande.<\/p>\n<p style=\"text-align: center;\"><a href=\"http:\/\/www.susannavaris.com\/blogg\/wp-content\/uploads\/2012\/07\/001-50.jpg\"><img loading=\"lazy\" decoding=\"async\" class=\"aligncenter size-large wp-image-6246\" title=\"001-50\" src=\"http:\/\/www.susannavaris.com\/blogg\/wp-content\/uploads\/2012\/07\/001-50-768x1024.jpg\" alt=\"\" width=\"640\" height=\"853\" srcset=\"http:\/\/www.susannavaris.com\/blogg\/wp-content\/uploads\/2012\/07\/001-50-768x1024.jpg 768w, http:\/\/www.susannavaris.com\/blogg\/wp-content\/uploads\/2012\/07\/001-50-225x300.jpg 225w, http:\/\/www.susannavaris.com\/blogg\/wp-content\/uploads\/2012\/07\/001-50.jpg 1056w\" sizes=\"auto, (max-width: 640px) 100vw, 640px\" \/><\/a>\u00a0<em>Under promenaden uppt\u00e4ckte jag pl\u00f6tsligt n\u00e5got som stod och stirrade p\u00e5 mig i backen&#8230;(avdelning &#8221;hitta r\u00e5djuret i bilden&#8221;)<\/em><\/p>\n<p style=\"text-align: center;\">Jo, det finns ett r\u00e5djur d\u00e4r. Det syns n\u00e5got b\u00e4ttre p\u00e5 den h\u00e4r bilden. (Beh\u00f6ver jag n\u00e4mna att det h\u00e4r \u00e4r shittykompakten igen?)<\/p>\n<p style=\"text-align: center;\"><a href=\"http:\/\/www.susannavaris.com\/blogg\/wp-content\/uploads\/2012\/07\/002-50.jpg\"><img loading=\"lazy\" decoding=\"async\" class=\"aligncenter size-large wp-image-6247\" title=\"002-50\" src=\"http:\/\/www.susannavaris.com\/blogg\/wp-content\/uploads\/2012\/07\/002-50-1024x768.jpg\" alt=\"\" width=\"640\" height=\"480\" srcset=\"http:\/\/www.susannavaris.com\/blogg\/wp-content\/uploads\/2012\/07\/002-50-1024x768.jpg 1024w, http:\/\/www.susannavaris.com\/blogg\/wp-content\/uploads\/2012\/07\/002-50-300x225.jpg 300w, http:\/\/www.susannavaris.com\/blogg\/wp-content\/uploads\/2012\/07\/002-50.jpg 1408w\" sizes=\"auto, (max-width: 640px) 100vw, 640px\" \/><\/a>\u00a0Lite inzoomat:<\/p>\n<p style=\"text-align: center;\"><a href=\"http:\/\/www.susannavaris.com\/blogg\/wp-content\/uploads\/2012\/07\/002-crop.jpg\"><img loading=\"lazy\" decoding=\"async\" class=\"aligncenter size-full wp-image-6248\" title=\"002-crop\" src=\"http:\/\/www.susannavaris.com\/blogg\/wp-content\/uploads\/2012\/07\/002-crop.jpg\" alt=\"\" width=\"797\" height=\"512\" srcset=\"http:\/\/www.susannavaris.com\/blogg\/wp-content\/uploads\/2012\/07\/002-crop.jpg 797w, http:\/\/www.susannavaris.com\/blogg\/wp-content\/uploads\/2012\/07\/002-crop-300x192.jpg 300w\" sizes=\"auto, (max-width: 797px) 100vw, 797px\" \/><\/a>\u00a0<em>I dagens Svd st\u00e5r att l\u00e4sa att &#8221;Forskare har funnit att fysisk aktivitet i naturen \u00e4r den b\u00e4sta tr\u00e4ningen f\u00f6r den mentala h\u00e4lsan&#8221;. Det har jag funnit f\u00f6r l\u00e4nge sedan. Annat \u00e4r det med tidningsl\u00e4sandet i dessa dagar&#8230;<\/em><\/p>\n","protected":false},"excerpt":{"rendered":"<p>Det har varit en ledig dag idag. Jag har sovit gott, \u00e4tit frukost i lugn och ro, legat p\u00e5 balkongen bland blommorna och druckit kaffe till morgontidningen, \u00e4tit rester till lunch, g\u00e5tt en l\u00e5ngpromenad&#8230;diskat och tv\u00e4ttat lite, skrivit lite h\u00e4r &hellip; <a href=\"http:\/\/www.susannavaris.com\/blogg\/2012\/07\/1-juli-2012\/\">Forts\u00e4tt l\u00e4sa <span class=\"meta-nav\">&rarr;<\/span><\/a><\/p>\n","protected":false},"author":1,"featured_media":0,"comment_status":"open","ping_status":"open","sticky":false,"template":"","format":"standard","meta":{"footnotes":""},"categories":[589,1],"tags":[2006,845,2005,852],"class_list":["post-6245","post","type-post","status-publish","format-standard","hentry","category-medier","category-okategoriserade","tag-natur","tag-promenad","tag-radjur","tag-traning"],"_links":{"self":[{"href":"http:\/\/www.susannavaris.com\/blogg\/wp-json\/wp\/v2\/posts\/6245","targetHints":{"allow":["GET"]}}],"collection":[{"href":"http:\/\/www.susannavaris.com\/blogg\/wp-json\/wp\/v2\/posts"}],"about":[{"href":"http:\/\/www.susannavaris.com\/blogg\/wp-json\/wp\/v2\/types\/post"}],"author":[{"embeddable":true,"href":"http:\/\/www.susannavaris.com\/blogg\/wp-json\/wp\/v2\/users\/1"}],"replies":[{"embeddable":true,"href":"http:\/\/www.susannavaris.com\/blogg\/wp-json\/wp\/v2\/comments?post=6245"}],"version-history":[{"count":3,"href":"http:\/\/www.susannavaris.com\/blogg\/wp-json\/wp\/v2\/posts\/6245\/revisions"}],"predecessor-version":[{"id":6251,"href":"http:\/\/www.susannavaris.com\/blogg\/wp-json\/wp\/v2\/posts\/6245\/revisions\/6251"}],"wp:attachment":[{"href":"http:\/\/www.susannavaris.com\/blogg\/wp-json\/wp\/v2\/media?parent=6245"}],"wp:term":[{"taxonomy":"category","embeddable":true,"href":"http:\/\/www.susannavaris.com\/blogg\/wp-json\/wp\/v2\/categories?post=6245"},{"taxonomy":"post_tag","embeddable":true,"href":"http:\/\/www.susannavaris.com\/blogg\/wp-json\/wp\/v2\/tags?post=6245"}],"curies":[{"name":"wp","href":"https:\/\/api.w.org\/{rel}","templated":true}]}}