{"id":6286,"date":"2012-07-06T20:04:00","date_gmt":"2012-07-06T18:04:00","guid":{"rendered":"http:\/\/www.susannavaris.com\/blogg\/?p=6286"},"modified":"2012-07-06T20:04:00","modified_gmt":"2012-07-06T18:04:00","slug":"cyklar-i-t-banan","status":"publish","type":"post","link":"http:\/\/www.susannavaris.com\/blogg\/2012\/07\/cyklar-i-t-banan\/","title":{"rendered":"Cyklar i t-banan?"},"content":{"rendered":"<p style=\"text-align: center;\"><a href=\"http:\/\/www.susannavaris.com\/blogg\/wp-content\/uploads\/2012\/07\/stella_fare683.jpg\"><img loading=\"lazy\" decoding=\"async\" class=\"aligncenter size-full wp-image-6288\" title=\"stella_fare683\" src=\"http:\/\/www.susannavaris.com\/blogg\/wp-content\/uploads\/2012\/07\/stella_fare683.jpg\" alt=\"\" width=\"683\" height=\"430\" srcset=\"http:\/\/www.susannavaris.com\/blogg\/wp-content\/uploads\/2012\/07\/stella_fare683.jpg 683w, http:\/\/www.susannavaris.com\/blogg\/wp-content\/uploads\/2012\/07\/stella_fare683-300x188.jpg 300w\" sizes=\"auto, (max-width: 683px) 100vw, 683px\" \/><\/a><em>\u00a0Stella Fare<\/em><\/p>\n<p>\u00a0Med det s\u00e4kerhetst\u00e4nk som cyklisterna uppvisar ovan jord i Stockholm skulle jag inte direkt rekommendera att \u00f6verf\u00f6ra problematiken under jord och in i tunnelbanetrafiken.<\/p>\n<p><a href=\"http:\/\/www.dn.se\/sthlm\/facit-efter-insatsveckan-1000-aggressiva-forare\">http:\/\/www.dn.se\/sthlm\/facit-efter-insatsveckan-1000-aggressiva-forare<\/a><\/p>\n<p>Cyklar f\u00f6rekommer p\u00e5 pendelt\u00e5gen idag och d\u00e4r kan man varje dag besk\u00e5da m\u00e4nniskor som cyklar p\u00e5 plattformar (inte bara tomma och breda s\u00e5dana), cyklar in i t\u00e5g, cyklar in p\u00e5 stationer, cyklar i v\u00e5dlig hastighet, utan att bekymra sig om att utrymmet p\u00e5 en plattform (d\u00e4r det f\u00f6r \u00f6vrigt \u00e4r f\u00f6rbjudet att cykla) \u00e4r begr\u00e4nsat och att ett t\u00e5g n\u00e4r som helst kan komma (inga marginaler f\u00f6r misstag). Samma g\u00e4ller f\u00f6r \u00f6vrigt skateboard och sparkcykel; f\u00f6rbjudet att anv\u00e4nda p\u00e5 plattformar.<\/p>\n<p>Sj\u00e4lvklart sk\u00f6ter sig en stor del av b\u00e5de bilister, cyklister och g\u00e5ngtrafikanter, men de \u00e4r de som inte sk\u00f6ter sig som dels m\u00e4rks och dels kan st\u00e4lla till med olyckor \u00e4ven f\u00f6r andra \u00e4n sig sj\u00e4lva.<\/p>\n<p>Stella Fare g\u00e5r i dagens DN ut med ambitionen att f\u00e5 in cyklarna i tunnelbanan och p\u00e5 \u00e4nnu fler pendelt\u00e5g. Visst, cykling \u00e4r milj\u00f6v\u00e4nligt och bra, men har fru Fare n\u00e5gon uppfattning om hur s\u00e4kerheten i t\u00e5gtrafiken b\u00f6r se ut? Hur f\u00f6resl\u00e5r fru Fare att man till exempel l\u00f6ser en evakueringssituation, d\u00e4r det kan vara m\u00f6rkt, kanske r\u00f6kfyllt, d\u00e4r det kanske saknas en plattform utanf\u00f6r, om vagnarna \u00e4r igenproppade med cyklar kors och tv\u00e4rs? K\u00e4nner fru Fare till att man t ex inte p\u00e5 m\u00e5nga h\u00e5ll f\u00e5r f\u00f6rvara skrymmande saker i trapphus eftersom r\u00e4ddningspersonal och m\u00e4nniskor m\u00e5ste kunna komma fram i en n\u00f6dsituation? Desto viktigare under jord och i ett tunnelbane- eller pendelt\u00e5g.<\/p>\n<p>Om cyklar ska till\u00e5tas p\u00e5 tunnelbanan och p\u00e5 fler pendelt\u00e5g m\u00e5ste stationer, uppg\u00e5ngar och t\u00e5gvagnar vara anpassade f\u00f6r detta. Det skulle p\u00e5 m\u00e5nga h\u00e5ll kr\u00e4vas en fullst\u00e4ndig ombyggnad av stationsmilj\u00f6n. Om man \u00e4r beredd att g\u00f6ra dessa investeringar, s\u00e5 visst, g\u00e4rna f\u00f6r mig.<\/p>\n<p>Dagens artikel finns inte p\u00e5 n\u00e4tet, men jag fann en annan, \u00e4ldre p\u00e5 samma tema:<\/p>\n<p><a href=\"http:\/\/www.dn.se\/sthlm\/krav-pa-plats-for-cykel-nar-sl-koper-nya-t-banevagnar\">http:\/\/www.dn.se\/sthlm\/krav-pa-plats-for-cykel-nar-sl-koper-nya-t-banevagnar<\/a><\/p>\n<p>S\u00e4kerheten \u00e4r tydligen bara ett svepsk\u00e4l, enligt Fare.<\/p>\n<p>&nbsp;<\/p>\n","protected":false},"excerpt":{"rendered":"<p>\u00a0Stella Fare \u00a0Med det s\u00e4kerhetst\u00e4nk som cyklisterna uppvisar ovan jord i Stockholm skulle jag inte direkt rekommendera att \u00f6verf\u00f6ra problematiken under jord och in i tunnelbanetrafiken. http:\/\/www.dn.se\/sthlm\/facit-efter-insatsveckan-1000-aggressiva-forare Cyklar f\u00f6rekommer p\u00e5 pendelt\u00e5gen idag och d\u00e4r kan man varje dag besk\u00e5da m\u00e4nniskor &hellip; <a href=\"http:\/\/www.susannavaris.com\/blogg\/2012\/07\/cyklar-i-t-banan\/\">Forts\u00e4tt l\u00e4sa <span class=\"meta-nav\">&rarr;<\/span><\/a><\/p>\n","protected":false},"author":1,"featured_media":0,"comment_status":"open","ping_status":"open","sticky":false,"template":"","format":"standard","meta":{"footnotes":""},"categories":[178,589,1,590,1060],"tags":[781,2028,1199,1593,2027,2029],"class_list":["post-6286","post","type-post","status-publish","format-standard","hentry","category-blodtryckshojare","category-medier","category-okategoriserade","category-politik","category-samhallsplanering","tag-cykel","tag-fp","tag-kollektivtrafik","tag-pendeltag","tag-stella-fare","tag-tunnelbana"],"_links":{"self":[{"href":"http:\/\/www.susannavaris.com\/blogg\/wp-json\/wp\/v2\/posts\/6286","targetHints":{"allow":["GET"]}}],"collection":[{"href":"http:\/\/www.susannavaris.com\/blogg\/wp-json\/wp\/v2\/posts"}],"about":[{"href":"http:\/\/www.susannavaris.com\/blogg\/wp-json\/wp\/v2\/types\/post"}],"author":[{"embeddable":true,"href":"http:\/\/www.susannavaris.com\/blogg\/wp-json\/wp\/v2\/users\/1"}],"replies":[{"embeddable":true,"href":"http:\/\/www.susannavaris.com\/blogg\/wp-json\/wp\/v2\/comments?post=6286"}],"version-history":[{"count":2,"href":"http:\/\/www.susannavaris.com\/blogg\/wp-json\/wp\/v2\/posts\/6286\/revisions"}],"predecessor-version":[{"id":6290,"href":"http:\/\/www.susannavaris.com\/blogg\/wp-json\/wp\/v2\/posts\/6286\/revisions\/6290"}],"wp:attachment":[{"href":"http:\/\/www.susannavaris.com\/blogg\/wp-json\/wp\/v2\/media?parent=6286"}],"wp:term":[{"taxonomy":"category","embeddable":true,"href":"http:\/\/www.susannavaris.com\/blogg\/wp-json\/wp\/v2\/categories?post=6286"},{"taxonomy":"post_tag","embeddable":true,"href":"http:\/\/www.susannavaris.com\/blogg\/wp-json\/wp\/v2\/tags?post=6286"}],"curies":[{"name":"wp","href":"https:\/\/api.w.org\/{rel}","templated":true}]}}