{"id":6291,"date":"2012-07-06T23:14:57","date_gmt":"2012-07-06T21:14:57","guid":{"rendered":"http:\/\/www.susannavaris.com\/blogg\/?p=6291"},"modified":"2012-07-07T22:24:59","modified_gmt":"2012-07-07T20:24:59","slug":"malat-smicker-del-ii","status":"publish","type":"post","link":"http:\/\/www.susannavaris.com\/blogg\/2012\/07\/malat-smicker-del-ii\/","title":{"rendered":"M\u00e5lat smicker del II"},"content":{"rendered":"<p style=\"text-align: center;\">Jag satt och letade efter bilder till min n\u00e4sta Manson-m\u00e5lning (ja, det blir fler&#8230;) och ramlade \u00f6ver en m\u00e5lning med klar inspiration fr\u00e5n min Lucem Ferre:<\/p>\n<p style=\"text-align: center;\"><a href=\"http:\/\/www.susannavaris.com\/blogg\/wp-content\/uploads\/2012\/07\/lucemferre.jpg\"><img loading=\"lazy\" decoding=\"async\" class=\"aligncenter size-full wp-image-6292\" title=\"lucemferre\" src=\"http:\/\/www.susannavaris.com\/blogg\/wp-content\/uploads\/2012\/07\/lucemferre.jpg\" alt=\"\" width=\"241\" height=\"367\" srcset=\"http:\/\/www.susannavaris.com\/blogg\/wp-content\/uploads\/2012\/07\/lucemferre.jpg 241w, http:\/\/www.susannavaris.com\/blogg\/wp-content\/uploads\/2012\/07\/lucemferre-197x300.jpg 197w\" sizes=\"auto, (max-width: 241px) 100vw, 241px\" \/><\/a>\u00a0<em>Bilden finns tydligen p\u00e5 Tumblr, men gick inte att hitta p\u00e5 sj\u00e4lva sidan, d\u00e4rav sk\u00e4rmdumpet&#8230;<\/em><\/p>\n<p style=\"text-align: center;\"><a href=\"http:\/\/www.susannavaris.com\/blogg\/wp-content\/uploads\/2012\/07\/229265_185900448123795_2729843_n.jpg\"><img loading=\"lazy\" decoding=\"async\" class=\"aligncenter size-full wp-image-6293\" title=\"229265_185900448123795_2729843_n\" src=\"http:\/\/www.susannavaris.com\/blogg\/wp-content\/uploads\/2012\/07\/229265_185900448123795_2729843_n.jpg\" alt=\"\" width=\"540\" height=\"720\" srcset=\"http:\/\/www.susannavaris.com\/blogg\/wp-content\/uploads\/2012\/07\/229265_185900448123795_2729843_n.jpg 540w, http:\/\/www.susannavaris.com\/blogg\/wp-content\/uploads\/2012\/07\/229265_185900448123795_2729843_n-225x300.jpg 225w\" sizes=\"auto, (max-width: 540px) 100vw, 540px\" \/><\/a>\u00a0<em>Min Lucem Ferre, d\u00e4r den h\u00e4nger hos \u00e4garinnan i Italien&#8230;<\/em><\/p>\n<p style=\"text-align: center;\"><a href=\"http:\/\/www.susannavaris.com\/blogg\/wp-content\/uploads\/2012\/07\/lucemferre1.jpg\"><img loading=\"lazy\" decoding=\"async\" class=\"aligncenter size-full wp-image-6294\" title=\"lucemferre\" src=\"http:\/\/www.susannavaris.com\/blogg\/wp-content\/uploads\/2012\/07\/lucemferre1.jpg\" alt=\"\" width=\"441\" height=\"550\" srcset=\"http:\/\/www.susannavaris.com\/blogg\/wp-content\/uploads\/2012\/07\/lucemferre1.jpg 441w, http:\/\/www.susannavaris.com\/blogg\/wp-content\/uploads\/2012\/07\/lucemferre1-240x300.jpg 240w\" sizes=\"auto, (max-width: 441px) 100vw, 441px\" \/><\/a>\u00a0<em>Fotot som jag anv\u00e4nde som f\u00f6rlaga&#8230;<\/em><\/p>\n<p style=\"text-align: center;\">Som sagt, alltid roligt att kunna inspirera&#8230;<\/p>\n<p style=\"text-align: center;\">&#8211; : &#8211; : &#8211; : &#8211;<\/p>\n<p style=\"text-align: center;\"><a href=\"http:\/\/www.susannavaris.com\/blogg\/wp-content\/uploads\/2012\/07\/tumblr_m5guskg8rg1qh7mldo1_1280.jpg\"><img loading=\"lazy\" decoding=\"async\" class=\"aligncenter size-large wp-image-6304\" title=\"tumblr_m5guskg8rg1qh7mldo1_1280\" src=\"http:\/\/www.susannavaris.com\/blogg\/wp-content\/uploads\/2012\/07\/tumblr_m5guskg8rg1qh7mldo1_1280-848x1024.jpg\" alt=\"\" width=\"640\" height=\"772\" srcset=\"http:\/\/www.susannavaris.com\/blogg\/wp-content\/uploads\/2012\/07\/tumblr_m5guskg8rg1qh7mldo1_1280-848x1024.jpg 848w, http:\/\/www.susannavaris.com\/blogg\/wp-content\/uploads\/2012\/07\/tumblr_m5guskg8rg1qh7mldo1_1280-248x300.jpg 248w, http:\/\/www.susannavaris.com\/blogg\/wp-content\/uploads\/2012\/07\/tumblr_m5guskg8rg1qh7mldo1_1280.jpg 1280w\" sizes=\"auto, (max-width: 640px) 100vw, 640px\" \/><\/a>\u00a0<em>Nu hittade jag bilden i st\u00f6rre format&#8230;<\/em><\/p>\n","protected":false},"excerpt":{"rendered":"<p>Jag satt och letade efter bilder till min n\u00e4sta Manson-m\u00e5lning (ja, det blir fler&#8230;) och ramlade \u00f6ver en m\u00e5lning med klar inspiration fr\u00e5n min Lucem Ferre: \u00a0Bilden finns tydligen p\u00e5 Tumblr, men gick inte att hitta p\u00e5 sj\u00e4lva sidan, d\u00e4rav &hellip; <a href=\"http:\/\/www.susannavaris.com\/blogg\/2012\/07\/malat-smicker-del-ii\/\">Forts\u00e4tt l\u00e4sa <span class=\"meta-nav\">&rarr;<\/span><\/a><\/p>\n","protected":false},"author":1,"featured_media":0,"comment_status":"open","ping_status":"open","sticky":false,"template":"","format":"standard","meta":{"footnotes":""},"categories":[7,3,1162,12,589,994,1],"tags":[2031,2030,16,236,2032],"class_list":["post-6291","post","type-post","status-publish","format-standard","hentry","category-egna-verk","category-konst","category-kultur","category-marilyn-manson","category-medier","category-musik","category-okategoriserade","tag-inspiration-2","tag-lucem-ferre","tag-marilyn-manson-2","tag-mm","tag-tumblr"],"_links":{"self":[{"href":"http:\/\/www.susannavaris.com\/blogg\/wp-json\/wp\/v2\/posts\/6291","targetHints":{"allow":["GET"]}}],"collection":[{"href":"http:\/\/www.susannavaris.com\/blogg\/wp-json\/wp\/v2\/posts"}],"about":[{"href":"http:\/\/www.susannavaris.com\/blogg\/wp-json\/wp\/v2\/types\/post"}],"author":[{"embeddable":true,"href":"http:\/\/www.susannavaris.com\/blogg\/wp-json\/wp\/v2\/users\/1"}],"replies":[{"embeddable":true,"href":"http:\/\/www.susannavaris.com\/blogg\/wp-json\/wp\/v2\/comments?post=6291"}],"version-history":[{"count":3,"href":"http:\/\/www.susannavaris.com\/blogg\/wp-json\/wp\/v2\/posts\/6291\/revisions"}],"predecessor-version":[{"id":6305,"href":"http:\/\/www.susannavaris.com\/blogg\/wp-json\/wp\/v2\/posts\/6291\/revisions\/6305"}],"wp:attachment":[{"href":"http:\/\/www.susannavaris.com\/blogg\/wp-json\/wp\/v2\/media?parent=6291"}],"wp:term":[{"taxonomy":"category","embeddable":true,"href":"http:\/\/www.susannavaris.com\/blogg\/wp-json\/wp\/v2\/categories?post=6291"},{"taxonomy":"post_tag","embeddable":true,"href":"http:\/\/www.susannavaris.com\/blogg\/wp-json\/wp\/v2\/tags?post=6291"}],"curies":[{"name":"wp","href":"https:\/\/api.w.org\/{rel}","templated":true}]}}