{"id":6297,"date":"2012-07-07T22:20:54","date_gmt":"2012-07-07T20:20:54","guid":{"rendered":"http:\/\/www.susannavaris.com\/blogg\/?p=6297"},"modified":"2012-07-07T22:26:03","modified_gmt":"2012-07-07T20:26:03","slug":"malat-smicker-iii","status":"publish","type":"post","link":"http:\/\/www.susannavaris.com\/blogg\/2012\/07\/malat-smicker-iii\/","title":{"rendered":"M\u00e5lat smicker III"},"content":{"rendered":"<p style=\"text-align: center;\">Fler bilder med teman som jag skapat dyker upp&#8230;<\/p>\n<p style=\"text-align: center;\"><a href=\"http:\/\/www.susannavaris.com\/blogg\/wp-content\/uploads\/2012\/07\/tumblr_m5vaphV2Z21qh7mldo1_500.jpg\"><img loading=\"lazy\" decoding=\"async\" class=\"aligncenter size-full wp-image-6298\" title=\"tumblr_m5vaphV2Z21qh7mldo1_500\" src=\"http:\/\/www.susannavaris.com\/blogg\/wp-content\/uploads\/2012\/07\/tumblr_m5vaphV2Z21qh7mldo1_500.jpg\" alt=\"\" width=\"500\" height=\"683\" srcset=\"http:\/\/www.susannavaris.com\/blogg\/wp-content\/uploads\/2012\/07\/tumblr_m5vaphV2Z21qh7mldo1_500.jpg 500w, http:\/\/www.susannavaris.com\/blogg\/wp-content\/uploads\/2012\/07\/tumblr_m5vaphV2Z21qh7mldo1_500-219x300.jpg 219w\" sizes=\"auto, (max-width: 500px) 100vw, 500px\" \/><\/a>\u00a0<em>En flicka fr\u00e5n Litauen har m\u00e5lat denna (f\u00f6r \u00f6vrigt samma person som gjort teckningen i f\u00f6rra inl\u00e4gget), som p\u00e5minner starkt om&#8230;<\/em><\/p>\n<p style=\"text-align: center;\"><a href=\"http:\/\/www.susannavaris.com\/blogg\/wp-content\/uploads\/2012\/07\/LilyWhiteIIxwatercolor2010-text.jpg\"><img loading=\"lazy\" decoding=\"async\" class=\"aligncenter size-full wp-image-6299\" title=\"LilyWhiteIIxwatercolor2010-text\" src=\"http:\/\/www.susannavaris.com\/blogg\/wp-content\/uploads\/2012\/07\/LilyWhiteIIxwatercolor2010-text.jpg\" alt=\"\" width=\"725\" height=\"1023\" srcset=\"http:\/\/www.susannavaris.com\/blogg\/wp-content\/uploads\/2012\/07\/LilyWhiteIIxwatercolor2010-text.jpg 725w, http:\/\/www.susannavaris.com\/blogg\/wp-content\/uploads\/2012\/07\/LilyWhiteIIxwatercolor2010-text-212x300.jpg 212w\" sizes=\"auto, (max-width: 725px) 100vw, 725px\" \/><\/a>\u00a0<em>&#8230;min Lily White II. P\u00e5 ursprungsbilden finns inte katten med&#8230;<\/em><\/p>\n<p style=\"text-align: center;\"><a href=\"http:\/\/www.susannavaris.com\/blogg\/wp-content\/uploads\/2012\/07\/normal_MM15PROMO2003MM_FR_2.jpg\"><img loading=\"lazy\" decoding=\"async\" class=\"aligncenter size-full wp-image-6300\" title=\"normal_MM15PROMO2003MM_FR_(2)\" src=\"http:\/\/www.susannavaris.com\/blogg\/wp-content\/uploads\/2012\/07\/normal_MM15PROMO2003MM_FR_2.jpg\" alt=\"\" width=\"272\" height=\"400\" srcset=\"http:\/\/www.susannavaris.com\/blogg\/wp-content\/uploads\/2012\/07\/normal_MM15PROMO2003MM_FR_2.jpg 272w, http:\/\/www.susannavaris.com\/blogg\/wp-content\/uploads\/2012\/07\/normal_MM15PROMO2003MM_FR_2-204x300.jpg 204w\" sizes=\"auto, (max-width: 272px) 100vw, 272px\" \/><\/a><\/p>\n<p style=\"text-align: center;\"><em>Katten kom fr\u00e5n ett fotografi taget av herr Manson sj\u00e4lv:<\/em><\/p>\n<p style=\"text-align: center;\"><a href=\"http:\/\/www.susannavaris.com\/blogg\/wp-content\/uploads\/2012\/07\/images.jpg\"><img loading=\"lazy\" decoding=\"async\" class=\"aligncenter size-full wp-image-6301\" title=\"images\" src=\"http:\/\/www.susannavaris.com\/blogg\/wp-content\/uploads\/2012\/07\/images.jpg\" alt=\"\" width=\"194\" height=\"259\" \/><\/a>\u00a0<em>En av Mansons akvareller i bakgrunden&#8230;<\/em><\/p>\n","protected":false},"excerpt":{"rendered":"<p>Fler bilder med teman som jag skapat dyker upp&#8230; \u00a0En flicka fr\u00e5n Litauen har m\u00e5lat denna (f\u00f6r \u00f6vrigt samma person som gjort teckningen i f\u00f6rra inl\u00e4gget), som p\u00e5minner starkt om&#8230; \u00a0&#8230;min Lily White II. P\u00e5 ursprungsbilden finns inte katten med&#8230; &hellip; <a href=\"http:\/\/www.susannavaris.com\/blogg\/2012\/07\/malat-smicker-iii\/\">Forts\u00e4tt l\u00e4sa <span class=\"meta-nav\">&rarr;<\/span><\/a><\/p>\n","protected":false},"author":1,"featured_media":0,"comment_status":"open","ping_status":"open","sticky":false,"template":"","format":"standard","meta":{"footnotes":""},"categories":[7,3,1162,12,589,994,1],"tags":[418,17,668,671,1215,16,236,1673,1852],"class_list":["post-6297","post","type-post","status-publish","format-standard","hentry","category-egna-verk","category-konst","category-kultur","category-marilyn-manson","category-medier","category-musik","category-okategoriserade","tag-art","tag-konst-2","tag-lily-white","tag-lily-white-ii","tag-malning","tag-marilyn-manson-2","tag-mm","tag-portrait","tag-portratt"],"_links":{"self":[{"href":"http:\/\/www.susannavaris.com\/blogg\/wp-json\/wp\/v2\/posts\/6297","targetHints":{"allow":["GET"]}}],"collection":[{"href":"http:\/\/www.susannavaris.com\/blogg\/wp-json\/wp\/v2\/posts"}],"about":[{"href":"http:\/\/www.susannavaris.com\/blogg\/wp-json\/wp\/v2\/types\/post"}],"author":[{"embeddable":true,"href":"http:\/\/www.susannavaris.com\/blogg\/wp-json\/wp\/v2\/users\/1"}],"replies":[{"embeddable":true,"href":"http:\/\/www.susannavaris.com\/blogg\/wp-json\/wp\/v2\/comments?post=6297"}],"version-history":[{"count":3,"href":"http:\/\/www.susannavaris.com\/blogg\/wp-json\/wp\/v2\/posts\/6297\/revisions"}],"predecessor-version":[{"id":6306,"href":"http:\/\/www.susannavaris.com\/blogg\/wp-json\/wp\/v2\/posts\/6297\/revisions\/6306"}],"wp:attachment":[{"href":"http:\/\/www.susannavaris.com\/blogg\/wp-json\/wp\/v2\/media?parent=6297"}],"wp:term":[{"taxonomy":"category","embeddable":true,"href":"http:\/\/www.susannavaris.com\/blogg\/wp-json\/wp\/v2\/categories?post=6297"},{"taxonomy":"post_tag","embeddable":true,"href":"http:\/\/www.susannavaris.com\/blogg\/wp-json\/wp\/v2\/tags?post=6297"}],"curies":[{"name":"wp","href":"https:\/\/api.w.org\/{rel}","templated":true}]}}