{"id":6326,"date":"2012-07-10T23:18:49","date_gmt":"2012-07-10T21:18:49","guid":{"rendered":"http:\/\/www.susannavaris.com\/blogg\/?p=6326"},"modified":"2012-07-10T23:28:07","modified_gmt":"2012-07-10T21:28:07","slug":"dagens-varmkorv","status":"publish","type":"post","link":"http:\/\/www.susannavaris.com\/blogg\/2012\/07\/dagens-varmkorv\/","title":{"rendered":"Dagens varmkorv"},"content":{"rendered":"<p><a href=\"http:\/\/www.susannavaris.com\/blogg\/wp-content\/uploads\/2012\/07\/Korv.jpg\"><img loading=\"lazy\" decoding=\"async\" class=\"aligncenter size-full wp-image-6327\" title=\"Korv\" src=\"http:\/\/www.susannavaris.com\/blogg\/wp-content\/uploads\/2012\/07\/Korv.jpg\" alt=\"\" width=\"480\" height=\"360\" srcset=\"http:\/\/www.susannavaris.com\/blogg\/wp-content\/uploads\/2012\/07\/Korv.jpg 480w, http:\/\/www.susannavaris.com\/blogg\/wp-content\/uploads\/2012\/07\/Korv-300x225.jpg 300w\" sizes=\"auto, (max-width: 480px) 100vw, 480px\" \/><\/a><\/p>\n<p>En korvf\u00f6rs\u00e4ljare i Simrishamn har retat upp en del feminister, inklusive Gudrun Schyman. En genuspedagog \u00a0har kopplats in:<\/p>\n<p><a href=\"http:\/\/www.aftonbladet.se\/nyheter\/article15097387.ab\">http:\/\/www.aftonbladet.se\/nyheter\/article15097387.ab<\/a><\/p>\n<p><a href=\"http:\/\/www.dn.se\/ekonomi\/omstridd-korvskylt-togs-ned\">http:\/\/www.dn.se\/ekonomi\/omstridd-korvskylt-togs-ned<\/a><\/p>\n<p>(Kan det vara slumpen att det handlar om just Simrishamn?)<\/p>\n<p><em>&#8221;\u2013 Det h\u00e4r \u00e4r en sexualiserad bild. Ett praktexempel p\u00e5 en oreflekterad handling och p\u00e5 traditionellt k\u00f6nst\u00e4nkande i syfte att locka kunder, s\u00e4ger kommunens genuspedagog Britten Dehlin till\u00a0<a href=\"http:\/\/www.ystadsallehanda.se\/simrishamn\/article1639435\/Korvreklam-ror-upp-kanslor.html\">Ystads Allehanda<\/a>.&#8221;\u00a0<\/em><\/p>\n<p>Britten Dehlins t\u00e4nkande verkar hur som helst i h\u00f6gsta grad traditionellt. I den moderna genusv\u00e4rlden (hennes eget expertomr\u00e5de), d\u00e4r k\u00f6net enbart \u00e4r en social konstruktion, f\u00f6ruts\u00e4tter hon att l\u00e4ppstift och nagellack per definition sitter p\u00e5 en kvinna. I samma v\u00e4rld saknar ju de faktiska k\u00f6nsorganen hos de inblandade personerna fullst\u00e4ndigt betydelse n\u00e4r det g\u00e4ller deras k\u00f6n, allt enligt samma genusvetenskapliga teorier. Eller \u00e4r hon bara s\u00e5 heteronormativt bunden att hon f\u00f6ruts\u00e4tter att oralsex enbart f\u00f6rekommer i heterosexuella (det som brukar uppfattas som traditionella) konstellationer? ;)<\/p>\n<p>Nu v\u00e4ntar jag med sp\u00e4nning p\u00e5 vad Schyman och Dehlin t\u00e4nker g\u00f6ra \u00e5t F\u00f6rs\u00e4kringskassans logotyp:<\/p>\n<p><a href=\"http:\/\/www.susannavaris.com\/blogg\/wp-content\/uploads\/2012\/07\/fk.jpg\"><img loading=\"lazy\" decoding=\"async\" class=\"aligncenter size-full wp-image-6328\" title=\"fk\" src=\"http:\/\/www.susannavaris.com\/blogg\/wp-content\/uploads\/2012\/07\/fk.jpg\" alt=\"\" width=\"198\" height=\"198\" srcset=\"http:\/\/www.susannavaris.com\/blogg\/wp-content\/uploads\/2012\/07\/fk.jpg 198w, http:\/\/www.susannavaris.com\/blogg\/wp-content\/uploads\/2012\/07\/fk-150x150.jpg 150w\" sizes=\"auto, (max-width: 198px) 100vw, 198px\" \/><\/a><\/p>\n<p>&nbsp;<\/p>\n","protected":false},"excerpt":{"rendered":"<p>En korvf\u00f6rs\u00e4ljare i Simrishamn har retat upp en del feminister, inklusive Gudrun Schyman. En genuspedagog \u00a0har kopplats in: http:\/\/www.aftonbladet.se\/nyheter\/article15097387.ab http:\/\/www.dn.se\/ekonomi\/omstridd-korvskylt-togs-ned (Kan det vara slumpen att det handlar om just Simrishamn?) &#8221;\u2013 Det h\u00e4r \u00e4r en sexualiserad bild. Ett praktexempel p\u00e5 &hellip; <a href=\"http:\/\/www.susannavaris.com\/blogg\/2012\/07\/dagens-varmkorv\/\">Forts\u00e4tt l\u00e4sa <span class=\"meta-nav\">&rarr;<\/span><\/a><\/p>\n","protected":false},"author":1,"featured_media":0,"comment_status":"open","ping_status":"open","sticky":false,"template":"","format":"standard","meta":{"footnotes":""},"categories":[181,259,1321,589,1,590],"tags":[2048,4900,2050,4899,4903,2047,2049,723,2046,2045],"class_list":["post-6326","post","type-post","status-publish","format-standard","hentry","category-feminism","category-genusvetenskap","category-jamstalldhet","category-medier","category-okategoriserade","category-politik","tag-britten-dehlin","tag-feminism","tag-forsakringskassan","tag-genus","tag-genusvetenskap","tag-gudrun-schyman","tag-hetero","tag-sexism","tag-simrishamn","tag-varmkorv"],"_links":{"self":[{"href":"http:\/\/www.susannavaris.com\/blogg\/wp-json\/wp\/v2\/posts\/6326","targetHints":{"allow":["GET"]}}],"collection":[{"href":"http:\/\/www.susannavaris.com\/blogg\/wp-json\/wp\/v2\/posts"}],"about":[{"href":"http:\/\/www.susannavaris.com\/blogg\/wp-json\/wp\/v2\/types\/post"}],"author":[{"embeddable":true,"href":"http:\/\/www.susannavaris.com\/blogg\/wp-json\/wp\/v2\/users\/1"}],"replies":[{"embeddable":true,"href":"http:\/\/www.susannavaris.com\/blogg\/wp-json\/wp\/v2\/comments?post=6326"}],"version-history":[{"count":10,"href":"http:\/\/www.susannavaris.com\/blogg\/wp-json\/wp\/v2\/posts\/6326\/revisions"}],"predecessor-version":[{"id":6337,"href":"http:\/\/www.susannavaris.com\/blogg\/wp-json\/wp\/v2\/posts\/6326\/revisions\/6337"}],"wp:attachment":[{"href":"http:\/\/www.susannavaris.com\/blogg\/wp-json\/wp\/v2\/media?parent=6326"}],"wp:term":[{"taxonomy":"category","embeddable":true,"href":"http:\/\/www.susannavaris.com\/blogg\/wp-json\/wp\/v2\/categories?post=6326"},{"taxonomy":"post_tag","embeddable":true,"href":"http:\/\/www.susannavaris.com\/blogg\/wp-json\/wp\/v2\/tags?post=6326"}],"curies":[{"name":"wp","href":"https:\/\/api.w.org\/{rel}","templated":true}]}}