{"id":6346,"date":"2012-07-11T21:59:17","date_gmt":"2012-07-11T19:59:17","guid":{"rendered":"http:\/\/www.susannavaris.com\/blogg\/?p=6346"},"modified":"2012-07-11T21:59:17","modified_gmt":"2012-07-11T19:59:17","slug":"bengt-ohlsson-i-neo","status":"publish","type":"post","link":"http:\/\/www.susannavaris.com\/blogg\/2012\/07\/bengt-ohlsson-i-neo\/","title":{"rendered":"Bengt Ohlsson i NEO"},"content":{"rendered":"<p><a href=\"http:\/\/www.susannavaris.com\/blogg\/wp-content\/uploads\/2012\/07\/585770.jpg\"><img loading=\"lazy\" decoding=\"async\" class=\"aligncenter size-full wp-image-6347\" title=\"585770\" src=\"http:\/\/www.susannavaris.com\/blogg\/wp-content\/uploads\/2012\/07\/585770.jpg\" alt=\"\" width=\"300\" height=\"385\" srcset=\"http:\/\/www.susannavaris.com\/blogg\/wp-content\/uploads\/2012\/07\/585770.jpg 300w, http:\/\/www.susannavaris.com\/blogg\/wp-content\/uploads\/2012\/07\/585770-233x300.jpg 233w\" sizes=\"auto, (max-width: 300px) 100vw, 300px\" \/><\/a><\/p>\n<p>Magasinet NEO, som nyligen kommit ut som en borgerlig tidning, inneh\u00e5ller i senaste numret bland annat en mycket l\u00e4sv\u00e4rd intervju med Bengt Ohlsson.<\/p>\n<p><em>&#8221;<strong>Du anklagades till slut f\u00f6r att dela v\u00e4rldsbild med Anders Behring Breivik.<\/strong><\/em><\/p>\n<p><em>&#8211; Mm, men det var nog fr\u00e5n den h\u00e4r kulturchefen p\u00e5 Aftonbladet\u00a0som jag kanske inte tar p\u00e5 s\u00e5 j\u00e4ttestort allvar. Och allt f\u00e4rre verkar ju g\u00f6ra det.&#8221;\u00a0<\/em><\/p>\n<p>:)<\/p>\n<p>och:<\/p>\n<p><em>&#8221;- F\u00f6r att nu l\u00e5ta riktigt vidrigt sj\u00e4lvgod: Jag har n\u00e4stan alltid skrivit b\u00f6cker som inte l\u00f6nar sig ett piss. Men det betyder inte att jag ser det som en sj\u00e4lvklarhet att tunnelbanef\u00f6rare och dagisfr\u00f6knar ska sponsra mitt romanskrivande med sina skattepengar. Kanske inte ens att mellanchefer eller webbdesigner ska g\u00f6ra det. Det \u00e4r upp till mig och ingen annan att hitta p\u00e5 n\u00e5got brett att g\u00f6ra f\u00f6r att finansiera det h\u00e4r smala. Och det \u00e4r en hoppl\u00f6s balansg\u00e5ng, den \u00e4r hoppl\u00f6s p\u00e5 gr\u00e4nsen till om\u00f6jlig. Men man m\u00e5ste hitta den, och det \u00e4r vad konst \u00e4r. Det g\u00e5r inte, men du m\u00e5ste.&#8221;<\/em><\/p>\n<p>Jag kunde inte ha sagt det b\u00e4ttre sj\u00e4lv.<\/p>\n","protected":false},"excerpt":{"rendered":"<p>Magasinet NEO, som nyligen kommit ut som en borgerlig tidning, inneh\u00e5ller i senaste numret bland annat en mycket l\u00e4sv\u00e4rd intervju med Bengt Ohlsson. &#8221;Du anklagades till slut f\u00f6r att dela v\u00e4rldsbild med Anders Behring Breivik. &#8211; Mm, men det var &hellip; <a href=\"http:\/\/www.susannavaris.com\/blogg\/2012\/07\/bengt-ohlsson-i-neo\/\">Forts\u00e4tt l\u00e4sa <span class=\"meta-nav\">&rarr;<\/span><\/a><\/p>\n","protected":false},"author":1,"featured_media":0,"comment_status":"open","ping_status":"open","sticky":false,"template":"","format":"standard","meta":{"footnotes":""},"categories":[1162,589,1,590],"tags":[149,225,174,1353,2054],"class_list":["post-6346","post","type-post","status-publish","format-standard","hentry","category-kultur","category-medier","category-okategoriserade","category-politik","tag-aftonbladet","tag-asa-linderborg","tag-bengt-ohlsson","tag-breivik","tag-neo"],"_links":{"self":[{"href":"http:\/\/www.susannavaris.com\/blogg\/wp-json\/wp\/v2\/posts\/6346","targetHints":{"allow":["GET"]}}],"collection":[{"href":"http:\/\/www.susannavaris.com\/blogg\/wp-json\/wp\/v2\/posts"}],"about":[{"href":"http:\/\/www.susannavaris.com\/blogg\/wp-json\/wp\/v2\/types\/post"}],"author":[{"embeddable":true,"href":"http:\/\/www.susannavaris.com\/blogg\/wp-json\/wp\/v2\/users\/1"}],"replies":[{"embeddable":true,"href":"http:\/\/www.susannavaris.com\/blogg\/wp-json\/wp\/v2\/comments?post=6346"}],"version-history":[{"count":3,"href":"http:\/\/www.susannavaris.com\/blogg\/wp-json\/wp\/v2\/posts\/6346\/revisions"}],"predecessor-version":[{"id":6350,"href":"http:\/\/www.susannavaris.com\/blogg\/wp-json\/wp\/v2\/posts\/6346\/revisions\/6350"}],"wp:attachment":[{"href":"http:\/\/www.susannavaris.com\/blogg\/wp-json\/wp\/v2\/media?parent=6346"}],"wp:term":[{"taxonomy":"category","embeddable":true,"href":"http:\/\/www.susannavaris.com\/blogg\/wp-json\/wp\/v2\/categories?post=6346"},{"taxonomy":"post_tag","embeddable":true,"href":"http:\/\/www.susannavaris.com\/blogg\/wp-json\/wp\/v2\/tags?post=6346"}],"curies":[{"name":"wp","href":"https:\/\/api.w.org\/{rel}","templated":true}]}}