{"id":6392,"date":"2012-07-17T00:54:08","date_gmt":"2012-07-16T22:54:08","guid":{"rendered":"http:\/\/www.susannavaris.com\/blogg\/?p=6392"},"modified":"2012-07-17T00:54:08","modified_gmt":"2012-07-16T22:54:08","slug":"dn-kulturs-fortsatta-problem","status":"publish","type":"post","link":"http:\/\/www.susannavaris.com\/blogg\/2012\/07\/dn-kulturs-fortsatta-problem\/","title":{"rendered":"DN Kulturs fortsatta problem"},"content":{"rendered":"<p><a href=\"http:\/\/www.susannavaris.com\/blogg\/wp-content\/uploads\/2012\/07\/DSC_0154-50.jpg\"><img loading=\"lazy\" decoding=\"async\" class=\"aligncenter size-large wp-image-6393\" title=\"DSC_0154-50\" src=\"http:\/\/www.susannavaris.com\/blogg\/wp-content\/uploads\/2012\/07\/DSC_0154-50-1024x682.jpg\" alt=\"\" width=\"640\" height=\"426\" srcset=\"http:\/\/www.susannavaris.com\/blogg\/wp-content\/uploads\/2012\/07\/DSC_0154-50-1024x682.jpg 1024w, http:\/\/www.susannavaris.com\/blogg\/wp-content\/uploads\/2012\/07\/DSC_0154-50-300x200.jpg 300w\" sizes=\"auto, (max-width: 640px) 100vw, 640px\" \/><\/a><\/p>\n<p>Jag lovade att \u00e5terkomma om Fr\u00f6ken Smillas K\u00e4nsla f\u00f6r Sn\u00f6, en bok som passerat genuskorrekthetsfiltret p\u00e5 DN Kultur.<\/p>\n<p><em>&#8221;Smilla t\u00e4nker, talar och tycker utan k\u00f6n, utan kvinnligt raster. Hennes perspektiv \u00e4r befriat fr\u00e5n \u00e4ngslighet, sensualism, dagdr\u00f6mmar och andra attribut som f\u00f6r l\u00e4saren signalerar att nu \u00e4r det en kvinna vi f\u00e5r f\u00f6lja&#8221;<\/em>, skriver Jens Liljestrand.<\/p>\n<p><em>&#8221;N\u00e4r boken kom hade jag bekanta som ogillade Smilla, tyckte att hon var &#8221;en man i en kvinnas kropp&#8221;. Den tolkningen visar p\u00e5 hur styrda vi fortfarande \u00e4r av k\u00f6nskonstruktioner i litteraturen. Po\u00e4ngen med Smilla \u00e4r ju att hon \u00e4r en m\u00e4nniska i en kvinnas kropp. Visst finns det partier i boken d\u00e4r Peter Hoeg inte kan motst\u00e5 frestelsen att manifestera Smillas androgynitet, som i den minnesv\u00e4rda sexscen med Mekanikern d\u00e4r hon &#8221;f\u00f6rm\u00e5r honom att \u00f6ppna den lilla springan i ollonet s\u00e5 att jag kan f\u00f6ra in clitoris och knulla honom&#8221;.<\/em><\/p>\n<p>Det enda intressanta p\u00e5 DN Kultur tycks numera vara k\u00f6n och ett radikalfeministiskt perspektiv. (Nu finns artikeln p\u00e5 n\u00e4tet, f\u00f6rresten):<\/p>\n<p><a href=\"http:\/\/www.dn.se\/dnbok\/dnbok-hem\/froken-smillas-kansla-ar-stark-och-androgyn\">http:\/\/www.dn.se\/dnbok\/dnbok-hem\/froken-smillas-kansla-ar-stark-och-androgyn<\/a><\/p>\n<p>Eftersom jag \u00e4nd\u00e5 \u00e4r i farten s\u00e5 finns det ett par exempel fr\u00e5n dagens tidning (sedan vet jag inte om jag orkar v\u00e4ltra mig i detta mera, men antagligen kan jag inte l\u00e5ta bli heller):<\/p>\n<p>Julia Svenssons kr\u00f6nika som handlar om att det \u00e4r tur att det finns privilegierade flickor som kan se till att en serie som Girls nu skapats, eftersom:<\/p>\n<p><em>&#8221;Utan privilegier och st\u00f6ttande f\u00f6r\u00e4ldrar \u00e4r det tyv\u00e4rr mycket f\u00e5 unga kvinnor som s\u00e5 sj\u00e4lvklart tar sitt skapande p\u00e5 allvar.&#8221;<\/em><\/p>\n<p>Jas\u00e5? Vilka empiriska studier bygger den h\u00e4r slutsatsen p\u00e5? Och om de nu inte tar sitt skapande p\u00e5 allvar, varf\u00f6r ska man d\u00e5 t ex sl\u00f6sa h\u00f6gvis med skattepengar p\u00e5 allehanda tjej-projekt och tjej-satsningar och kvoteringar?<\/p>\n<p><a href=\"http:\/\/www.dn.se\/kultur-noje\/kronikor\/julia-svensson-toppen-att-det-finns-unga-bortskamda-tjejer-som-litar-till-sin-kr\">http:\/\/www.dn.se\/kultur-noje\/kronikor\/julia-svensson-toppen-att-det-finns-unga-bortskamda-tjejer-som-litar-till-sin-kr<\/a><\/p>\n<p>Sedan har Maria Schottenius l\u00e4st en tidskrift, Le Nouvel Observateur och d\u00e4r hittat Philippe Sollers recension av Goethes Faust:<\/p>\n<p><em>&#8221;S\u00e5lunda s\u00e4tter Goethe in dj\u00e4vulen i kampen mot nihilismen, filosofin som inte vill veta av vare sig mening eller moral. Han g\u00f6r ocks\u00e5 en markering i k\u00f6nskriget, skriver Sollers. D\u00e4ruppe finns det kvinnliga, Das Ewig-Weibliche zieht uns hinan, (det evigt kvinnliga drar oss upp\u00e5t). Och d\u00e4rnere r\u00e5der avgrundsmannen, &#8221;den som drar oss ner\u00e5t mot botten&#8221;. Detta skulle vi inte f\u00f6rneka, enligt Goethe.&#8221;<\/em><\/p>\n<p>En recension helt i linje med den r\u00e5dande ideologin p\u00e5 DN Kultur, med andra ord.<\/p>\n<p><a href=\"http:\/\/www.dn.se\/dnbok\/bokrecensioner\/le-nouvel-observateur-5-117-2012\">http:\/\/www.dn.se\/dnbok\/bokrecensioner\/le-nouvel-observateur-5-117-2012<\/a><\/p>\n<p>P\u00e5 n\u00e4sta sida recenserar Johanna Paulsson operaf\u00f6rest\u00e4llningen Den Listiga Lilla R\u00e4ven av Leos Jan\u00e1cek:<\/p>\n<p><em>&#8221;&#8230;Sofie Asplund \u00e4r lysande som den listiga lilla R\u00e4ven Skarp\u00f6ra: r\u00e4vhonan som v\u00e4xer upp till feministisk anarkist och &#8221;v\u00e4rsting&#8221;, men slutar sina dagar som praktfull p\u00e4lskrage.&#8221;<\/em><\/p>\n<p><em>&#8221;En sexuellt utlevande kvinna p\u00e5 scen m\u00e5ste visserligen fortfarande ikl\u00e4da sig rollen som r\u00e4v f\u00f6r att f\u00e5 leva r\u00f6vare, dra ner l\u00e4derbrallorna och pinka revir.&#8221;\u00a0<\/em><\/p>\n<p>Jag vill minnas att t ex Madonna bar en guldf\u00e4rgad strutkorsett fr\u00e5n Jean Paul Gaultier n\u00e4r hon i b\u00f6rjan av 90-talet simulerade minst sagt utlevande sj\u00e4lvtillfredsst\u00e4llelse p\u00e5 scen.<\/p>\n<p>Men visst, det \u00e4r v\u00e4l synd om kvinnorna i vanlig ordning; inte tar dom sitt skapande p\u00e5 allvar, inte f\u00e5r dom n\u00e5gra m\u00f6jligheter eller pengar, inte f\u00e5r dom leva ut och inte f\u00e5r dom n\u00e5gonting. Trots att dom ju \u00e4r den moraliskt h\u00f6gst\u00e5ende och goda sorten av m\u00e4nniskor. Jag orkar inte.<\/p>\n","protected":false},"excerpt":{"rendered":"<p>Jag lovade att \u00e5terkomma om Fr\u00f6ken Smillas K\u00e4nsla f\u00f6r Sn\u00f6, en bok som passerat genuskorrekthetsfiltret p\u00e5 DN Kultur. &#8221;Smilla t\u00e4nker, talar och tycker utan k\u00f6n, utan kvinnligt raster. Hennes perspektiv \u00e4r befriat fr\u00e5n \u00e4ngslighet, sensualism, dagdr\u00f6mmar och andra attribut som &hellip; <a href=\"http:\/\/www.susannavaris.com\/blogg\/2012\/07\/dn-kulturs-fortsatta-problem\/\">Forts\u00e4tt l\u00e4sa <span class=\"meta-nav\">&rarr;<\/span><\/a><\/p>\n","protected":false},"author":1,"featured_media":0,"comment_status":"open","ping_status":"open","sticky":false,"template":"","format":"standard","meta":{"footnotes":""},"categories":[181,259,1321,1162,589,994,1,590],"tags":[2090,175,2075,1719,4900,2085,4899,2084,1720,954,2089,2083,2087,2091,2086,2088],"class_list":["post-6392","post","type-post","status-publish","format-standard","hentry","category-feminism","category-genusvetenskap","category-jamstalldhet","category-kultur","category-medier","category-musik","category-okategoriserade","category-politik","tag-den-listiga-lilla-raven","tag-dn","tag-dn-kultur","tag-faust","tag-feminism","tag-froken-smillas-kansla-for-sno","tag-genus","tag-girls","tag-goethe","tag-jens-liljestrand","tag-johanna-paulsson","tag-julia-svensson","tag-le-nouvel-observateur","tag-leos-janacek","tag-maria-schottenius","tag-philippe-soller"],"_links":{"self":[{"href":"http:\/\/www.susannavaris.com\/blogg\/wp-json\/wp\/v2\/posts\/6392","targetHints":{"allow":["GET"]}}],"collection":[{"href":"http:\/\/www.susannavaris.com\/blogg\/wp-json\/wp\/v2\/posts"}],"about":[{"href":"http:\/\/www.susannavaris.com\/blogg\/wp-json\/wp\/v2\/types\/post"}],"author":[{"embeddable":true,"href":"http:\/\/www.susannavaris.com\/blogg\/wp-json\/wp\/v2\/users\/1"}],"replies":[{"embeddable":true,"href":"http:\/\/www.susannavaris.com\/blogg\/wp-json\/wp\/v2\/comments?post=6392"}],"version-history":[{"count":3,"href":"http:\/\/www.susannavaris.com\/blogg\/wp-json\/wp\/v2\/posts\/6392\/revisions"}],"predecessor-version":[{"id":6396,"href":"http:\/\/www.susannavaris.com\/blogg\/wp-json\/wp\/v2\/posts\/6392\/revisions\/6396"}],"wp:attachment":[{"href":"http:\/\/www.susannavaris.com\/blogg\/wp-json\/wp\/v2\/media?parent=6392"}],"wp:term":[{"taxonomy":"category","embeddable":true,"href":"http:\/\/www.susannavaris.com\/blogg\/wp-json\/wp\/v2\/categories?post=6392"},{"taxonomy":"post_tag","embeddable":true,"href":"http:\/\/www.susannavaris.com\/blogg\/wp-json\/wp\/v2\/tags?post=6392"}],"curies":[{"name":"wp","href":"https:\/\/api.w.org\/{rel}","templated":true}]}}