{"id":6397,"date":"2012-07-17T11:50:42","date_gmt":"2012-07-17T09:50:42","guid":{"rendered":"http:\/\/www.susannavaris.com\/blogg\/?p=6397"},"modified":"2012-07-17T11:51:52","modified_gmt":"2012-07-17T09:51:52","slug":"vad-ar-konst","status":"publish","type":"post","link":"http:\/\/www.susannavaris.com\/blogg\/2012\/07\/vad-ar-konst\/","title":{"rendered":"Vad \u00e4r konst?"},"content":{"rendered":"<p><a href=\"http:\/\/www.susannavaris.com\/blogg\/wp-content\/uploads\/2012\/07\/IMAG0220.jpg\"><img loading=\"lazy\" decoding=\"async\" class=\"aligncenter size-full wp-image-6398\" title=\"IMAG0220\" src=\"http:\/\/www.susannavaris.com\/blogg\/wp-content\/uploads\/2012\/07\/IMAG0220.jpg\" alt=\"\" width=\"288\" height=\"480\" srcset=\"http:\/\/www.susannavaris.com\/blogg\/wp-content\/uploads\/2012\/07\/IMAG0220.jpg 288w, http:\/\/www.susannavaris.com\/blogg\/wp-content\/uploads\/2012\/07\/IMAG0220-180x300.jpg 180w\" sizes=\"auto, (max-width: 288px) 100vw, 288px\" \/><\/a><\/p>\n<p>F\u00f6r att bryta vandringen i genustr\u00e4sket (DN Kultur) ig\u00e5r, l\u00e4ste jag boken <em>Vad \u00e4r Konst?\u00a0<\/em>av Ernst Billgren. Boken best\u00e5r av en sammanst\u00e4llning av fr\u00e5gor som jag antar att Billgren f\u00e5tt i olika sammanhang och \u00e4r en utm\u00e4rkt liten handledning f\u00f6r alla som \u00e4r nyfikna p\u00e5 konst. <em>Vad \u00e4r Konst?\u00a0<\/em>\u00e4r b\u00e5de informativ och rolig p\u00e5 ett mycket underfundigt s\u00e4tt. Svaren ger en bild av en m\u00e4nniska med stark f\u00f6rm\u00e5ga att t\u00e4nka p\u00e5 ett annorlunda s\u00e4tt, en egenskap som \u00e4r ov\u00e4rderlig f\u00f6r en konstn\u00e4r. P\u00e5 varje fr\u00e5ga ges ett kort och ett l\u00e5ngt svar.<\/p>\n<p>Till exempel:<\/p>\n<p><strong><em>&#8221;\u00c4r det viktigt att provocera?<\/em><\/strong><\/p>\n<p><em>Kort svar: Strunta i att provocera, det brukar reta gallfeber p\u00e5 folk.<\/em>&#8221;<\/p>\n<p>eller:<\/p>\n<p><span style=\"color: #000000;\"><strong><em>&#8221;Hur undviker man misstag?<\/em><\/strong><\/span><\/p>\n<p><em>Kort svar: G\u00f6r inte det. Det \u00e4r ett misstag.&#8221;<\/em><\/p>\n<p>Det var l\u00e4nge sedan jag l\u00e4ste s\u00e5 m\u00e5nga klokheter i en s\u00e5dan koncentrerad och l\u00e4ttl\u00e4st form.<\/p>\n<p>&nbsp;<\/p>\n","protected":false},"excerpt":{"rendered":"<p>F\u00f6r att bryta vandringen i genustr\u00e4sket (DN Kultur) ig\u00e5r, l\u00e4ste jag boken Vad \u00e4r Konst?\u00a0av Ernst Billgren. Boken best\u00e5r av en sammanst\u00e4llning av fr\u00e5gor som jag antar att Billgren f\u00e5tt i olika sammanhang och \u00e4r en utm\u00e4rkt liten handledning f\u00f6r &hellip; <a href=\"http:\/\/www.susannavaris.com\/blogg\/2012\/07\/vad-ar-konst\/\">Forts\u00e4tt l\u00e4sa <span class=\"meta-nav\">&rarr;<\/span><\/a><\/p>\n","protected":false},"author":1,"featured_media":0,"comment_status":"open","ping_status":"open","sticky":false,"template":"","format":"standard","meta":{"footnotes":""},"categories":[1364,3,1162,1],"tags":[2092,17,2093],"class_list":["post-6397","post","type-post","status-publish","format-standard","hentry","category-bocker","category-konst","category-kultur","category-okategoriserade","tag-ernst-billgren","tag-konst-2","tag-vad-ar-konst"],"_links":{"self":[{"href":"http:\/\/www.susannavaris.com\/blogg\/wp-json\/wp\/v2\/posts\/6397","targetHints":{"allow":["GET"]}}],"collection":[{"href":"http:\/\/www.susannavaris.com\/blogg\/wp-json\/wp\/v2\/posts"}],"about":[{"href":"http:\/\/www.susannavaris.com\/blogg\/wp-json\/wp\/v2\/types\/post"}],"author":[{"embeddable":true,"href":"http:\/\/www.susannavaris.com\/blogg\/wp-json\/wp\/v2\/users\/1"}],"replies":[{"embeddable":true,"href":"http:\/\/www.susannavaris.com\/blogg\/wp-json\/wp\/v2\/comments?post=6397"}],"version-history":[{"count":3,"href":"http:\/\/www.susannavaris.com\/blogg\/wp-json\/wp\/v2\/posts\/6397\/revisions"}],"predecessor-version":[{"id":6401,"href":"http:\/\/www.susannavaris.com\/blogg\/wp-json\/wp\/v2\/posts\/6397\/revisions\/6401"}],"wp:attachment":[{"href":"http:\/\/www.susannavaris.com\/blogg\/wp-json\/wp\/v2\/media?parent=6397"}],"wp:term":[{"taxonomy":"category","embeddable":true,"href":"http:\/\/www.susannavaris.com\/blogg\/wp-json\/wp\/v2\/categories?post=6397"},{"taxonomy":"post_tag","embeddable":true,"href":"http:\/\/www.susannavaris.com\/blogg\/wp-json\/wp\/v2\/tags?post=6397"}],"curies":[{"name":"wp","href":"https:\/\/api.w.org\/{rel}","templated":true}]}}