{"id":640,"date":"2011-06-06T22:29:20","date_gmt":"2011-06-06T20:29:20","guid":{"rendered":"http:\/\/www.susannavaris.com\/blogg\/?p=640"},"modified":"2023-02-13T18:12:19","modified_gmt":"2023-02-13T17:12:19","slug":"stulen-konst","status":"publish","type":"post","link":"http:\/\/www.susannavaris.com\/blogg\/2011\/06\/stulen-konst\/","title":{"rendered":"Stulen konst!"},"content":{"rendered":"\n<p>N\u00e5gon vid namn Enzo Omonte har tagit en av mina gamla manson-m\u00e5lningar, laddat upp den och tom gjort best\u00e4llning av trycksaker m\u00f6jligt. Ja herregud&#8230;han har laddat upp den till ett gruppgalleri ocks\u00e5. Jag har skrivt till Deviantart, till honom, till gruppen, till n\u00e5gra till, men jag t\u00e4nkte h\u00e4nga ut honom h\u00e4r p\u00e5 bloggen ocks\u00e5.<\/p>\n\n\n\n<p>S\u00e5 h\u00e4r ser killen ut:<\/p>\n\n\n<div class=\"wp-block-image\">\n<figure class=\"aligncenter size-large\"><img loading=\"lazy\" decoding=\"async\" width=\"1024\" height=\"1024\" src=\"http:\/\/www.susannavaris.com\/blogg\/wp-content\/uploads\/2023\/02\/Bild-borttagen-1024x1024.jpg\" alt=\"\" class=\"wp-image-17619\" title=\"reckless_etc_by_reckless_etc-d3g0mti\" srcset=\"http:\/\/www.susannavaris.com\/blogg\/wp-content\/uploads\/2023\/02\/Bild-borttagen-1024x1024.jpg 1024w, http:\/\/www.susannavaris.com\/blogg\/wp-content\/uploads\/2023\/02\/Bild-borttagen-300x300.jpg 300w, http:\/\/www.susannavaris.com\/blogg\/wp-content\/uploads\/2023\/02\/Bild-borttagen-150x150.jpg 150w, http:\/\/www.susannavaris.com\/blogg\/wp-content\/uploads\/2023\/02\/Bild-borttagen-768x768.jpg 768w, http:\/\/www.susannavaris.com\/blogg\/wp-content\/uploads\/2023\/02\/Bild-borttagen-1536x1536.jpg 1536w, http:\/\/www.susannavaris.com\/blogg\/wp-content\/uploads\/2023\/02\/Bild-borttagen-2048x2048.jpg 2048w\" sizes=\"auto, (max-width: 1024px) 100vw, 1024px\" \/><\/figure>\n<\/div>\n\n\n<p>H\u00e4r \u00e4r hans teckningar:<\/p>\n\n\n<div class=\"wp-block-image\">\n<figure class=\"aligncenter size-large\"><img loading=\"lazy\" decoding=\"async\" width=\"1024\" height=\"1024\" src=\"http:\/\/www.susannavaris.com\/blogg\/wp-content\/uploads\/2023\/02\/Bild-borttagen-1024x1024.jpg\" alt=\"\" class=\"wp-image-17619\" title=\"a_man_and_his_horse____by_reckless_etc-d3f0hsa\" srcset=\"http:\/\/www.susannavaris.com\/blogg\/wp-content\/uploads\/2023\/02\/Bild-borttagen-1024x1024.jpg 1024w, http:\/\/www.susannavaris.com\/blogg\/wp-content\/uploads\/2023\/02\/Bild-borttagen-300x300.jpg 300w, http:\/\/www.susannavaris.com\/blogg\/wp-content\/uploads\/2023\/02\/Bild-borttagen-150x150.jpg 150w, http:\/\/www.susannavaris.com\/blogg\/wp-content\/uploads\/2023\/02\/Bild-borttagen-768x768.jpg 768w, http:\/\/www.susannavaris.com\/blogg\/wp-content\/uploads\/2023\/02\/Bild-borttagen-1536x1536.jpg 1536w, http:\/\/www.susannavaris.com\/blogg\/wp-content\/uploads\/2023\/02\/Bild-borttagen-2048x2048.jpg 2048w\" sizes=\"auto, (max-width: 1024px) 100vw, 1024px\" \/><\/figure>\n<\/div>\n\n<div class=\"wp-block-image\">\n<figure class=\"aligncenter size-large\"><img loading=\"lazy\" decoding=\"async\" width=\"1024\" height=\"1024\" src=\"http:\/\/www.susannavaris.com\/blogg\/wp-content\/uploads\/2023\/02\/Bild-borttagen-1024x1024.jpg\" alt=\"\" class=\"wp-image-17619\" title=\"jason_voorhees_by_reckless_etc-d3h9ksy\" srcset=\"http:\/\/www.susannavaris.com\/blogg\/wp-content\/uploads\/2023\/02\/Bild-borttagen-1024x1024.jpg 1024w, http:\/\/www.susannavaris.com\/blogg\/wp-content\/uploads\/2023\/02\/Bild-borttagen-300x300.jpg 300w, http:\/\/www.susannavaris.com\/blogg\/wp-content\/uploads\/2023\/02\/Bild-borttagen-150x150.jpg 150w, http:\/\/www.susannavaris.com\/blogg\/wp-content\/uploads\/2023\/02\/Bild-borttagen-768x768.jpg 768w, http:\/\/www.susannavaris.com\/blogg\/wp-content\/uploads\/2023\/02\/Bild-borttagen-1536x1536.jpg 1536w, http:\/\/www.susannavaris.com\/blogg\/wp-content\/uploads\/2023\/02\/Bild-borttagen-2048x2048.jpg 2048w\" sizes=\"auto, (max-width: 1024px) 100vw, 1024px\" \/><\/figure>\n<\/div>\n\n\n<p>Den h\u00e4r m\u00e5lningen l\u00e5tsas han som att han har gjort:<\/p>\n\n\n<div class=\"wp-block-image\">\n<figure class=\"aligncenter\"><a href=\"http:\/\/www.susannavaris.com\/blogg\/wp-content\/uploads\/2011\/06\/vampirescrop.jpg\"><img loading=\"lazy\" decoding=\"async\" width=\"671\" height=\"1024\" src=\"http:\/\/www.susannavaris.com\/blogg\/wp-content\/uploads\/2011\/06\/vampirescrop-671x1024.jpg\" alt=\"\" class=\"wp-image-643\" title=\"vampirescrop\" srcset=\"http:\/\/www.susannavaris.com\/blogg\/wp-content\/uploads\/2011\/06\/vampirescrop-671x1024.jpg 671w, http:\/\/www.susannavaris.com\/blogg\/wp-content\/uploads\/2011\/06\/vampirescrop-196x300.jpg 196w, http:\/\/www.susannavaris.com\/blogg\/wp-content\/uploads\/2011\/06\/vampirescrop.jpg 1716w\" sizes=\"auto, (max-width: 671px) 100vw, 671px\" \/><\/a><\/figure>\n<\/div>\n\n\n<p><em>The Vampires, akvarell 2008. Susanna Varis<\/em><\/p>\n\n\n\n<p>Skojaren har haft fr\u00e4ckheten att fotoshoppa bort min namnteckning p\u00e5 m\u00e5lningen. H\u00e4r \u00e4r bilden fr\u00e5n hans galleri p\u00e5 Deviantart:<\/p>\n\n\n<div class=\"wp-block-image\">\n<figure class=\"aligncenter\"><a href=\"http:\/\/www.susannavaris.com\/blogg\/wp-content\/uploads\/2011\/06\/marilyn_manson_by_reckless_etc-d3h9l54.jpg\"><img loading=\"lazy\" decoding=\"async\" width=\"768\" height=\"1024\" src=\"http:\/\/www.susannavaris.com\/blogg\/wp-content\/uploads\/2011\/06\/marilyn_manson_by_reckless_etc-d3h9l54.jpg\" alt=\"\" class=\"wp-image-651\" title=\"marilyn_manson_by_reckless_etc-d3h9l54\" srcset=\"http:\/\/www.susannavaris.com\/blogg\/wp-content\/uploads\/2011\/06\/marilyn_manson_by_reckless_etc-d3h9l54.jpg 768w, http:\/\/www.susannavaris.com\/blogg\/wp-content\/uploads\/2011\/06\/marilyn_manson_by_reckless_etc-d3h9l54-225x300.jpg 225w\" sizes=\"auto, (max-width: 768px) 100vw, 768px\" \/><\/a><\/figure>\n<\/div>\n\n\n<p><em>&#8221;Marilyn Manson by Reckless-Etc&#8221; har han d\u00f6pt om min m\u00e5lning till&#8230;<\/em><\/p>\n","protected":false},"excerpt":{"rendered":"<p>N\u00e5gon vid namn Enzo Omonte har tagit en av mina gamla manson-m\u00e5lningar, laddat upp den och tom gjort best\u00e4llning av trycksaker m\u00f6jligt. Ja herregud&#8230;han har laddat upp den till ett gruppgalleri ocks\u00e5. Jag har skrivt till Deviantart, till honom, till &hellip; <a href=\"http:\/\/www.susannavaris.com\/blogg\/2011\/06\/stulen-konst\/\">Forts\u00e4tt l\u00e4sa <span class=\"meta-nav\">&rarr;<\/span><\/a><\/p>\n","protected":false},"author":1,"featured_media":0,"comment_status":"open","ping_status":"open","sticky":false,"template":"","format":"standard","meta":{"footnotes":""},"categories":[178,7,3,1],"tags":[194,193,192],"class_list":["post-640","post","type-post","status-publish","format-standard","hentry","category-blodtryckshojare","category-egna-verk","category-konst","category-okategoriserade","tag-copyright-violation","tag-deviantart","tag-the-vampires"],"_links":{"self":[{"href":"http:\/\/www.susannavaris.com\/blogg\/wp-json\/wp\/v2\/posts\/640","targetHints":{"allow":["GET"]}}],"collection":[{"href":"http:\/\/www.susannavaris.com\/blogg\/wp-json\/wp\/v2\/posts"}],"about":[{"href":"http:\/\/www.susannavaris.com\/blogg\/wp-json\/wp\/v2\/types\/post"}],"author":[{"embeddable":true,"href":"http:\/\/www.susannavaris.com\/blogg\/wp-json\/wp\/v2\/users\/1"}],"replies":[{"embeddable":true,"href":"http:\/\/www.susannavaris.com\/blogg\/wp-json\/wp\/v2\/comments?post=640"}],"version-history":[{"count":6,"href":"http:\/\/www.susannavaris.com\/blogg\/wp-json\/wp\/v2\/posts\/640\/revisions"}],"predecessor-version":[{"id":17698,"href":"http:\/\/www.susannavaris.com\/blogg\/wp-json\/wp\/v2\/posts\/640\/revisions\/17698"}],"wp:attachment":[{"href":"http:\/\/www.susannavaris.com\/blogg\/wp-json\/wp\/v2\/media?parent=640"}],"wp:term":[{"taxonomy":"category","embeddable":true,"href":"http:\/\/www.susannavaris.com\/blogg\/wp-json\/wp\/v2\/categories?post=640"},{"taxonomy":"post_tag","embeddable":true,"href":"http:\/\/www.susannavaris.com\/blogg\/wp-json\/wp\/v2\/tags?post=640"}],"curies":[{"name":"wp","href":"https:\/\/api.w.org\/{rel}","templated":true}]}}