{"id":6427,"date":"2012-07-23T12:49:47","date_gmt":"2012-07-23T10:49:47","guid":{"rendered":"http:\/\/www.susannavaris.com\/blogg\/?p=6427"},"modified":"2012-07-23T12:55:42","modified_gmt":"2012-07-23T10:55:42","slug":"the-nobodies-blue-iii","status":"publish","type":"post","link":"http:\/\/www.susannavaris.com\/blogg\/2012\/07\/the-nobodies-blue-iii\/","title":{"rendered":"The Nobodies (Blue III)"},"content":{"rendered":"<p>En ny m\u00e5lning blev klar ig\u00e5r kv\u00e4ll efter stor m\u00f6da och m\u00e5nga svordomar, jag h\u00f6ll p\u00e5 att f\u00f6rlora den helt.<\/p>\n<p style=\"text-align: center;\"><a href=\"http:\/\/www.susannavaris.com\/blogg\/wp-content\/uploads\/2012\/07\/The-Nobodies-50-text.jpg\"><img loading=\"lazy\" decoding=\"async\" class=\"aligncenter size-large wp-image-6428\" title=\"The Nobodies-50-text\" src=\"http:\/\/www.susannavaris.com\/blogg\/wp-content\/uploads\/2012\/07\/The-Nobodies-50-text-724x1024.jpg\" alt=\"\" width=\"640\" height=\"905\" srcset=\"http:\/\/www.susannavaris.com\/blogg\/wp-content\/uploads\/2012\/07\/The-Nobodies-50-text-724x1024.jpg 724w, http:\/\/www.susannavaris.com\/blogg\/wp-content\/uploads\/2012\/07\/The-Nobodies-50-text-212x300.jpg 212w, http:\/\/www.susannavaris.com\/blogg\/wp-content\/uploads\/2012\/07\/The-Nobodies-50-text.jpg 1268w\" sizes=\"auto, (max-width: 640px) 100vw, 640px\" \/><\/a>\u00a0<em>The Nobodies (Blue III), water color 2012. Susanna Varis<\/em><\/p>\n<p style=\"text-align: center;\">Motivet kommer fr\u00e5n Marilyn Mansons video till l\u00e5ten The Nobodies, som ju \u00e4r en replik till efterspelet om skjutningarna vid Columbine highschool. Marilyn Manson anklagades f\u00f6r att ha varit en inspiration f\u00f6r ungdomarna som begick d\u00e5den (beviskedjan s\u00e5g ut ungef\u00e4r p\u00e5 f\u00f6ljande vis: ungdomarna kl\u00e4dde sig n\u00e5got udda, i tretchcoats och annat -&gt; ungdomarna m\u00e5ste vara goths -&gt; goths lyssnar p\u00e5 Marilyn Manson -&gt; det vet vi ju vad det \u00e4r f\u00f6r figur).<\/p>\n<p style=\"text-align: center;\">Videon The Nobodies:<\/p>\n<p style=\"text-align: center;\"><a href=\"http:\/\/www.youtube.com\/watch?v=qi5nTb-NRFU\">http:\/\/www.youtube.com\/watch?v=qi5nTb-NRFU<\/a><\/p>\n<p style=\"text-align: center;\">Marilyn Manson i Michael Moores Bowling for Columbine:<\/p>\n<p style=\"text-align: center;\"><a href=\"http:\/\/www.youtube.com\/watch?v=lrHFB2KP8fc\">http:\/\/www.youtube.com\/watch?v=lrHFB2KP8fc<\/a><\/p>\n<p style=\"text-align: center;\">Ett olustigt sammantr\u00e4ffande var att jag just h\u00f6ll p\u00e5 med denna m\u00e5lning n\u00e4r en ny tragedi av samma slag intr\u00e4ffade, inte l\u00e5ngt ifr\u00e5n Columbine:<\/p>\n<p style=\"text-align: center;\"><a href=\"http:\/\/www.svt.se\/nyheter\/varlden\/uppgifter-skottlossning-vid-batmanpremiar\">http:\/\/www.svt.se\/nyheter\/varlden\/uppgifter-skottlossning-vid-batmanpremiar<\/a><\/p>\n<p style=\"text-align: left;\">Samtidigt var det ig\u00e5r ett\u00e5rsdagen f\u00f6r Anders Behring Breiviks d\u00e5d p\u00e5 Ut\u00f6ya. M\u00e5nga f\u00f6rklaringar har s\u00f6kts och mycket klokt och oklokt (och en del osmakligt) har sagts, men att de avg\u00f6rande orsakerna till varf\u00f6r dessa d\u00e5d sker b\u00f6r s\u00f6kas hos individerna sj\u00e4lva, inte hos enbart yttre faktorer som olika former av ideologier eller religioner eller annat torde st\u00e5 klart. Samtidigt ska man akta sig f\u00f6r att s\u00f6ka efter en viss typ av personlighet eller annat som g\u00f6r att man enkelt tycker sig kunna peka ut vem som kan bli en potentiell g\u00e4rningsman. Det kr\u00e4vs f\u00f6rmodligen ett antal faktorer, b\u00e5de personliga och s\u00e5dana som h\u00e4nger p\u00e5 yttre omst\u00e4ndigheter f\u00f6r att n\u00e5gon ska g\u00e5 \u00f6ver gr\u00e4nsen. Under r\u00e4tt (eller fel, snarare) omst\u00e4ndigheter \u00e4r vi alla kapabla att beg\u00e5 d\u00e5d vi under normala f\u00f6rh\u00e5llanden aldrig skulle kunna t\u00e4nka oss.<\/p>\n<p style=\"text-align: left;\">Mina tankar g\u00e5r till de \u00f6verlevande och anh\u00f6riga till alla offren.<\/p>\n<p style=\"text-align: left;\">Andra artiklar om h\u00e4ndelserna i Denver:<\/p>\n<p style=\"text-align: left;\"><a href=\"http:\/\/www.svd.se\/nyheter\/utrikes\/presidenten-chockad-och-bedrovad_7360088.svd\">http:\/\/www.svd.se\/nyheter\/utrikes\/presidenten-chockad-och-bedrovad_7360088.svd<\/a><\/p>\n<p style=\"text-align: left;\"><a href=\"http:\/\/sverigesradio.se\/sida\/gruppsida.aspx?programid=3304&amp;grupp=6240&amp;artikel=5201874\">http:\/\/sverigesradio.se\/sida\/gruppsida.aspx?programid=3304&amp;grupp=6240&amp;artikel=5201874<\/a><\/p>\n<p style=\"text-align: left;\"><a href=\"http:\/\/www.dn.se\/nyheter\/varlden\/obama-traffar-anhoriga-till-offren\">http:\/\/www.dn.se\/nyheter\/varlden\/obama-traffar-anhoriga-till-offren<\/a><\/p>\n","protected":false},"excerpt":{"rendered":"<p>En ny m\u00e5lning blev klar ig\u00e5r kv\u00e4ll efter stor m\u00f6da och m\u00e5nga svordomar, jag h\u00f6ll p\u00e5 att f\u00f6rlora den helt. \u00a0The Nobodies (Blue III), water color 2012. Susanna Varis Motivet kommer fr\u00e5n Marilyn Mansons video till l\u00e5ten The Nobodies, som &hellip; <a href=\"http:\/\/www.susannavaris.com\/blogg\/2012\/07\/the-nobodies-blue-iii\/\">Forts\u00e4tt l\u00e4sa <span class=\"meta-nav\">&rarr;<\/span><\/a><\/p>\n","protected":false},"author":1,"featured_media":0,"comment_status":"open","ping_status":"open","sticky":false,"template":"","format":"standard","meta":{"footnotes":""},"categories":[7,674,3,1162,12,589,994,1,590,303],"tags":[2110,2105,2108,16,2106,2109,449,2104,2103,2107],"class_list":["post-6427","post","type-post","status-publish","format-standard","hentry","category-egna-verk","category-historia","category-konst","category-kultur","category-marilyn-manson","category-medier","category-musik","category-okategoriserade","category-politik","category-religion","tag-biograf","tag-columbine","tag-denver","tag-marilyn-manson-2","tag-michael-moore","tag-skjutning","tag-terrorism","tag-the-nobodies","tag-the-nobodies-blue-iii","tag-utoya"],"_links":{"self":[{"href":"http:\/\/www.susannavaris.com\/blogg\/wp-json\/wp\/v2\/posts\/6427","targetHints":{"allow":["GET"]}}],"collection":[{"href":"http:\/\/www.susannavaris.com\/blogg\/wp-json\/wp\/v2\/posts"}],"about":[{"href":"http:\/\/www.susannavaris.com\/blogg\/wp-json\/wp\/v2\/types\/post"}],"author":[{"embeddable":true,"href":"http:\/\/www.susannavaris.com\/blogg\/wp-json\/wp\/v2\/users\/1"}],"replies":[{"embeddable":true,"href":"http:\/\/www.susannavaris.com\/blogg\/wp-json\/wp\/v2\/comments?post=6427"}],"version-history":[{"count":5,"href":"http:\/\/www.susannavaris.com\/blogg\/wp-json\/wp\/v2\/posts\/6427\/revisions"}],"predecessor-version":[{"id":6432,"href":"http:\/\/www.susannavaris.com\/blogg\/wp-json\/wp\/v2\/posts\/6427\/revisions\/6432"}],"wp:attachment":[{"href":"http:\/\/www.susannavaris.com\/blogg\/wp-json\/wp\/v2\/media?parent=6427"}],"wp:term":[{"taxonomy":"category","embeddable":true,"href":"http:\/\/www.susannavaris.com\/blogg\/wp-json\/wp\/v2\/categories?post=6427"},{"taxonomy":"post_tag","embeddable":true,"href":"http:\/\/www.susannavaris.com\/blogg\/wp-json\/wp\/v2\/tags?post=6427"}],"curies":[{"name":"wp","href":"https:\/\/api.w.org\/{rel}","templated":true}]}}