{"id":6434,"date":"2012-07-24T12:42:53","date_gmt":"2012-07-24T10:42:53","guid":{"rendered":"http:\/\/www.susannavaris.com\/blogg\/?p=6434"},"modified":"2012-07-24T12:42:53","modified_gmt":"2012-07-24T10:42:53","slug":"semester","status":"publish","type":"post","link":"http:\/\/www.susannavaris.com\/blogg\/2012\/07\/semester\/","title":{"rendered":"Semester&#8230;?"},"content":{"rendered":"<p style=\"text-align: center;\"><a href=\"http:\/\/www.susannavaris.com\/blogg\/wp-content\/uploads\/2012\/07\/Scum-medium.jpg\"><img loading=\"lazy\" decoding=\"async\" class=\"aligncenter size-full wp-image-6438\" title=\"Scum-medium\" src=\"http:\/\/www.susannavaris.com\/blogg\/wp-content\/uploads\/2012\/07\/Scum-medium.jpg\" alt=\"\" width=\"683\" height=\"430\" srcset=\"http:\/\/www.susannavaris.com\/blogg\/wp-content\/uploads\/2012\/07\/Scum-medium.jpg 683w, http:\/\/www.susannavaris.com\/blogg\/wp-content\/uploads\/2012\/07\/Scum-medium-300x188.jpg 300w\" sizes=\"auto, (max-width: 683px) 100vw, 683px\" \/><\/a>\u00a0<em>Andrea Edwards. Foto: Jessica Bentsen\/DN<\/em><\/p>\n<p>P\u00e5 m\u00e5ndag b\u00f6rjar semestern. \u00c4ntligen! Jag har lyckats h\u00e5lla mig sj\u00e4lv i styr och inte bokat in n\u00e5gra utst\u00e4llningar eller andra aktiviteter, jag beh\u00f6ver vila. Det har d\u00e4rf\u00f6r blivit n\u00e5got f\u00e4rre inl\u00e4gg p\u00e5 sistone, iinte f\u00f6r att det skulle ha saknats \u00e4mnen att blogga om, s\u00e4rskilt inte p\u00e5 tema feminism\/ DN Kultur\/ Aftonbladet; det har kryllat av artiklar. Jag kan ju n\u00e4mna n\u00e5got f\u00f6rst\u00e5s&#8230;<\/p>\n<p>Andrea Edwards, som spelade huvudrollen i Turteaterns upps\u00e4ttning av SCUM-manifestet i h\u00f6stas, blev intervjuad i, surprise (!), DN Kultur:<\/p>\n<p><a href=\"http:\/\/www.dn.se\/kultur-noje\/scen\/scum-skadespelare-starkt-av-publikens-lycka\">http:\/\/www.dn.se\/kultur-noje\/scen\/scum-skadespelare-starkt-av-publikens-lycka<\/a><\/p>\n<p><em>&#8221;\u2013\u2009Det h\u00e4r var ju ett eget miniprojekt, 70\u2009000 i budget och min pojkv\u00e4n som regiss\u00f6r. Jag hade inte ens l\u00f6n i b\u00f6rjan. Vi r\u00e4knade med femton f\u00f6rest\u00e4llningar, \u201dmed tjugo bes\u00f6kare p\u00e5 varje f\u00f6rest\u00e4llning s\u00e5 kan jag f\u00e5 l\u00f6n i efterhand\u201d.&#8221;<\/em><\/p>\n<p>&#8230;s\u00e4ger Edwards. Detta \u00e4r ju sj\u00e4lva motivet bakom upps\u00e4ttningen; pengar och ber\u00f6mmelse. SCUM sattes upp p\u00e5 Turteatern f\u00f6r att det var tillr\u00e4ckligt provocerande f\u00f6r att s\u00e4tta teatern p\u00e5 kartan. Inte f\u00f6r att det \u00e4r en viktig text att uppf\u00f6ra. Att sedan n\u00e5gra, och framf\u00f6r allt medel\u00e5lders heterosexuella, vita m\u00e4n (den enda gruppen i samh\u00e4llet som det \u00e4r p\u00e5bjudet att hetsa \u00a0emot) blev uppr\u00f6rda var v\u00e4l bara ett plus och \u00e4nnu mera int\u00e4kter. Det finns ju, som bekant, ett sanktionerat, om inte till och med p\u00e5bjudet hat enligt den v\u00e4nsterfeministiskt orienterade delen av kultureliten. Ett annat, p\u00e5bjudet hat p\u00e5 sistone har varit det sk klasshatet. I andra fall, som i kommentarsf\u00e4lten eller p\u00e5 bloggarna, \u00e4r ju hatet ett Stort problem som vi m\u00e5ste g\u00f6ra n\u00e5got \u00e5t. Hat som hat, det \u00e4r hat om \u00e4n s\u00e5 f\u00f6rpackat i guldpapper, enligt min \u00e5sikt.<\/p>\n<p>Edwards har tydligen inte f\u00f6re upps\u00e4ttningen varit en &#8221;bel\u00e4st feminist&#8221;, men blivit mera medveten. I programmet Debatt kan man se henne &#8221;debattera&#8221; med P\u00e4r Str\u00f6m:<\/p>\n<p><a href=\"http:\/\/www.youtube.com\/watch?v=vK_GUVgUdnM\">http:\/\/www.youtube.com\/watch?v=vK_GUVgUdnM<\/a><\/p>\n<p><a href=\"http:\/\/www.youtube.com\/watch?v=Pk5vnttN2U0\">http:\/\/www.youtube.com\/watch?v=Pk5vnttN2U0<\/a><\/p>\n<p>Bortsett alla h\u00e4rskartekniker som feministfalangen h\u00e4r uppvisar, verkar anledningen till att s\u00e4tta upp SCUM-manifestet inte alls vara att det \u00e4r ett bra konstn\u00e4rligt verk, anledningen verkar i h\u00f6gsta grad vara feministisk (ideologisk).<\/p>\n<p>Andrea Edwards, g\u00f6r ett experiment; l\u00e4s DN Kultur (och \u00e4ven annan media) under en m\u00e5nad och notera alla tillf\u00e4llen d\u00e4r det skrivs negativt om m\u00e4n och manlighet. F\u00f6rs\u00f6k \u00e4ven att hitta exempel p\u00e5 d\u00e4r kvinnor eller kvinnlighet beskrivs p\u00e5 liknande s\u00e4tt. Dvs, f\u00f6rs\u00f6k att se verkligheten (i det h\u00e4r fallet i media) fr\u00e5n en mans perspektiv. Du borde klara av det, du \u00e4r ju sk\u00e5despelare. Du f\u00e5r ett pris om du hittar en enda formulering om vita, medel\u00e5lders kvinnor med en negativ eller nedl\u00e5tande ton eller ett uttryck som k\u00e4rringslem. Notera ocks\u00e5 alla sammanhang d\u00e4r feminism eller feministisk ses som hederv\u00e4rt.<\/p>\n<p>Detta om detta. Schottenius gottar sig i Kielos teorier om den &#8221;ekonomiska mannen&#8221;:<\/p>\n<p><a href=\"http:\/\/www.dn.se\/kultur-noje\/kronikor\/maria-schottenius-det-verkar-inte-finnas-nagra-alternativa-satt-att-tanka-kring-\">http:\/\/www.dn.se\/kultur-noje\/kronikor\/maria-schottenius-det-verkar-inte-finnas-nagra-alternativa-satt-att-tanka-kring-<\/a><\/p>\n<p>Se h\u00e4r, vad det gr\u00e4sliga mansk\u00f6net st\u00e4llt till med, \u00e4r undertonen. Det \u00e4r ju v\u00e4ldigt beh\u00e4ndigt att avsv\u00e4ra sig all inblandning i den moderna utvecklingen med Kielos tankekonstruktion som voodoo-docka. (\u00c5ter denna infantiliserande av kvinnan fr\u00e5n en feminist. Kvinnor \u00e4r aldrig ansvariga f\u00f6r n\u00e5gonting och ska knappt betraktas som myndiga.) Schottenius; den dagen d\u00e5 kvinnor b\u00f6rjar v\u00e4lja m\u00e4n p\u00e5 grundval av deras klena ekonomiska framg\u00e5ngar eller ointresse av karri\u00e4r, pengar och kapital, d\u00e5 kan vi b\u00f6rja diskutera.<\/p>\n<p>Ett av mina tidigare inl\u00e4gg om SCUM:<\/p>\n<p><a href=\"http:\/\/www.susannavaris.com\/blogg\/2011\/11\/sista-scummet\/\">http:\/\/www.susannavaris.com\/blogg\/2011\/11\/sista-scummet\/<\/a><\/p>\n","protected":false},"excerpt":{"rendered":"<p>\u00a0Andrea Edwards. Foto: Jessica Bentsen\/DN P\u00e5 m\u00e5ndag b\u00f6rjar semestern. \u00c4ntligen! Jag har lyckats h\u00e5lla mig sj\u00e4lv i styr och inte bokat in n\u00e5gra utst\u00e4llningar eller andra aktiviteter, jag beh\u00f6ver vila. Det har d\u00e4rf\u00f6r blivit n\u00e5got f\u00e4rre inl\u00e4gg p\u00e5 sistone, iinte &hellip; <a href=\"http:\/\/www.susannavaris.com\/blogg\/2012\/07\/semester\/\">Forts\u00e4tt l\u00e4sa <span class=\"meta-nav\">&rarr;<\/span><\/a><\/p>\n","protected":false},"author":1,"featured_media":0,"comment_status":"open","ping_status":"open","sticky":false,"template":"","format":"standard","meta":{"footnotes":""},"categories":[178,181,259,674,1321,1162,589,1,590,384],"tags":[939,2112,175,4900,2111,2086,907,906],"class_list":["post-6434","post","type-post","status-publish","format-standard","hentry","category-blodtryckshojare","category-feminism","category-genusvetenskap","category-historia","category-jamstalldhet","category-kultur","category-medier","category-okategoriserade","category-politik","category-tv","tag-andrea-edwards","tag-den-ekonomiska-mannen","tag-dn","tag-feminism","tag-kielos","tag-maria-schottenius","tag-scum","tag-turteatern"],"_links":{"self":[{"href":"http:\/\/www.susannavaris.com\/blogg\/wp-json\/wp\/v2\/posts\/6434","targetHints":{"allow":["GET"]}}],"collection":[{"href":"http:\/\/www.susannavaris.com\/blogg\/wp-json\/wp\/v2\/posts"}],"about":[{"href":"http:\/\/www.susannavaris.com\/blogg\/wp-json\/wp\/v2\/types\/post"}],"author":[{"embeddable":true,"href":"http:\/\/www.susannavaris.com\/blogg\/wp-json\/wp\/v2\/users\/1"}],"replies":[{"embeddable":true,"href":"http:\/\/www.susannavaris.com\/blogg\/wp-json\/wp\/v2\/comments?post=6434"}],"version-history":[{"count":4,"href":"http:\/\/www.susannavaris.com\/blogg\/wp-json\/wp\/v2\/posts\/6434\/revisions"}],"predecessor-version":[{"id":6439,"href":"http:\/\/www.susannavaris.com\/blogg\/wp-json\/wp\/v2\/posts\/6434\/revisions\/6439"}],"wp:attachment":[{"href":"http:\/\/www.susannavaris.com\/blogg\/wp-json\/wp\/v2\/media?parent=6434"}],"wp:term":[{"taxonomy":"category","embeddable":true,"href":"http:\/\/www.susannavaris.com\/blogg\/wp-json\/wp\/v2\/categories?post=6434"},{"taxonomy":"post_tag","embeddable":true,"href":"http:\/\/www.susannavaris.com\/blogg\/wp-json\/wp\/v2\/tags?post=6434"}],"curies":[{"name":"wp","href":"https:\/\/api.w.org\/{rel}","templated":true}]}}