{"id":6445,"date":"2012-07-25T20:33:31","date_gmt":"2012-07-25T18:33:31","guid":{"rendered":"http:\/\/www.susannavaris.com\/blogg\/?p=6445"},"modified":"2012-07-25T23:55:03","modified_gmt":"2012-07-25T21:55:03","slug":"25-juli-2012","status":"publish","type":"post","link":"http:\/\/www.susannavaris.com\/blogg\/2012\/07\/25-juli-2012\/","title":{"rendered":"25. juli 2012"},"content":{"rendered":"<p><a href=\"http:\/\/www.susannavaris.com\/blogg\/wp-content\/uploads\/2012\/07\/vattenkanna.jpg\"><img loading=\"lazy\" decoding=\"async\" class=\"aligncenter size-full wp-image-6446\" title=\"vattenkanna\" src=\"http:\/\/www.susannavaris.com\/blogg\/wp-content\/uploads\/2012\/07\/vattenkanna.jpg\" alt=\"\" width=\"500\" height=\"356\" srcset=\"http:\/\/www.susannavaris.com\/blogg\/wp-content\/uploads\/2012\/07\/vattenkanna.jpg 500w, http:\/\/www.susannavaris.com\/blogg\/wp-content\/uploads\/2012\/07\/vattenkanna-300x213.jpg 300w\" sizes=\"auto, (max-width: 500px) 100vw, 500px\" \/><\/a><\/p>\n<p>Efter ca fem timmars s\u00f6mn vaknade jag till det vanliga st\u00f6ket p\u00e5 g\u00e5rden. Fristadstiden \u00e4r, som bekant, inte synkad med min. Jag tryckte in propparna djupare i \u00f6ronen och f\u00f6rs\u00f6kte forts\u00e4tta sova en stund i bakugnsv\u00e4rmen. Det gick s\u00e5 d\u00e4r.<\/p>\n<p>8.30. ringde klockan och jag undrade vilken v\u00e4rldsdel jag befann mig i. P\u00e5 n\u00e5got s\u00e4tt hade jag tagit mig fram till handfatet, bara f\u00f6r att m\u00f6tas av en hostande och spottande kran. Nog f\u00f6r att jag visste vad som f\u00f6rmodligen var p\u00e5 g\u00e5ng, men jag testade alla kranarna i n\u00e5gon form av f\u00e5f\u00e4ngt hopp om att allt bara var en ond dr\u00f6m.<\/p>\n<p>N\u00e4pp. Ett samtal till fastighetssk\u00f6taren och jag hade upplysts om att vattnet var avst\u00e4ngt i cirka fram till middag f\u00f6r byte av huvudkran, eller vad det nu var f\u00f6r piffig detalj. S\u00e5 praktiskt. Ingen dusch, ingen frukost&#8230;inte ens ett glas vatten. Jag h\u00f6ll p\u00e5 att t\u00f6rsta ihj\u00e4l efter morgonen i bakugnen och dessutom skulle jag strax till l\u00f6nearbetet. Tydligen fanns det en lapp uppsatt p\u00e5 ytterd\u00f6rren. Problemet \u00e4r ju att det var m\u00f6rkt vid 23.30, d\u00e5 jag kom hem fr\u00e5n jobbet, d\u00f6rren stod uppst\u00e4lld, jag sparkade upp st\u00f6det och drog igen den, inte s\u00e5g jag n\u00e5gon lapp i \u00f6verkanten v\u00e4nd ut mot v\u00e4ggen.<\/p>\n<p>Efter en stunds total f\u00f6rvirring och sm\u00e5panik hade jag lyckats samla ihop en del vatten ur blomvattenflaskor och andra dito i olika ryggs\u00e4ckar. En raggardusch i en skv\u00e4tt blomvatten k\u00e4ndes inte helt optimalt med tanke p\u00e5 att vi s\u00e5g fram emot \u00e5rets varmaste dag med 30 grader. (Tajming, gott folk, tajming.)<\/p>\n<p>Efter en kopp kaffe bryggd p\u00e5 n\u00e5gon annan slatt b\u00f6rjade jag k\u00e4nna mig n\u00e5got mera fungerande och tog mig till slut till jobbet, men dagen har varit varm, klibbig och tr\u00f6tt. N\u00e5got b\u00e4ttre tajming \u00e4r det p\u00e5 min lediga dag denna vecka, den infaller imorgon.<\/p>\n<p style=\"text-align: center;\"><a href=\"http:\/\/www.susannavaris.com\/blogg\/wp-content\/uploads\/2012\/07\/vintage-ad-smirnoff-morning.jpg\"><img loading=\"lazy\" decoding=\"async\" class=\"aligncenter size-full wp-image-6447\" title=\"vintage-ad-smirnoff-morning\" src=\"http:\/\/www.susannavaris.com\/blogg\/wp-content\/uploads\/2012\/07\/vintage-ad-smirnoff-morning.jpg\" alt=\"\" width=\"356\" height=\"459\" srcset=\"http:\/\/www.susannavaris.com\/blogg\/wp-content\/uploads\/2012\/07\/vintage-ad-smirnoff-morning.jpg 356w, http:\/\/www.susannavaris.com\/blogg\/wp-content\/uploads\/2012\/07\/vintage-ad-smirnoff-morning-232x300.jpg 232w\" sizes=\"auto, (max-width: 356px) 100vw, 356px\" \/><\/a>\u00a0<em>Ocks\u00e5 ett frukostalternativ<\/em><\/p>\n","protected":false},"excerpt":{"rendered":"<p>Efter ca fem timmars s\u00f6mn vaknade jag till det vanliga st\u00f6ket p\u00e5 g\u00e5rden. Fristadstiden \u00e4r, som bekant, inte synkad med min. Jag tryckte in propparna djupare i \u00f6ronen och f\u00f6rs\u00f6kte forts\u00e4tta sova en stund i bakugnsv\u00e4rmen. Det gick s\u00e5 d\u00e4r. &hellip; <a href=\"http:\/\/www.susannavaris.com\/blogg\/2012\/07\/25-juli-2012\/\">Forts\u00e4tt l\u00e4sa <span class=\"meta-nav\">&rarr;<\/span><\/a><\/p>\n","protected":false},"author":1,"featured_media":0,"comment_status":"open","ping_status":"open","sticky":false,"template":"","format":"standard","meta":{"footnotes":""},"categories":[1162,1],"tags":[2117,2118,514,2116],"class_list":["post-6445","post","type-post","status-publish","format-standard","hentry","category-kultur","category-okategoriserade","tag-avstangt-vatten","tag-fristads","tag-hantverkare","tag-vatten"],"_links":{"self":[{"href":"http:\/\/www.susannavaris.com\/blogg\/wp-json\/wp\/v2\/posts\/6445","targetHints":{"allow":["GET"]}}],"collection":[{"href":"http:\/\/www.susannavaris.com\/blogg\/wp-json\/wp\/v2\/posts"}],"about":[{"href":"http:\/\/www.susannavaris.com\/blogg\/wp-json\/wp\/v2\/types\/post"}],"author":[{"embeddable":true,"href":"http:\/\/www.susannavaris.com\/blogg\/wp-json\/wp\/v2\/users\/1"}],"replies":[{"embeddable":true,"href":"http:\/\/www.susannavaris.com\/blogg\/wp-json\/wp\/v2\/comments?post=6445"}],"version-history":[{"count":5,"href":"http:\/\/www.susannavaris.com\/blogg\/wp-json\/wp\/v2\/posts\/6445\/revisions"}],"predecessor-version":[{"id":6476,"href":"http:\/\/www.susannavaris.com\/blogg\/wp-json\/wp\/v2\/posts\/6445\/revisions\/6476"}],"wp:attachment":[{"href":"http:\/\/www.susannavaris.com\/blogg\/wp-json\/wp\/v2\/media?parent=6445"}],"wp:term":[{"taxonomy":"category","embeddable":true,"href":"http:\/\/www.susannavaris.com\/blogg\/wp-json\/wp\/v2\/categories?post=6445"},{"taxonomy":"post_tag","embeddable":true,"href":"http:\/\/www.susannavaris.com\/blogg\/wp-json\/wp\/v2\/tags?post=6445"}],"curies":[{"name":"wp","href":"https:\/\/api.w.org\/{rel}","templated":true}]}}