{"id":6468,"date":"2012-07-25T22:17:42","date_gmt":"2012-07-25T20:17:42","guid":{"rendered":"http:\/\/www.susannavaris.com\/blogg\/?p=6468"},"modified":"2012-07-26T10:29:46","modified_gmt":"2012-07-26T08:29:46","slug":"emmaboda-revisited","status":"publish","type":"post","link":"http:\/\/www.susannavaris.com\/blogg\/2012\/07\/emmaboda-revisited\/","title":{"rendered":"Emmaboda revisited"},"content":{"rendered":"<p><a href=\"http:\/\/www.susannavaris.com\/blogg\/wp-content\/uploads\/2012\/07\/emmabodafestivalenunavngivet2.jpg\"><img loading=\"lazy\" decoding=\"async\" class=\"aligncenter size-full wp-image-6469\" title=\"emmabodafestivalenunavngivet2\" src=\"http:\/\/www.susannavaris.com\/blogg\/wp-content\/uploads\/2012\/07\/emmabodafestivalenunavngivet2.jpg\" alt=\"\" width=\"221\" height=\"167\" \/><\/a><\/p>\n<p>Jahapp, s\u00e5 hade vi Emmaboda-festivalen och dess b\u00e5ngstyriga arrang\u00f6r H\u00e5kan Karlsson, som DN Kultur \u00e4ven denna \u00e5r verkar g\u00e5 bet p\u00e5 i sin iver att uppfostra det svenska folket i radikalfeminism och genusteorier:<\/p>\n<p><a href=\"http:\/\/www.dn.se\/kultur-noje\/musik\/emmaboda-nobbar-jamstalldhet\">http:\/\/www.dn.se\/kultur-noje\/musik\/emmaboda-nobbar-jamstalldhet<\/a><\/p>\n<p>&#8221;Emmaboda nobbar j\u00e4mst\u00e4lldhet&#8221;, skriker rubriken. J\u00e4mst\u00e4lldhet \u00e4r ju, som vi numera k\u00e4nner till, en 50\/50-f\u00f6rdelning av k\u00f6nen inom livets alla omr\u00e5den, i alla sektorer i samh\u00e4llet, \u00f6verallt. Vad de dumma kritterna till folk kan t\u00e4nkas vilja syssla med \u00e4r irrelevant f\u00f6r en radikalfeminist i samh\u00e4llsomdaningstagen.<\/p>\n<p>H\u00e5kan Karlsson gjorde ett mindre lyckat uttalande i fjol, d\u00e4r han talade om krymplingar bland annat, men i sak har han r\u00e4tt; en festivalarrang\u00f6rs uppgift \u00e4r inte att uppr\u00e4tta n\u00e5gon form av 50\/50-f\u00f6rdelning mellan k\u00f6nen eller n\u00e5gon annan f\u00f6rdelning heller baserad p\u00e5 andra indelningar av befolkningsgrupper. Uppgiften \u00e4r att se till musikalisk kvalitet och popularitet hos de inbokade artisterna och att skapa en attraktiv festival f\u00f6r publiken.<\/p>\n<p>Det m\u00e5ste vara de obefintliga matematikkunskaperna som sp\u00f6kar, men det h\u00e4r kan ni v\u00e4l \u00e4nd\u00e5 f\u00f6rst\u00e5 (sn\u00e4lla radikalfeminister); om underlaget av bokningsbara artister best\u00e5r av t ex 20 % &#8221;kvinnliga akter&#8221; (feministerna tycks \u00e4ven h\u00e4r anv\u00e4nda sig av en speciell modell f\u00f6r definition; som kvinnlig akt r\u00e4knas ett band som best\u00e5r av mer \u00e4n 50 % kvinnliga medlemmar. Dessutom r\u00e4knar man antalet individer av vardera k\u00f6net; ex vis Rihanna och Swedish House Maffia ger f\u00f6rdelningen 1 &#8211; 3, men till exempel Nightwish r\u00e4knas inte i n\u00e5gon mening som kvinnlig akt) och 80 % manliga akter s\u00e5 leder en 50\/50 %-f\u00f6rdelning av platserna till en diskriminering av manliga akter. P\u00e5 vad s\u00e4tt \u00e4r H\u00e5kan Karlssons agerande att &#8221;nobba j\u00e4mst\u00e4lldhet&#8221;?<\/p>\n<p>Ett tidigare inl\u00e4gg om detta:<\/p>\n<p><a href=\"http:\/\/www.susannavaris.com\/blogg\/2011\/12\/dagens-patriarkala-fortryck\/\">http:\/\/www.susannavaris.com\/blogg\/2011\/12\/dagens-patriarkala-fortryck\/<\/a><\/p>\n","protected":false},"excerpt":{"rendered":"<p>Jahapp, s\u00e5 hade vi Emmaboda-festivalen och dess b\u00e5ngstyriga arrang\u00f6r H\u00e5kan Karlsson, som DN Kultur \u00e4ven denna \u00e5r verkar g\u00e5 bet p\u00e5 i sin iver att uppfostra det svenska folket i radikalfeminism och genusteorier: http:\/\/www.dn.se\/kultur-noje\/musik\/emmaboda-nobbar-jamstalldhet &#8221;Emmaboda nobbar j\u00e4mst\u00e4lldhet&#8221;, skriker rubriken. J\u00e4mst\u00e4lldhet &hellip; <a href=\"http:\/\/www.susannavaris.com\/blogg\/2012\/07\/emmaboda-revisited\/\">Forts\u00e4tt l\u00e4sa <span class=\"meta-nav\">&rarr;<\/span><\/a><\/p>\n","protected":false},"author":1,"featured_media":0,"comment_status":"open","ping_status":"open","sticky":false,"template":"","format":"standard","meta":{"footnotes":""},"categories":[181,259,1321,1419,1162,589,994,1,590,403],"tags":[2075,2121,4900,4899,2122,4918,2123],"class_list":["post-6468","post","type-post","status-publish","format-standard","hentry","category-feminism","category-genusvetenskap","category-jamstalldhet","category-konsert","category-kultur","category-medier","category-musik","category-okategoriserade","category-politik","category-pseudovetenskap","tag-dn-kultur","tag-emmabodafestivalen","tag-feminism","tag-genus","tag-hakan-karlsson","tag-jamstalldhet","tag-kvotering"],"_links":{"self":[{"href":"http:\/\/www.susannavaris.com\/blogg\/wp-json\/wp\/v2\/posts\/6468","targetHints":{"allow":["GET"]}}],"collection":[{"href":"http:\/\/www.susannavaris.com\/blogg\/wp-json\/wp\/v2\/posts"}],"about":[{"href":"http:\/\/www.susannavaris.com\/blogg\/wp-json\/wp\/v2\/types\/post"}],"author":[{"embeddable":true,"href":"http:\/\/www.susannavaris.com\/blogg\/wp-json\/wp\/v2\/users\/1"}],"replies":[{"embeddable":true,"href":"http:\/\/www.susannavaris.com\/blogg\/wp-json\/wp\/v2\/comments?post=6468"}],"version-history":[{"count":8,"href":"http:\/\/www.susannavaris.com\/blogg\/wp-json\/wp\/v2\/posts\/6468\/revisions"}],"predecessor-version":[{"id":6478,"href":"http:\/\/www.susannavaris.com\/blogg\/wp-json\/wp\/v2\/posts\/6468\/revisions\/6478"}],"wp:attachment":[{"href":"http:\/\/www.susannavaris.com\/blogg\/wp-json\/wp\/v2\/media?parent=6468"}],"wp:term":[{"taxonomy":"category","embeddable":true,"href":"http:\/\/www.susannavaris.com\/blogg\/wp-json\/wp\/v2\/categories?post=6468"},{"taxonomy":"post_tag","embeddable":true,"href":"http:\/\/www.susannavaris.com\/blogg\/wp-json\/wp\/v2\/tags?post=6468"}],"curies":[{"name":"wp","href":"https:\/\/api.w.org\/{rel}","templated":true}]}}