{"id":6513,"date":"2012-07-28T11:28:44","date_gmt":"2012-07-28T09:28:44","guid":{"rendered":"http:\/\/www.susannavaris.com\/blogg\/?p=6513"},"modified":"2012-07-28T11:31:20","modified_gmt":"2012-07-28T09:31:20","slug":"ilskan-mot-sj","status":"publish","type":"post","link":"http:\/\/www.susannavaris.com\/blogg\/2012\/07\/ilskan-mot-sj\/","title":{"rendered":"Ilskan mot SJ?"},"content":{"rendered":"<p><a href=\"http:\/\/www.susannavaris.com\/blogg\/wp-content\/uploads\/2012\/07\/DSC_0177-50.jpg\"><img loading=\"lazy\" decoding=\"async\" class=\"aligncenter size-large wp-image-6514\" title=\"DSC_0177-50\" src=\"http:\/\/www.susannavaris.com\/blogg\/wp-content\/uploads\/2012\/07\/DSC_0177-50-1024x682.jpg\" alt=\"\" width=\"640\" height=\"426\" srcset=\"http:\/\/www.susannavaris.com\/blogg\/wp-content\/uploads\/2012\/07\/DSC_0177-50-1024x682.jpg 1024w, http:\/\/www.susannavaris.com\/blogg\/wp-content\/uploads\/2012\/07\/DSC_0177-50-300x200.jpg 300w\" sizes=\"auto, (max-width: 640px) 100vw, 640px\" \/><\/a><\/p>\n<p style=\"text-align: center;\"><em>Artikel av Hanna Jakobsson i Expressen<\/em><\/p>\n<p style=\"text-align: center;\">Att kv\u00e4llstidningarna \u00e4r som de \u00e4r och v\u00e4rderar sanningen l\u00e4gre \u00e4n nyheten \u00e4r k\u00e4nt sedan l\u00e4nge, men varf\u00f6r denna st\u00e4ndiga hets mot SJ? Skulle det inte vara mera relevant att rikta sin ilska (eller i det h\u00e4r fallet, resen\u00e4rernas ilska) mot det den allt som oftast ang\u00e5r, dvs Trafikverket?<\/p>\n<p style=\"text-align: center;\">SJ har sina fel och brister, men ofta ligger dessa hos framf\u00f6r allt Trafikverket. I artikeln har man tagit upp sammanlagt \u00e5tta trafikst\u00f6rningar varav Ingen var att h\u00e4nf\u00f6ra till SJ. Vissa av h\u00e4ndelserna \u00e4r orsakade av h\u00e4ndelser utanf\u00f6r varken Trafikverkets eller operat\u00f6rernas kontroll. Brand i elst\u00e4llverk, nedriven kontaktledning pga nedfallet tr\u00e4d, datorfel p\u00e5 driftledningscentralen i G\u00f6teborg, en solkurva, skadad kontaktledning i Sm\u00e5land, nedfallen ledning vid Karlberg, stormen Dagmar som f\u00e4ller ett antal tr\u00e4d \u00f6ver ledningar p\u00e5 olika h\u00e5ll och kopparst\u00f6lder p\u00e5 S\u00f6dra stambanan. I konsekvensens namn b\u00f6r man forts\u00e4ttningsvis skylla p\u00e5 bilisterna n\u00e4r det uppst\u00e5r k\u00f6bildning om v\u00e4gen pl\u00f6tsligt blir ofarbar eller trafiksignalerna inte fungerar.<\/p>\n<p style=\"text-align: center;\">F\u00f6r Hanna Jakobsson k\u00e4nner v\u00e4l till att SJ \u00e4r en trafikoperat\u00f6r och att Trafikverket ansvarar f\u00f6r sp\u00e5ranl\u00e4ggningarna?<\/p>\n","protected":false},"excerpt":{"rendered":"<p>Artikel av Hanna Jakobsson i Expressen Att kv\u00e4llstidningarna \u00e4r som de \u00e4r och v\u00e4rderar sanningen l\u00e4gre \u00e4n nyheten \u00e4r k\u00e4nt sedan l\u00e4nge, men varf\u00f6r denna st\u00e4ndiga hets mot SJ? Skulle det inte vara mera relevant att rikta sin ilska (eller &hellip; <a href=\"http:\/\/www.susannavaris.com\/blogg\/2012\/07\/ilskan-mot-sj\/\">Forts\u00e4tt l\u00e4sa <span class=\"meta-nav\">&rarr;<\/span><\/a><\/p>\n","protected":false},"author":1,"featured_media":0,"comment_status":"open","ping_status":"open","sticky":false,"template":"","format":"standard","meta":{"footnotes":""},"categories":[178,589,1,889],"tags":[356,2142,1446,1432,2143,1986],"class_list":["post-6513","post","type-post","status-publish","format-standard","hentry","category-blodtryckshojare","category-medier","category-okategoriserade","category-teknik","tag-expressen","tag-hanna-jakobsson","tag-sj","tag-tag","tag-tagtrafik","tag-trafikverket"],"_links":{"self":[{"href":"http:\/\/www.susannavaris.com\/blogg\/wp-json\/wp\/v2\/posts\/6513","targetHints":{"allow":["GET"]}}],"collection":[{"href":"http:\/\/www.susannavaris.com\/blogg\/wp-json\/wp\/v2\/posts"}],"about":[{"href":"http:\/\/www.susannavaris.com\/blogg\/wp-json\/wp\/v2\/types\/post"}],"author":[{"embeddable":true,"href":"http:\/\/www.susannavaris.com\/blogg\/wp-json\/wp\/v2\/users\/1"}],"replies":[{"embeddable":true,"href":"http:\/\/www.susannavaris.com\/blogg\/wp-json\/wp\/v2\/comments?post=6513"}],"version-history":[{"count":4,"href":"http:\/\/www.susannavaris.com\/blogg\/wp-json\/wp\/v2\/posts\/6513\/revisions"}],"predecessor-version":[{"id":6518,"href":"http:\/\/www.susannavaris.com\/blogg\/wp-json\/wp\/v2\/posts\/6513\/revisions\/6518"}],"wp:attachment":[{"href":"http:\/\/www.susannavaris.com\/blogg\/wp-json\/wp\/v2\/media?parent=6513"}],"wp:term":[{"taxonomy":"category","embeddable":true,"href":"http:\/\/www.susannavaris.com\/blogg\/wp-json\/wp\/v2\/categories?post=6513"},{"taxonomy":"post_tag","embeddable":true,"href":"http:\/\/www.susannavaris.com\/blogg\/wp-json\/wp\/v2\/tags?post=6513"}],"curies":[{"name":"wp","href":"https:\/\/api.w.org\/{rel}","templated":true}]}}