{"id":6552,"date":"2012-08-01T21:38:25","date_gmt":"2012-08-01T19:38:25","guid":{"rendered":"http:\/\/www.susannavaris.com\/blogg\/?p=6552"},"modified":"2012-08-01T21:38:25","modified_gmt":"2012-08-01T19:38:25","slug":"fodelsedagen-2012","status":"publish","type":"post","link":"http:\/\/www.susannavaris.com\/blogg\/2012\/08\/fodelsedagen-2012\/","title":{"rendered":"F\u00f6delsedagen 2012"},"content":{"rendered":"<p><a href=\"http:\/\/www.susannavaris.com\/blogg\/wp-content\/uploads\/2012\/08\/DSC_0192-crop.jpg\"><img loading=\"lazy\" decoding=\"async\" class=\"aligncenter size-large wp-image-6553\" title=\"DSC_0192-crop\" src=\"http:\/\/www.susannavaris.com\/blogg\/wp-content\/uploads\/2012\/08\/DSC_0192-crop-461x1024.jpg\" alt=\"\" width=\"461\" height=\"1024\" srcset=\"http:\/\/www.susannavaris.com\/blogg\/wp-content\/uploads\/2012\/08\/DSC_0192-crop-461x1024.jpg 461w, http:\/\/www.susannavaris.com\/blogg\/wp-content\/uploads\/2012\/08\/DSC_0192-crop-135x300.jpg 135w\" sizes=\"auto, (max-width: 461px) 100vw, 461px\" \/><\/a><\/p>\n<p>Idag firade vi min f\u00f6delsedag mycket sm\u00e5skaligt p\u00e5 en trevlig restaurang i Gamla stan i Stockholm. Jag hade dr\u00f6mt om en speciell r\u00e4tt med tofu som finns just p\u00e5 denna restaurang allt sedan jag f\u00f6r f\u00f6rsta g\u00e5ngen provade den efter en dag p\u00e5 Galleri T tidigare i \u00e5r, och ville absolut ha den p\u00e5 min f\u00f6delsedag.<\/p>\n<p>Dr\u00f6svis med gratulationer hade regnat in p\u00e5 Facebook p\u00e5 f\u00f6rmiddagen och jag valde att svara alla personligen&#8230;(puh!) Tack alla, \u00e4n en g\u00e5ng!<\/p>\n<p style=\"text-align: center;\"><a href=\"http:\/\/www.susannavaris.com\/blogg\/wp-content\/uploads\/2012\/08\/lenamaijanen.jpg\"><img loading=\"lazy\" decoding=\"async\" class=\"aligncenter size-full wp-image-6554\" title=\"lenamaijanen\" src=\"http:\/\/www.susannavaris.com\/blogg\/wp-content\/uploads\/2012\/08\/lenamaijanen.jpg\" alt=\"\" width=\"500\" height=\"333\" srcset=\"http:\/\/www.susannavaris.com\/blogg\/wp-content\/uploads\/2012\/08\/lenamaijanen.jpg 500w, http:\/\/www.susannavaris.com\/blogg\/wp-content\/uploads\/2012\/08\/lenamaijanen-300x199.jpg 300w\" sizes=\"auto, (max-width: 500px) 100vw, 500px\" \/><\/a>\u00a0<em>Fr\u00e5n Lena Maijanen&#8230;<\/em><\/p>\n<p style=\"text-align: center;\"><a href=\"http:\/\/www.susannavaris.com\/blogg\/wp-content\/uploads\/2012\/08\/marielouiseahlgren.jpg\"><img loading=\"lazy\" decoding=\"async\" class=\"aligncenter size-full wp-image-6555\" title=\"marielouiseahlgren\" src=\"http:\/\/www.susannavaris.com\/blogg\/wp-content\/uploads\/2012\/08\/marielouiseahlgren.jpg\" alt=\"\" width=\"680\" height=\"476\" srcset=\"http:\/\/www.susannavaris.com\/blogg\/wp-content\/uploads\/2012\/08\/marielouiseahlgren.jpg 680w, http:\/\/www.susannavaris.com\/blogg\/wp-content\/uploads\/2012\/08\/marielouiseahlgren-300x210.jpg 300w\" sizes=\"auto, (max-width: 680px) 100vw, 680px\" \/><\/a>\u00a0<em>&#8230;Marie-Louise Ahlgren&#8230;<\/em><\/p>\n<p style=\"text-align: center;\"><a href=\"http:\/\/www.susannavaris.com\/blogg\/wp-content\/uploads\/2012\/08\/hughbd.jpg\"><img loading=\"lazy\" decoding=\"async\" class=\"aligncenter size-large wp-image-6556\" title=\"hughbd\" src=\"http:\/\/www.susannavaris.com\/blogg\/wp-content\/uploads\/2012\/08\/hughbd-1024x575.jpg\" alt=\"\" width=\"640\" height=\"359\" srcset=\"http:\/\/www.susannavaris.com\/blogg\/wp-content\/uploads\/2012\/08\/hughbd-1024x575.jpg 1024w, http:\/\/www.susannavaris.com\/blogg\/wp-content\/uploads\/2012\/08\/hughbd-300x168.jpg 300w, http:\/\/www.susannavaris.com\/blogg\/wp-content\/uploads\/2012\/08\/hughbd.jpg 1366w\" sizes=\"auto, (max-width: 640px) 100vw, 640px\" \/><\/a><em>\u00a0&#8230;fr\u00e5n en viss Brian Warners far&#8230;<\/em><\/p>\n<p style=\"text-align: center;\"><a href=\"http:\/\/www.susannavaris.com\/blogg\/wp-content\/uploads\/2012\/08\/tracycathleen.jpg\"><img loading=\"lazy\" decoding=\"async\" class=\"aligncenter size-full wp-image-6557\" title=\"tracycathleen\" src=\"http:\/\/www.susannavaris.com\/blogg\/wp-content\/uploads\/2012\/08\/tracycathleen.jpg\" alt=\"\" width=\"282\" height=\"320\" srcset=\"http:\/\/www.susannavaris.com\/blogg\/wp-content\/uploads\/2012\/08\/tracycathleen.jpg 282w, http:\/\/www.susannavaris.com\/blogg\/wp-content\/uploads\/2012\/08\/tracycathleen-264x300.jpg 264w\" sizes=\"auto, (max-width: 282px) 100vw, 282px\" \/><\/a>\u00a0<em>&#8230;stilfullt fr\u00e5n Tracy Cathleen&#8230;<\/em><\/p>\n<p style=\"text-align: center;\"><a href=\"http:\/\/www.susannavaris.com\/blogg\/wp-content\/uploads\/2012\/08\/lianapagava.jpg\"><img loading=\"lazy\" decoding=\"async\" class=\"aligncenter size-full wp-image-6558\" title=\"lianapagava\" src=\"http:\/\/www.susannavaris.com\/blogg\/wp-content\/uploads\/2012\/08\/lianapagava.jpg\" alt=\"\" width=\"480\" height=\"360\" srcset=\"http:\/\/www.susannavaris.com\/blogg\/wp-content\/uploads\/2012\/08\/lianapagava.jpg 480w, http:\/\/www.susannavaris.com\/blogg\/wp-content\/uploads\/2012\/08\/lianapagava-300x225.jpg 300w\" sizes=\"auto, (max-width: 480px) 100vw, 480px\" \/><\/a><em>&#8230;fr\u00e5n Liana Pagava&#8230;<\/em><\/p>\n<p style=\"text-align: center;\"><a href=\"http:\/\/www.susannavaris.com\/blogg\/wp-content\/uploads\/2012\/08\/ninaaxer.jpg\"><img loading=\"lazy\" decoding=\"async\" class=\"aligncenter size-full wp-image-6559\" title=\"ninaaxer\" src=\"http:\/\/www.susannavaris.com\/blogg\/wp-content\/uploads\/2012\/08\/ninaaxer.jpg\" alt=\"\" width=\"300\" height=\"300\" srcset=\"http:\/\/www.susannavaris.com\/blogg\/wp-content\/uploads\/2012\/08\/ninaaxer.jpg 300w, http:\/\/www.susannavaris.com\/blogg\/wp-content\/uploads\/2012\/08\/ninaaxer-150x150.jpg 150w\" sizes=\"auto, (max-width: 300px) 100vw, 300px\" \/><\/a><em>\u00a0&#8230;och fr\u00e5n Nina Axer!<\/em><\/p>\n<p style=\"text-align: center;\">Allt \u00e4r s\u00e5 flyktigt numera, inga fysiska kort att spara (kanske tur det, med tanke p\u00e5 alla m\u00e4ngder med saker jag samlat p\u00e5 mig genom \u00e5ren&#8230;), s\u00e5 jag sparar dessa h\u00e4lsningar h\u00e4r p\u00e5 bloggen.<\/p>\n<p style=\"text-align: center;\"><a href=\"http:\/\/www.susannavaris.com\/blogg\/wp-content\/uploads\/2012\/08\/DSC_0189-50.jpg\"><img loading=\"lazy\" decoding=\"async\" class=\"aligncenter size-large wp-image-6560\" title=\"DSC_0189-50\" src=\"http:\/\/www.susannavaris.com\/blogg\/wp-content\/uploads\/2012\/08\/DSC_0189-50-1024x682.jpg\" alt=\"\" width=\"640\" height=\"426\" srcset=\"http:\/\/www.susannavaris.com\/blogg\/wp-content\/uploads\/2012\/08\/DSC_0189-50-1024x682.jpg 1024w, http:\/\/www.susannavaris.com\/blogg\/wp-content\/uploads\/2012\/08\/DSC_0189-50-300x200.jpg 300w\" sizes=\"auto, (max-width: 640px) 100vw, 640px\" \/><\/a><em>\u00a0F\u00f6re restaurangbes\u00f6ket h\u00e4mtade vi \u00e4ntligen konsertbiljetterna till Twins of Evil. Dessa biljetter har i det n\u00e4rmaste orsakat mig hj\u00e4rtattack, blodst\u00f6rtning och ett antal nerv\u00f6sa sammanbrott. Om jag ser \u00e4ldre ut p\u00e5 mina f\u00f6delsedagsbilder \u00e4n mina 44 \u00e5r, s\u00e5 kan vi tacka Live Nation, Ticnet och ATG f\u00f6r detta.<\/em><\/p>\n<p style=\"text-align: center;\"><a href=\"http:\/\/www.susannavaris.com\/blogg\/wp-content\/uploads\/2012\/08\/DSC_0185-crop-adj-50-adj.jpg\"><img loading=\"lazy\" decoding=\"async\" class=\"aligncenter size-large wp-image-6561\" title=\"DSC_0185-crop-adj-50-adj\" src=\"http:\/\/www.susannavaris.com\/blogg\/wp-content\/uploads\/2012\/08\/DSC_0185-crop-adj-50-adj-1024x677.jpg\" alt=\"\" width=\"640\" height=\"423\" srcset=\"http:\/\/www.susannavaris.com\/blogg\/wp-content\/uploads\/2012\/08\/DSC_0185-crop-adj-50-adj-1024x677.jpg 1024w, http:\/\/www.susannavaris.com\/blogg\/wp-content\/uploads\/2012\/08\/DSC_0185-crop-adj-50-adj-300x198.jpg 300w, http:\/\/www.susannavaris.com\/blogg\/wp-content\/uploads\/2012\/08\/DSC_0185-crop-adj-50-adj.jpg 1633w\" sizes=\"auto, (max-width: 640px) 100vw, 640px\" \/><\/a>\u00a0<em>Jag och moderskan<\/em><\/p>\n<p style=\"text-align: center;\"><a href=\"http:\/\/www.susannavaris.com\/blogg\/wp-content\/uploads\/2012\/08\/DSC_0186-50.jpg\"><img loading=\"lazy\" decoding=\"async\" class=\"aligncenter size-large wp-image-6562\" title=\"DSC_0186-50\" src=\"http:\/\/www.susannavaris.com\/blogg\/wp-content\/uploads\/2012\/08\/DSC_0186-50-1024x682.jpg\" alt=\"\" width=\"640\" height=\"426\" srcset=\"http:\/\/www.susannavaris.com\/blogg\/wp-content\/uploads\/2012\/08\/DSC_0186-50-1024x682.jpg 1024w, http:\/\/www.susannavaris.com\/blogg\/wp-content\/uploads\/2012\/08\/DSC_0186-50-300x200.jpg 300w\" sizes=\"auto, (max-width: 640px) 100vw, 640px\" \/><\/a>\u00a0<em>Hungrig Uffe<\/em><\/p>\n<p style=\"text-align: center;\"><a href=\"http:\/\/www.susannavaris.com\/blogg\/wp-content\/uploads\/2012\/08\/DSC_0187-50.jpg\"><img loading=\"lazy\" decoding=\"async\" class=\"aligncenter size-large wp-image-6563\" title=\"DSC_0187-50\" src=\"http:\/\/www.susannavaris.com\/blogg\/wp-content\/uploads\/2012\/08\/DSC_0187-50-1024x682.jpg\" alt=\"\" width=\"640\" height=\"426\" srcset=\"http:\/\/www.susannavaris.com\/blogg\/wp-content\/uploads\/2012\/08\/DSC_0187-50-1024x682.jpg 1024w, http:\/\/www.susannavaris.com\/blogg\/wp-content\/uploads\/2012\/08\/DSC_0187-50-300x200.jpg 300w\" sizes=\"auto, (max-width: 640px) 100vw, 640px\" \/><\/a>\u00a0<em>Stark tofu-gryta med vitl\u00f6k, kryddor och n\u00f6tter&#8230;underbart!!<\/em><\/p>\n<p style=\"text-align: center;\"><a href=\"http:\/\/www.susannavaris.com\/blogg\/wp-content\/uploads\/2012\/08\/DSC_0188-50.jpg\"><img loading=\"lazy\" decoding=\"async\" class=\"aligncenter size-large wp-image-6564\" title=\"DSC_0188-50\" src=\"http:\/\/www.susannavaris.com\/blogg\/wp-content\/uploads\/2012\/08\/DSC_0188-50-1024x682.jpg\" alt=\"\" width=\"640\" height=\"426\" srcset=\"http:\/\/www.susannavaris.com\/blogg\/wp-content\/uploads\/2012\/08\/DSC_0188-50-1024x682.jpg 1024w, http:\/\/www.susannavaris.com\/blogg\/wp-content\/uploads\/2012\/08\/DSC_0188-50-300x200.jpg 300w\" sizes=\"auto, (max-width: 640px) 100vw, 640px\" \/><\/a>\u00a0<em>Glass, choklads\u00e5s, kaffe och Martell p\u00e5 maten&#8230;<\/em><\/p>\n<p style=\"text-align: center;\"><a href=\"http:\/\/www.susannavaris.com\/blogg\/wp-content\/uploads\/2012\/08\/DSC_0194-crop-50.jpg\"><img loading=\"lazy\" decoding=\"async\" class=\"aligncenter size-large wp-image-6565\" title=\"DSC_0194-crop-50\" src=\"http:\/\/www.susannavaris.com\/blogg\/wp-content\/uploads\/2012\/08\/DSC_0194-crop-50-701x1024.jpg\" alt=\"\" width=\"640\" height=\"934\" srcset=\"http:\/\/www.susannavaris.com\/blogg\/wp-content\/uploads\/2012\/08\/DSC_0194-crop-50-701x1024.jpg 701w, http:\/\/www.susannavaris.com\/blogg\/wp-content\/uploads\/2012\/08\/DSC_0194-crop-50-205x300.jpg 205w, http:\/\/www.susannavaris.com\/blogg\/wp-content\/uploads\/2012\/08\/DSC_0194-crop-50.jpg 1097w\" sizes=\"auto, (max-width: 640px) 100vw, 640px\" \/><\/a><\/p>\n<p style=\"text-align: center;\"><a href=\"http:\/\/www.susannavaris.com\/blogg\/wp-content\/uploads\/2012\/08\/DSC_0195-crop-adj-50.jpg\"><img loading=\"lazy\" decoding=\"async\" class=\"aligncenter size-large wp-image-6566\" title=\"DSC_0195-crop-adj-50\" src=\"http:\/\/www.susannavaris.com\/blogg\/wp-content\/uploads\/2012\/08\/DSC_0195-crop-adj-50-660x1024.jpg\" alt=\"\" width=\"640\" height=\"992\" srcset=\"http:\/\/www.susannavaris.com\/blogg\/wp-content\/uploads\/2012\/08\/DSC_0195-crop-adj-50-660x1024.jpg 660w, http:\/\/www.susannavaris.com\/blogg\/wp-content\/uploads\/2012\/08\/DSC_0195-crop-adj-50-193x300.jpg 193w, http:\/\/www.susannavaris.com\/blogg\/wp-content\/uploads\/2012\/08\/DSC_0195-crop-adj-50.jpg 1075w\" sizes=\"auto, (max-width: 640px) 100vw, 640px\" \/><\/a>\u00a0<em>Fina blommor fr\u00e5n Moderskan&#8230;<\/em><\/p>\n<p style=\"text-align: center;\"><a href=\"http:\/\/www.susannavaris.com\/blogg\/wp-content\/uploads\/2012\/08\/DSC_0197-adj-crop-50.jpg\"><img loading=\"lazy\" decoding=\"async\" class=\"aligncenter size-large wp-image-6567\" title=\"DSC_0197-adj-crop-50\" src=\"http:\/\/www.susannavaris.com\/blogg\/wp-content\/uploads\/2012\/08\/DSC_0197-adj-crop-50-922x1024.jpg\" alt=\"\" width=\"640\" height=\"710\" srcset=\"http:\/\/www.susannavaris.com\/blogg\/wp-content\/uploads\/2012\/08\/DSC_0197-adj-crop-50-922x1024.jpg 922w, http:\/\/www.susannavaris.com\/blogg\/wp-content\/uploads\/2012\/08\/DSC_0197-adj-crop-50-270x300.jpg 270w, http:\/\/www.susannavaris.com\/blogg\/wp-content\/uploads\/2012\/08\/DSC_0197-adj-crop-50.jpg 1529w\" sizes=\"auto, (max-width: 640px) 100vw, 640px\" \/><\/a><\/p>\n<p style=\"text-align: center;\">\u00a0<a href=\"http:\/\/www.susannavaris.com\/blogg\/wp-content\/uploads\/2012\/08\/DSC_0199-50.jpg\"><img loading=\"lazy\" decoding=\"async\" class=\"aligncenter size-large wp-image-6568\" title=\"DSC_0199-50\" src=\"http:\/\/www.susannavaris.com\/blogg\/wp-content\/uploads\/2012\/08\/DSC_0199-50-682x1024.jpg\" alt=\"\" width=\"640\" height=\"960\" srcset=\"http:\/\/www.susannavaris.com\/blogg\/wp-content\/uploads\/2012\/08\/DSC_0199-50-682x1024.jpg 682w, http:\/\/www.susannavaris.com\/blogg\/wp-content\/uploads\/2012\/08\/DSC_0199-50-200x300.jpg 200w, http:\/\/www.susannavaris.com\/blogg\/wp-content\/uploads\/2012\/08\/DSC_0199-50.jpg 1536w\" sizes=\"auto, (max-width: 640px) 100vw, 640px\" \/><\/a><em>\u00a0Det har varit en lugn, l\u00e5gm\u00e4ld och helt f\u00f6rtr\u00e4fflig f\u00f6delsedag! Tack alla som har gjort min dag s\u00e5 fin!<\/em><\/p>\n","protected":false},"excerpt":{"rendered":"<p>Idag firade vi min f\u00f6delsedag mycket sm\u00e5skaligt p\u00e5 en trevlig restaurang i Gamla stan i Stockholm. Jag hade dr\u00f6mt om en speciell r\u00e4tt med tofu som finns just p\u00e5 denna restaurang allt sedan jag f\u00f6r f\u00f6rsta g\u00e5ngen provade den efter &hellip; <a href=\"http:\/\/www.susannavaris.com\/blogg\/2012\/08\/fodelsedagen-2012\/\">Forts\u00e4tt l\u00e4sa <span class=\"meta-nav\">&rarr;<\/span><\/a><\/p>\n","protected":false},"author":1,"featured_media":0,"comment_status":"open","ping_status":"open","sticky":false,"template":"","format":"standard","meta":{"footnotes":""},"categories":[5,1419,1162,12,994,1],"tags":[2156,1402,2153,95,2158,16,2155,2157,2154,2070],"class_list":["post-6552","post","type-post","status-publish","format-standard","hentry","category-dagens-stass","category-konsert","category-kultur","category-marilyn-manson","category-musik","category-okategoriserade","tag-atg","tag-brian-warner","tag-fodelsedag","tag-gamla-stan","tag-livenation","tag-marilyn-manson-2","tag-martell","tag-ticnet","tag-tofu","tag-twins-of-evil"],"_links":{"self":[{"href":"http:\/\/www.susannavaris.com\/blogg\/wp-json\/wp\/v2\/posts\/6552","targetHints":{"allow":["GET"]}}],"collection":[{"href":"http:\/\/www.susannavaris.com\/blogg\/wp-json\/wp\/v2\/posts"}],"about":[{"href":"http:\/\/www.susannavaris.com\/blogg\/wp-json\/wp\/v2\/types\/post"}],"author":[{"embeddable":true,"href":"http:\/\/www.susannavaris.com\/blogg\/wp-json\/wp\/v2\/users\/1"}],"replies":[{"embeddable":true,"href":"http:\/\/www.susannavaris.com\/blogg\/wp-json\/wp\/v2\/comments?post=6552"}],"version-history":[{"count":3,"href":"http:\/\/www.susannavaris.com\/blogg\/wp-json\/wp\/v2\/posts\/6552\/revisions"}],"predecessor-version":[{"id":6571,"href":"http:\/\/www.susannavaris.com\/blogg\/wp-json\/wp\/v2\/posts\/6552\/revisions\/6571"}],"wp:attachment":[{"href":"http:\/\/www.susannavaris.com\/blogg\/wp-json\/wp\/v2\/media?parent=6552"}],"wp:term":[{"taxonomy":"category","embeddable":true,"href":"http:\/\/www.susannavaris.com\/blogg\/wp-json\/wp\/v2\/categories?post=6552"},{"taxonomy":"post_tag","embeddable":true,"href":"http:\/\/www.susannavaris.com\/blogg\/wp-json\/wp\/v2\/tags?post=6552"}],"curies":[{"name":"wp","href":"https:\/\/api.w.org\/{rel}","templated":true}]}}