{"id":6634,"date":"2012-08-05T20:29:06","date_gmt":"2012-08-05T18:29:06","guid":{"rendered":"http:\/\/www.susannavaris.com\/blogg\/?p=6634"},"modified":"2012-08-06T10:14:26","modified_gmt":"2012-08-06T08:14:26","slug":"50-ar","status":"publish","type":"post","link":"http:\/\/www.susannavaris.com\/blogg\/2012\/08\/50-ar\/","title":{"rendered":"50 \u00e5r"},"content":{"rendered":"<p>Idag \u00e4r det 50 \u00e5r sedan Marilyn Monroe dog. Allt har redan sagts och skrivits om henne och hon har sedan mycket unga \u00e5r fascinerat \u00e4ven mig. En larger-than-life ikon och symbol f\u00f6r kvinnlighet. Marilyn var en fantastisk fotomodell, en underbar sk\u00e5despelerska och hon har blivit en legend och en projektionsyta f\u00f6r allehanda fantasier, f\u00f6rest\u00e4llningar, id\u00e9er och teorier. M\u00e4nniskan Marilyn, eller Norma Jeane, har f\u00f6r det mesta helt kommit i skymundan av det starka symbolv\u00e4rde hennes varum\u00e4rke b\u00e4r. Jag l\u00e4ste Joyce Carol Oates \u00a0roman Blonde, en fantasibiografi \u00f6ver Marilyn Monroe. Jag tror att hon kan ha kommit den verkliga personen Norma Jeane mycket n\u00e4ra, men man m\u00e5ste komma ih\u00e5g att det hon skrivit \u00e4r i f\u00f6rsta hand fiktion, inte en faktabok.<\/p>\n<p>Det \u00e4r fascinerande hur myten Marilyn Monroe forts\u00e4tter att f\u00e4ngsla generation efter generation.<\/p>\n<p style=\"text-align: center;\"><a href=\"http:\/\/www.susannavaris.com\/blogg\/wp-content\/uploads\/2012\/08\/mmchild.jpg\"><img loading=\"lazy\" decoding=\"async\" class=\"aligncenter size-full wp-image-6635\" title=\"mmchild\" src=\"http:\/\/www.susannavaris.com\/blogg\/wp-content\/uploads\/2012\/08\/mmchild.jpg\" alt=\"\" width=\"450\" height=\"611\" srcset=\"http:\/\/www.susannavaris.com\/blogg\/wp-content\/uploads\/2012\/08\/mmchild.jpg 450w, http:\/\/www.susannavaris.com\/blogg\/wp-content\/uploads\/2012\/08\/mmchild-220x300.jpg 220w\" sizes=\"auto, (max-width: 450px) 100vw, 450px\" \/><\/a><em>Norma Jeane som liten flicka<\/em><\/p>\n<p style=\"text-align: center;\"><a href=\"http:\/\/www.susannavaris.com\/blogg\/wp-content\/uploads\/2012\/08\/mmdedienes.jpg\"><img loading=\"lazy\" decoding=\"async\" class=\"aligncenter size-full wp-image-6636\" title=\"mmdedienes\" src=\"http:\/\/www.susannavaris.com\/blogg\/wp-content\/uploads\/2012\/08\/mmdedienes.jpg\" alt=\"\" width=\"270\" height=\"340\" srcset=\"http:\/\/www.susannavaris.com\/blogg\/wp-content\/uploads\/2012\/08\/mmdedienes.jpg 270w, http:\/\/www.susannavaris.com\/blogg\/wp-content\/uploads\/2012\/08\/mmdedienes-238x300.jpg 238w\" sizes=\"auto, (max-width: 270px) 100vw, 270px\" \/><\/a>\u00a0<em>Andr\u00e9 de Dienes bilder p\u00e5 en mycket ung Marilyn. Hon p\u00e5minde om fotografens ungdomsk\u00e4rlek i Ungern.<\/em><\/p>\n<p style=\"text-align: center;\"><a href=\"http:\/\/www.susannavaris.com\/blogg\/wp-content\/uploads\/2012\/08\/mmdedienes02.jpg\"><img loading=\"lazy\" decoding=\"async\" class=\"aligncenter size-full wp-image-6637\" title=\"mmdedienes02\" src=\"http:\/\/www.susannavaris.com\/blogg\/wp-content\/uploads\/2012\/08\/mmdedienes02.jpg\" alt=\"\" width=\"414\" height=\"480\" srcset=\"http:\/\/www.susannavaris.com\/blogg\/wp-content\/uploads\/2012\/08\/mmdedienes02.jpg 414w, http:\/\/www.susannavaris.com\/blogg\/wp-content\/uploads\/2012\/08\/mmdedienes02-258x300.jpg 258w\" sizes=\"auto, (max-width: 414px) 100vw, 414px\" \/><\/a>\u00a0<a href=\"http:\/\/www.susannavaris.com\/blogg\/wp-content\/uploads\/2012\/08\/mmdedienes04.png\"><img loading=\"lazy\" decoding=\"async\" class=\"aligncenter size-full wp-image-6638\" title=\"mmdedienes04\" src=\"http:\/\/www.susannavaris.com\/blogg\/wp-content\/uploads\/2012\/08\/mmdedienes04.png\" alt=\"\" width=\"441\" height=\"600\" srcset=\"http:\/\/www.susannavaris.com\/blogg\/wp-content\/uploads\/2012\/08\/mmdedienes04.png 441w, http:\/\/www.susannavaris.com\/blogg\/wp-content\/uploads\/2012\/08\/mmdedienes04-220x300.png 220w\" sizes=\"auto, (max-width: 441px) 100vw, 441px\" \/><\/a>\u00a0<em>de Dienes tog ocks\u00e5, p\u00e5 Marilyns initiativ, en serie n\u00e5got m\u00f6rkare bilder p\u00e5 henne.<\/em><\/p>\n<p style=\"text-align: center;\"><a href=\"http:\/\/www.susannavaris.com\/blogg\/wp-content\/uploads\/2012\/08\/mmdedienes05.png\"><img loading=\"lazy\" decoding=\"async\" class=\"aligncenter size-full wp-image-6639\" title=\"mmdedienes05\" src=\"http:\/\/www.susannavaris.com\/blogg\/wp-content\/uploads\/2012\/08\/mmdedienes05.png\" alt=\"\" width=\"569\" height=\"535\" srcset=\"http:\/\/www.susannavaris.com\/blogg\/wp-content\/uploads\/2012\/08\/mmdedienes05.png 569w, http:\/\/www.susannavaris.com\/blogg\/wp-content\/uploads\/2012\/08\/mmdedienes05-300x282.png 300w\" sizes=\"auto, (max-width: 569px) 100vw, 569px\" \/><\/a>\u00a0<em>de Dienes<\/em><\/p>\n<p style=\"text-align: center;\"><a href=\"http:\/\/www.susannavaris.com\/blogg\/wp-content\/uploads\/2012\/08\/mmconfirmation.jpg\"><img loading=\"lazy\" decoding=\"async\" class=\"aligncenter size-full wp-image-6640\" title=\"ET.0831.Miller.09\" src=\"http:\/\/www.susannavaris.com\/blogg\/wp-content\/uploads\/2012\/08\/mmconfirmation.jpg\" alt=\"\" width=\"385\" height=\"500\" srcset=\"http:\/\/www.susannavaris.com\/blogg\/wp-content\/uploads\/2012\/08\/mmconfirmation.jpg 385w, http:\/\/www.susannavaris.com\/blogg\/wp-content\/uploads\/2012\/08\/mmconfirmation-231x300.jpg 231w\" sizes=\"auto, (max-width: 385px) 100vw, 385px\" \/><\/a>\u00a0<em>En mycket ung brud. Norma Jeane gifter sig med Jim Dougherty.<\/em><\/p>\n<p style=\"text-align: center;\"><a href=\"http:\/\/www.susannavaris.com\/blogg\/wp-content\/uploads\/2012\/08\/mmladies.jpg\"><img loading=\"lazy\" decoding=\"async\" class=\"aligncenter size-full wp-image-6641\" title=\"mmladies\" src=\"http:\/\/www.susannavaris.com\/blogg\/wp-content\/uploads\/2012\/08\/mmladies.jpg\" alt=\"\" width=\"765\" height=\"600\" srcset=\"http:\/\/www.susannavaris.com\/blogg\/wp-content\/uploads\/2012\/08\/mmladies.jpg 765w, http:\/\/www.susannavaris.com\/blogg\/wp-content\/uploads\/2012\/08\/mmladies-300x235.jpg 300w\" sizes=\"auto, (max-width: 765px) 100vw, 765px\" \/><\/a>\u00a0<em>En av Marilyns tidigaste roller; Ladies of the Chorus, en ganska cynisk betraktelse av underh\u00e5llningsindustrin i form av en variet\u00e9.<\/em><\/p>\n<p style=\"text-align: center;\"><a href=\"http:\/\/www.susannavaris.com\/blogg\/wp-content\/uploads\/2012\/08\/mmladiesofthechorus.jpg\"><img loading=\"lazy\" decoding=\"async\" class=\"aligncenter size-large wp-image-6642\" title=\"mmladiesofthechorus\" src=\"http:\/\/www.susannavaris.com\/blogg\/wp-content\/uploads\/2012\/08\/mmladiesofthechorus-826x1024.jpg\" alt=\"\" width=\"640\" height=\"793\" srcset=\"http:\/\/www.susannavaris.com\/blogg\/wp-content\/uploads\/2012\/08\/mmladiesofthechorus-826x1024.jpg 826w, http:\/\/www.susannavaris.com\/blogg\/wp-content\/uploads\/2012\/08\/mmladiesofthechorus-242x300.jpg 242w, http:\/\/www.susannavaris.com\/blogg\/wp-content\/uploads\/2012\/08\/mmladiesofthechorus.jpg 888w\" sizes=\"auto, (max-width: 640px) 100vw, 640px\" \/><\/a>\u00a0<em>Ladies of the Chorus<\/em><\/p>\n<p style=\"text-align: center;\"><a href=\"http:\/\/www.susannavaris.com\/blogg\/wp-content\/uploads\/2012\/08\/mmstyle-icon-marilyn-monroe-marry-large-msg-132699717327.jpg\"><img loading=\"lazy\" decoding=\"async\" class=\"aligncenter size-full wp-image-6643\" title=\"mmstyle-icon-marilyn-monroe-marry--large-msg-132699717327\" src=\"http:\/\/www.susannavaris.com\/blogg\/wp-content\/uploads\/2012\/08\/mmstyle-icon-marilyn-monroe-marry-large-msg-132699717327.jpg\" alt=\"\" width=\"523\" height=\"695\" srcset=\"http:\/\/www.susannavaris.com\/blogg\/wp-content\/uploads\/2012\/08\/mmstyle-icon-marilyn-monroe-marry-large-msg-132699717327.jpg 523w, http:\/\/www.susannavaris.com\/blogg\/wp-content\/uploads\/2012\/08\/mmstyle-icon-marilyn-monroe-marry-large-msg-132699717327-225x300.jpg 225w\" sizes=\"auto, (max-width: 523px) 100vw, 523px\" \/><\/a>\u00a0<em>En annan favorit, How to Marry A Millionaire med Lauren Bacall och Betty Grable<\/em><\/p>\n<p style=\"text-align: center;\"><a href=\"http:\/\/www.susannavaris.com\/blogg\/wp-content\/uploads\/2012\/08\/mm6449_5.jpg\"><img loading=\"lazy\" decoding=\"async\" class=\"aligncenter size-full wp-image-6644\" title=\"mm6449_5\" src=\"http:\/\/www.susannavaris.com\/blogg\/wp-content\/uploads\/2012\/08\/mm6449_5.jpg\" alt=\"\" width=\"728\" height=\"409\" srcset=\"http:\/\/www.susannavaris.com\/blogg\/wp-content\/uploads\/2012\/08\/mm6449_5.jpg 728w, http:\/\/www.susannavaris.com\/blogg\/wp-content\/uploads\/2012\/08\/mm6449_5-300x168.jpg 300w\" sizes=\"auto, (max-width: 728px) 100vw, 728px\" \/><\/a>\u00a0<a href=\"http:\/\/www.susannavaris.com\/blogg\/wp-content\/uploads\/2012\/08\/mMarilyn-Monroe-in-Korea-7.jpg\"><img loading=\"lazy\" decoding=\"async\" class=\"aligncenter size-full wp-image-6645\" title=\"mMarilyn Monroe in Korea (7)\" src=\"http:\/\/www.susannavaris.com\/blogg\/wp-content\/uploads\/2012\/08\/mMarilyn-Monroe-in-Korea-7.jpg\" alt=\"\" width=\"900\" height=\"702\" srcset=\"http:\/\/www.susannavaris.com\/blogg\/wp-content\/uploads\/2012\/08\/mMarilyn-Monroe-in-Korea-7.jpg 900w, http:\/\/www.susannavaris.com\/blogg\/wp-content\/uploads\/2012\/08\/mMarilyn-Monroe-in-Korea-7-300x234.jpg 300w\" sizes=\"auto, (max-width: 900px) 100vw, 900px\" \/><\/a>\u00a0<em>Marilyn upptr\u00e4dde f\u00f6r amerikanska soldater i Korea och sade senare att hon aldrig n\u00e5gonsin hade k\u00e4nt sig s\u00e5 uppskattad som d\u00e5&#8230;<\/em><\/p>\n<p style=\"text-align: center;\"><a href=\"http:\/\/www.susannavaris.com\/blogg\/wp-content\/uploads\/2012\/08\/mmarilyn_monroe.jpg\"><img loading=\"lazy\" decoding=\"async\" class=\"aligncenter size-full wp-image-6646\" title=\"mmarilyn_monroe\" src=\"http:\/\/www.susannavaris.com\/blogg\/wp-content\/uploads\/2012\/08\/mmarilyn_monroe.jpg\" alt=\"\" width=\"822\" height=\"766\" srcset=\"http:\/\/www.susannavaris.com\/blogg\/wp-content\/uploads\/2012\/08\/mmarilyn_monroe.jpg 822w, http:\/\/www.susannavaris.com\/blogg\/wp-content\/uploads\/2012\/08\/mmarilyn_monroe-300x279.jpg 300w\" sizes=\"auto, (max-width: 822px) 100vw, 822px\" \/><\/a>\u00a0<em>Reklambild f\u00f6r Herrar F\u00f6redrar Blondiner\u00a0<\/em><\/p>\n<p style=\"text-align: center;\"><a href=\"http:\/\/www.susannavaris.com\/blogg\/wp-content\/uploads\/2012\/08\/mmarilyn_monroe_niagara_1953_movie_1.jpg\"><img loading=\"lazy\" decoding=\"async\" class=\"aligncenter size-full wp-image-6647\" title=\"mmarilyn_monroe_niagara_1953_movie_1\" src=\"http:\/\/www.susannavaris.com\/blogg\/wp-content\/uploads\/2012\/08\/mmarilyn_monroe_niagara_1953_movie_1.jpg\" alt=\"\" width=\"440\" height=\"330\" srcset=\"http:\/\/www.susannavaris.com\/blogg\/wp-content\/uploads\/2012\/08\/mmarilyn_monroe_niagara_1953_movie_1.jpg 440w, http:\/\/www.susannavaris.com\/blogg\/wp-content\/uploads\/2012\/08\/mmarilyn_monroe_niagara_1953_movie_1-300x224.jpg 300w\" sizes=\"auto, (max-width: 440px) 100vw, 440px\" \/><\/a>\u00a0<em>Som femme fatale i Niagara<\/em><\/p>\n<p style=\"text-align: center;\"><a href=\"http:\/\/www.susannavaris.com\/blogg\/wp-content\/uploads\/2012\/08\/mMarilyn-Monroe-and-Tom-Ewell-from-The-Seven-Year-Itch-1955.jpg\"><img loading=\"lazy\" decoding=\"async\" class=\"aligncenter size-full wp-image-6648\" title=\"mMarilyn-Monroe-and-Tom-Ewell-from-The-Seven-Year-Itch-1955\" src=\"http:\/\/www.susannavaris.com\/blogg\/wp-content\/uploads\/2012\/08\/mMarilyn-Monroe-and-Tom-Ewell-from-The-Seven-Year-Itch-1955.jpg\" alt=\"\" width=\"794\" height=\"510\" srcset=\"http:\/\/www.susannavaris.com\/blogg\/wp-content\/uploads\/2012\/08\/mMarilyn-Monroe-and-Tom-Ewell-from-The-Seven-Year-Itch-1955.jpg 794w, http:\/\/www.susannavaris.com\/blogg\/wp-content\/uploads\/2012\/08\/mMarilyn-Monroe-and-Tom-Ewell-from-The-Seven-Year-Itch-1955-300x192.jpg 300w\" sizes=\"auto, (max-width: 794px) 100vw, 794px\" \/><\/a>\u00a0<em>En av filmhistoriens mest k\u00e4nda scener, Marilyn och Tom Ewell i Flickan Ovanp\u00e5<\/em><\/p>\n<p style=\"text-align: center;\"><a href=\"http:\/\/www.susannavaris.com\/blogg\/wp-content\/uploads\/2012\/08\/mmCW-monroe-20120801163552644813-600x400.jpg\"><img loading=\"lazy\" decoding=\"async\" class=\"aligncenter size-full wp-image-6649\" title=\"mmCW-monroe-20120801163552644813-600x400\" src=\"http:\/\/www.susannavaris.com\/blogg\/wp-content\/uploads\/2012\/08\/mmCW-monroe-20120801163552644813-600x400.jpg\" alt=\"\" width=\"599\" height=\"400\" srcset=\"http:\/\/www.susannavaris.com\/blogg\/wp-content\/uploads\/2012\/08\/mmCW-monroe-20120801163552644813-600x400.jpg 599w, http:\/\/www.susannavaris.com\/blogg\/wp-content\/uploads\/2012\/08\/mmCW-monroe-20120801163552644813-600x400-300x200.jpg 300w\" sizes=\"auto, (max-width: 599px) 100vw, 599px\" \/><\/a>\u00a0<em>Flickan Ovanp\u00e5, eller Seven Year Itch.<\/em><\/p>\n<p style=\"text-align: center;\"><a href=\"http:\/\/www.susannavaris.com\/blogg\/wp-content\/uploads\/2012\/08\/mm5_marilynmonroe_rexfeatures_310267k.jpg\"><img loading=\"lazy\" decoding=\"async\" class=\"aligncenter size-full wp-image-6650\" title=\"mm5_marilynmonroe_rexfeatures_310267k\" src=\"http:\/\/www.susannavaris.com\/blogg\/wp-content\/uploads\/2012\/08\/mm5_marilynmonroe_rexfeatures_310267k.jpg\" alt=\"\" width=\"452\" height=\"610\" srcset=\"http:\/\/www.susannavaris.com\/blogg\/wp-content\/uploads\/2012\/08\/mm5_marilynmonroe_rexfeatures_310267k.jpg 452w, http:\/\/www.susannavaris.com\/blogg\/wp-content\/uploads\/2012\/08\/mm5_marilynmonroe_rexfeatures_310267k-222x300.jpg 222w\" sizes=\"auto, (max-width: 452px) 100vw, 452px\" \/><\/a>\u00a0<em>En klassisk pin-up-bild<\/em><\/p>\n<p style=\"text-align: center;\"><a href=\"http:\/\/www.susannavaris.com\/blogg\/wp-content\/uploads\/2012\/08\/mmqe2.jpeg\"><img loading=\"lazy\" decoding=\"async\" class=\"aligncenter size-full wp-image-6651\" title=\"mmqe2\" src=\"http:\/\/www.susannavaris.com\/blogg\/wp-content\/uploads\/2012\/08\/mmqe2.jpeg\" alt=\"\" width=\"503\" height=\"640\" srcset=\"http:\/\/www.susannavaris.com\/blogg\/wp-content\/uploads\/2012\/08\/mmqe2.jpeg 503w, http:\/\/www.susannavaris.com\/blogg\/wp-content\/uploads\/2012\/08\/mmqe2-235x300.jpeg 235w\" sizes=\"auto, (max-width: 503px) 100vw, 503px\" \/><\/a>\u00a0<em>Under inspelningen av filmen Prinsen och Revyflickan i England med Sir Lawrence Olivier tr\u00e4ffade Marilyn \u00e4ven drottning Elizabeth II.<\/em><\/p>\n<p style=\"text-align: center;\"><a href=\"http:\/\/www.susannavaris.com\/blogg\/wp-content\/uploads\/2012\/08\/mmsomelikeithot.jpg\"><img loading=\"lazy\" decoding=\"async\" class=\"aligncenter size-full wp-image-6652\" title=\"mmsomelikeithot\" src=\"http:\/\/www.susannavaris.com\/blogg\/wp-content\/uploads\/2012\/08\/mmsomelikeithot.jpg\" alt=\"\" width=\"450\" height=\"350\" srcset=\"http:\/\/www.susannavaris.com\/blogg\/wp-content\/uploads\/2012\/08\/mmsomelikeithot.jpg 450w, http:\/\/www.susannavaris.com\/blogg\/wp-content\/uploads\/2012\/08\/mmsomelikeithot-300x233.jpg 300w\" sizes=\"auto, (max-width: 450px) 100vw, 450px\" \/><\/a>\u00a0<em>En av Marilyns b\u00e4sta filmer, Some Like it Hot med Tony Curtis och Jack Lemmon<\/em><\/p>\n<p style=\"text-align: center;\"><a href=\"http:\/\/www.susannavaris.com\/blogg\/wp-content\/uploads\/2012\/08\/mmtumblr_lbmqmzcx5h1qa70eyo1_500.jpg\"><img loading=\"lazy\" decoding=\"async\" class=\"aligncenter size-full wp-image-6653\" title=\"mmtumblr_lbmqmzcx5h1qa70eyo1_500\" src=\"http:\/\/www.susannavaris.com\/blogg\/wp-content\/uploads\/2012\/08\/mmtumblr_lbmqmzcx5h1qa70eyo1_500.jpg\" alt=\"\" width=\"448\" height=\"617\" srcset=\"http:\/\/www.susannavaris.com\/blogg\/wp-content\/uploads\/2012\/08\/mmtumblr_lbmqmzcx5h1qa70eyo1_500.jpg 448w, http:\/\/www.susannavaris.com\/blogg\/wp-content\/uploads\/2012\/08\/mmtumblr_lbmqmzcx5h1qa70eyo1_500-217x300.jpg 217w\" sizes=\"auto, (max-width: 448px) 100vw, 448px\" \/><\/a>\u00a0<em>Som bars\u00e5ngerskan Cheri\u00e9 i Bus Stop<\/em><\/p>\n<p style=\"text-align: center;\"><a href=\"http:\/\/www.susannavaris.com\/blogg\/wp-content\/uploads\/2012\/08\/mmrichardavedon.jpg\"><img loading=\"lazy\" decoding=\"async\" class=\"aligncenter size-full wp-image-6654\" title=\"mmrichardavedon\" src=\"http:\/\/www.susannavaris.com\/blogg\/wp-content\/uploads\/2012\/08\/mmrichardavedon.jpg\" alt=\"\" width=\"460\" height=\"455\" srcset=\"http:\/\/www.susannavaris.com\/blogg\/wp-content\/uploads\/2012\/08\/mmrichardavedon.jpg 460w, http:\/\/www.susannavaris.com\/blogg\/wp-content\/uploads\/2012\/08\/mmrichardavedon-300x296.jpg 300w\" sizes=\"auto, (max-width: 460px) 100vw, 460px\" \/><\/a>\u00a0<em>Giftem\u00e5let med Arthur Miller var b\u00e5de lyckligt och olyckligt.<\/em><\/p>\n<p style=\"text-align: center;\"><a href=\"http:\/\/www.susannavaris.com\/blogg\/wp-content\/uploads\/2012\/08\/mmarilyn-monroe-hero.jpg\"><img loading=\"lazy\" decoding=\"async\" class=\"aligncenter size-full wp-image-6655\" title=\"Marilyn Monroe\" src=\"http:\/\/www.susannavaris.com\/blogg\/wp-content\/uploads\/2012\/08\/mmarilyn-monroe-hero.jpg\" alt=\"\" width=\"607\" height=\"450\" srcset=\"http:\/\/www.susannavaris.com\/blogg\/wp-content\/uploads\/2012\/08\/mmarilyn-monroe-hero.jpg 607w, http:\/\/www.susannavaris.com\/blogg\/wp-content\/uploads\/2012\/08\/mmarilyn-monroe-hero-300x222.jpg 300w\" sizes=\"auto, (max-width: 607px) 100vw, 607px\" \/><\/a>\u00a0<em>Marilyn sjunger Happy Birthday Mr President till John F. Kennedy<\/em><\/p>\n<p style=\"text-align: center;\"><a href=\"http:\/\/www.susannavaris.com\/blogg\/wp-content\/uploads\/2012\/08\/mmarilyn-monroe-happy-birthday.jpg\"><img loading=\"lazy\" decoding=\"async\" class=\"aligncenter size-full wp-image-6656\" title=\"mmarilyn-monroe-happy-birthday\" src=\"http:\/\/www.susannavaris.com\/blogg\/wp-content\/uploads\/2012\/08\/mmarilyn-monroe-happy-birthday.jpg\" alt=\"\" width=\"500\" height=\"394\" srcset=\"http:\/\/www.susannavaris.com\/blogg\/wp-content\/uploads\/2012\/08\/mmarilyn-monroe-happy-birthday.jpg 500w, http:\/\/www.susannavaris.com\/blogg\/wp-content\/uploads\/2012\/08\/mmarilyn-monroe-happy-birthday-300x236.jpg 300w\" sizes=\"auto, (max-width: 500px) 100vw, 500px\" \/><\/a>\u00a0<em>Med en annan, blivande president&#8230;<\/em><\/p>\n<p style=\"text-align: center;\"><a href=\"http:\/\/www.susannavaris.com\/blogg\/wp-content\/uploads\/2012\/08\/mmbertstern01.jpg\"><img loading=\"lazy\" decoding=\"async\" class=\"aligncenter size-full wp-image-6657\" title=\"mmbertstern01\" src=\"http:\/\/www.susannavaris.com\/blogg\/wp-content\/uploads\/2012\/08\/mmbertstern01.jpg\" alt=\"\" width=\"553\" height=\"600\" srcset=\"http:\/\/www.susannavaris.com\/blogg\/wp-content\/uploads\/2012\/08\/mmbertstern01.jpg 553w, http:\/\/www.susannavaris.com\/blogg\/wp-content\/uploads\/2012\/08\/mmbertstern01-276x300.jpg 276w\" sizes=\"auto, (max-width: 553px) 100vw, 553px\" \/><\/a><em>\u00a0Last Sitting, en fotografisession med Bert Stern<\/em><\/p>\n<p style=\"text-align: center;\"><a href=\"http:\/\/www.susannavaris.com\/blogg\/wp-content\/uploads\/2012\/08\/mmbertstern02.jpg\"><img loading=\"lazy\" decoding=\"async\" class=\"aligncenter size-full wp-image-6658\" title=\"mmbertstern02\" src=\"http:\/\/www.susannavaris.com\/blogg\/wp-content\/uploads\/2012\/08\/mmbertstern02.jpg\" alt=\"\" width=\"489\" height=\"600\" srcset=\"http:\/\/www.susannavaris.com\/blogg\/wp-content\/uploads\/2012\/08\/mmbertstern02.jpg 489w, http:\/\/www.susannavaris.com\/blogg\/wp-content\/uploads\/2012\/08\/mmbertstern02-244x300.jpg 244w\" sizes=\"auto, (max-width: 489px) 100vw, 489px\" \/><\/a>\u00a0<a href=\"http:\/\/www.susannavaris.com\/blogg\/wp-content\/uploads\/2012\/08\/mmbertstern03.jpg\"><img loading=\"lazy\" decoding=\"async\" class=\"aligncenter size-full wp-image-6659\" title=\"mmbertstern03\" src=\"http:\/\/www.susannavaris.com\/blogg\/wp-content\/uploads\/2012\/08\/mmbertstern03.jpg\" alt=\"\" width=\"550\" height=\"655\" srcset=\"http:\/\/www.susannavaris.com\/blogg\/wp-content\/uploads\/2012\/08\/mmbertstern03.jpg 550w, http:\/\/www.susannavaris.com\/blogg\/wp-content\/uploads\/2012\/08\/mmbertstern03-251x300.jpg 251w\" sizes=\"auto, (max-width: 550px) 100vw, 550px\" \/><\/a>\u00a0<a href=\"http:\/\/www.susannavaris.com\/blogg\/wp-content\/uploads\/2012\/08\/mmbertstern04.jpg\"><img loading=\"lazy\" decoding=\"async\" class=\"aligncenter size-full wp-image-6660\" title=\"mmbertstern04\" src=\"http:\/\/www.susannavaris.com\/blogg\/wp-content\/uploads\/2012\/08\/mmbertstern04.jpg\" alt=\"\" width=\"1024\" height=\"860\" srcset=\"http:\/\/www.susannavaris.com\/blogg\/wp-content\/uploads\/2012\/08\/mmbertstern04.jpg 1024w, http:\/\/www.susannavaris.com\/blogg\/wp-content\/uploads\/2012\/08\/mmbertstern04-300x251.jpg 300w\" sizes=\"auto, (max-width: 1024px) 100vw, 1024px\" \/><\/a>\u00a0<a href=\"http:\/\/www.susannavaris.com\/blogg\/wp-content\/uploads\/2012\/08\/mmbertstern05.jpg\"><img loading=\"lazy\" decoding=\"async\" class=\"aligncenter size-full wp-image-6661\" title=\"mmbertstern05\" src=\"http:\/\/www.susannavaris.com\/blogg\/wp-content\/uploads\/2012\/08\/mmbertstern05.jpg\" alt=\"\" width=\"500\" height=\"350\" srcset=\"http:\/\/www.susannavaris.com\/blogg\/wp-content\/uploads\/2012\/08\/mmbertstern05.jpg 500w, http:\/\/www.susannavaris.com\/blogg\/wp-content\/uploads\/2012\/08\/mmbertstern05-300x210.jpg 300w\" sizes=\"auto, (max-width: 500px) 100vw, 500px\" \/><\/a>\u00a0<em>En sovande Marilyn efter sessionen med Stern. N\u00e5gra dagar senare var hon d\u00f6d.<\/em><\/p>\n","protected":false},"excerpt":{"rendered":"<p>Idag \u00e4r det 50 \u00e5r sedan Marilyn Monroe dog. Allt har redan sagts och skrivits om henne och hon har sedan mycket unga \u00e5r fascinerat \u00e4ven mig. En larger-than-life ikon och symbol f\u00f6r kvinnlighet. Marilyn var en fantastisk fotomodell, en &hellip; <a href=\"http:\/\/www.susannavaris.com\/blogg\/2012\/08\/50-ar\/\">Forts\u00e4tt l\u00e4sa <span class=\"meta-nav\">&rarr;<\/span><\/a><\/p>\n","protected":false},"author":1,"featured_media":0,"comment_status":"open","ping_status":"open","sticky":false,"template":"","format":"standard","meta":{"footnotes":""},"categories":[1364,9,110,674,1162,285,14,1,590],"tags":[2181,2180,1283,2175,1783,1406,2173,2172,2177,2176,2182,286,236,2183,2171,2179,2178,2174],"class_list":["post-6634","post","type-post","status-publish","format-standard","hentry","category-bocker","category-film","category-foto","category-historia","category-kultur","category-marilyn-monroe","category-mode","category-okategoriserade","category-politik","tag-andre-de-dienes","tag-arthur-miller","tag-bert-stern","tag-betty-grable","tag-elizabeth-ii","tag-how-to-marry-a-millionaire","tag-jack-lemmon","tag-john-f-kennedy","tag-ladies-of-the-chorus","tag-lauren-bacall","tag-lawrence-olivier","tag-marilyn-monroe-2","tag-mm","tag-prince-and-the-showgirl","tag-ronald-reagan","tag-seven-year-itch","tag-some-like-it-hot","tag-tony-curtis"],"_links":{"self":[{"href":"http:\/\/www.susannavaris.com\/blogg\/wp-json\/wp\/v2\/posts\/6634","targetHints":{"allow":["GET"]}}],"collection":[{"href":"http:\/\/www.susannavaris.com\/blogg\/wp-json\/wp\/v2\/posts"}],"about":[{"href":"http:\/\/www.susannavaris.com\/blogg\/wp-json\/wp\/v2\/types\/post"}],"author":[{"embeddable":true,"href":"http:\/\/www.susannavaris.com\/blogg\/wp-json\/wp\/v2\/users\/1"}],"replies":[{"embeddable":true,"href":"http:\/\/www.susannavaris.com\/blogg\/wp-json\/wp\/v2\/comments?post=6634"}],"version-history":[{"count":3,"href":"http:\/\/www.susannavaris.com\/blogg\/wp-json\/wp\/v2\/posts\/6634\/revisions"}],"predecessor-version":[{"id":6665,"href":"http:\/\/www.susannavaris.com\/blogg\/wp-json\/wp\/v2\/posts\/6634\/revisions\/6665"}],"wp:attachment":[{"href":"http:\/\/www.susannavaris.com\/blogg\/wp-json\/wp\/v2\/media?parent=6634"}],"wp:term":[{"taxonomy":"category","embeddable":true,"href":"http:\/\/www.susannavaris.com\/blogg\/wp-json\/wp\/v2\/categories?post=6634"},{"taxonomy":"post_tag","embeddable":true,"href":"http:\/\/www.susannavaris.com\/blogg\/wp-json\/wp\/v2\/tags?post=6634"}],"curies":[{"name":"wp","href":"https:\/\/api.w.org\/{rel}","templated":true}]}}