{"id":670,"date":"2011-06-08T21:39:28","date_gmt":"2011-06-08T19:39:28","guid":{"rendered":"http:\/\/www.susannavaris.com\/blogg\/?p=670"},"modified":"2023-02-13T18:55:30","modified_gmt":"2023-02-13T17:55:30","slug":"louise-bourgeois","status":"publish","type":"post","link":"http:\/\/www.susannavaris.com\/blogg\/2011\/06\/louise-bourgeois\/","title":{"rendered":"Louise Bourgeois"},"content":{"rendered":"<div class=\"wp-block-image\">\n<figure class=\"aligncenter size-large\"><img loading=\"lazy\" decoding=\"async\" width=\"1019\" height=\"1024\" src=\"http:\/\/www.susannavaris.com\/blogg\/wp-content\/uploads\/2023\/02\/000-Oliver_Mark_-_Louise_Bourgeois_New_York_1996-1019x1024.jpg\" alt=\"\" class=\"wp-image-17702\" title=\"louiseure-femme-maison-at-the-museum-of-modern-art\" srcset=\"http:\/\/www.susannavaris.com\/blogg\/wp-content\/uploads\/2023\/02\/000-Oliver_Mark_-_Louise_Bourgeois_New_York_1996-1019x1024.jpg 1019w, http:\/\/www.susannavaris.com\/blogg\/wp-content\/uploads\/2023\/02\/000-Oliver_Mark_-_Louise_Bourgeois_New_York_1996-300x300.jpg 300w, http:\/\/www.susannavaris.com\/blogg\/wp-content\/uploads\/2023\/02\/000-Oliver_Mark_-_Louise_Bourgeois_New_York_1996-150x150.jpg 150w, http:\/\/www.susannavaris.com\/blogg\/wp-content\/uploads\/2023\/02\/000-Oliver_Mark_-_Louise_Bourgeois_New_York_1996-768x772.jpg 768w, http:\/\/www.susannavaris.com\/blogg\/wp-content\/uploads\/2023\/02\/000-Oliver_Mark_-_Louise_Bourgeois_New_York_1996.jpg 1024w\" sizes=\"auto, (max-width: 1019px) 100vw, 1019px\" \/><figcaption class=\"wp-element-caption\">Oliver Mark &#8211; Louise Bourgeois, New York 1996, Wikipedia\/ https:\/\/creativecommons.org\/licenses\/by-sa\/4.0<\/figcaption><\/figure>\n<\/div>\n\n\n<p>Louise Bourgeois \u00e4r en av mina inspirationsk\u00e4llor. De j\u00e4ttelika spindlarna som tar \u00f6ver hela gaturummet och som symboliserar det moderliga, men som ocks\u00e5 har str\u00e5k av en femme fatale tilltalar mig b\u00e5de konstn\u00e4rligt och i ett samh\u00e4llsplaneringsperspektiv. Jag tycker att spindlarna marscherar in p\u00e5 samma s\u00e4tt som, s\u00e4g Terry Gilliams j\u00e4ttelika katt i gatubilden. J\u00e4ttespindlar triggar ju ig\u00e5ng olika ned\u00e4rvda, atavistiska, r\u00e4dslor. Vi blir automatiskt varse en spindel, men har \u00e4n inte utvecklat n\u00e5gon ryggm\u00e4rgsreflex mot alla de faror som lurar i en stadsmilj\u00f6.<\/p>\n\n\n\n<p>Louise Bourgeois\u00b4 skulpturer v\u00e4cker hos mig andra slags k\u00e4nslor. Mjuka, kroppsliga former, som \u00e4ven de v\u00e4cker atavistiska k\u00e4nslor av trygghet och n\u00e4rhet, bara f\u00f6r att genast bli fr\u00e5nst\u00f6tande i sina onaturliga formationer. Bourgeois var en m\u00e4stare i spelet med v\u00e5r grundl\u00e4ggande k\u00e4nsloregister. Akvareller d\u00e4r kroppens sk\u00f6rhet lyser fr\u00e5n de tunna f\u00e4rglagren. Underkl\u00e4der och plagg upph\u00e4ngda p\u00e5 galgar av m\u00e4nniskoben i en kl\u00e4dh\u00e4ngare&#8230;<\/p>\n\n\n<div class=\"wp-block-image\">\n<figure class=\"aligncenter size-large\"><img loading=\"lazy\" decoding=\"async\" width=\"1024\" height=\"1024\" src=\"http:\/\/www.susannavaris.com\/blogg\/wp-content\/uploads\/2023\/02\/Bild-borttagen-2-1024x1024.jpg\" alt=\"\" class=\"wp-image-17623\" title=\"louise20081001_annie_leiblvitz_louise_bourgeois\" srcset=\"http:\/\/www.susannavaris.com\/blogg\/wp-content\/uploads\/2023\/02\/Bild-borttagen-2-1024x1024.jpg 1024w, http:\/\/www.susannavaris.com\/blogg\/wp-content\/uploads\/2023\/02\/Bild-borttagen-2-300x300.jpg 300w, http:\/\/www.susannavaris.com\/blogg\/wp-content\/uploads\/2023\/02\/Bild-borttagen-2-150x150.jpg 150w, http:\/\/www.susannavaris.com\/blogg\/wp-content\/uploads\/2023\/02\/Bild-borttagen-2-768x768.jpg 768w, http:\/\/www.susannavaris.com\/blogg\/wp-content\/uploads\/2023\/02\/Bild-borttagen-2-1536x1536.jpg 1536w, http:\/\/www.susannavaris.com\/blogg\/wp-content\/uploads\/2023\/02\/Bild-borttagen-2-2048x2048.jpg 2048w\" sizes=\"auto, (max-width: 1024px) 100vw, 1024px\" \/><\/figure>\n<\/div>\n\n\n<p class=\"has-text-align-center\"><em>Louise Bourgeois fotograferad av Anne Leibowitz.<\/em><\/p>\n\n\n<div class=\"wp-block-image\">\n<figure class=\"aligncenter size-large\"><img loading=\"lazy\" decoding=\"async\" width=\"1024\" height=\"1024\" src=\"http:\/\/www.susannavaris.com\/blogg\/wp-content\/uploads\/2023\/02\/Bild-borttagen-1-1024x1024.jpg\" alt=\"\" class=\"wp-image-17620\" title=\"louise_bourgeois_004\" srcset=\"http:\/\/www.susannavaris.com\/blogg\/wp-content\/uploads\/2023\/02\/Bild-borttagen-1-1024x1024.jpg 1024w, http:\/\/www.susannavaris.com\/blogg\/wp-content\/uploads\/2023\/02\/Bild-borttagen-1-300x300.jpg 300w, http:\/\/www.susannavaris.com\/blogg\/wp-content\/uploads\/2023\/02\/Bild-borttagen-1-150x150.jpg 150w, http:\/\/www.susannavaris.com\/blogg\/wp-content\/uploads\/2023\/02\/Bild-borttagen-1-768x768.jpg 768w, http:\/\/www.susannavaris.com\/blogg\/wp-content\/uploads\/2023\/02\/Bild-borttagen-1-1536x1536.jpg 1536w, http:\/\/www.susannavaris.com\/blogg\/wp-content\/uploads\/2023\/02\/Bild-borttagen-1-2048x2048.jpg 2048w\" sizes=\"auto, (max-width: 1024px) 100vw, 1024px\" \/><\/figure>\n<\/div>\n\n\n<p class=\"has-text-align-center\"><em>Louise Bourgeois med sin mor.<\/em><\/p>\n\n\n<div class=\"wp-block-image\">\n<figure class=\"aligncenter size-large\"><img loading=\"lazy\" decoding=\"async\" width=\"1024\" height=\"697\" src=\"http:\/\/www.susannavaris.com\/blogg\/wp-content\/uploads\/2023\/02\/000-Maman_de_Louise_Bourgeois_-_Bilbao-1024x697.jpg\" alt=\"\" class=\"wp-image-17706\" title=\"louise2069389382_43e7a0f08b\" srcset=\"http:\/\/www.susannavaris.com\/blogg\/wp-content\/uploads\/2023\/02\/000-Maman_de_Louise_Bourgeois_-_Bilbao-1024x697.jpg 1024w, http:\/\/www.susannavaris.com\/blogg\/wp-content\/uploads\/2023\/02\/000-Maman_de_Louise_Bourgeois_-_Bilbao-300x204.jpg 300w, http:\/\/www.susannavaris.com\/blogg\/wp-content\/uploads\/2023\/02\/000-Maman_de_Louise_Bourgeois_-_Bilbao-768x523.jpg 768w, http:\/\/www.susannavaris.com\/blogg\/wp-content\/uploads\/2023\/02\/000-Maman_de_Louise_Bourgeois_-_Bilbao-1536x1046.jpg 1536w, http:\/\/www.susannavaris.com\/blogg\/wp-content\/uploads\/2023\/02\/000-Maman_de_Louise_Bourgeois_-_Bilbao.jpg 1920w\" sizes=\"auto, (max-width: 1024px) 100vw, 1024px\" \/><figcaption class=\"wp-element-caption\">Maman de Louise Bourgeois, Wikipedia \/ <a href=\"https:\/\/commons.wikimedia.org\/wiki\/User:Archaeodontosaurus\">Didier Descouens<\/a> &#8211; <a rel=\"noreferrer noopener\" href=\"https:\/\/creativecommons.org\/licenses\/by-sa\/4.0\" target=\"_blank\">CC BY-SA 4.0<\/a><\/figcaption><\/figure>\n<\/div>\n\n\n<p class=\"has-text-align-center\"><\/p>\n\n\n\n<p class=\"has-text-align-center\"><em><br><\/em><\/p>\n","protected":false},"excerpt":{"rendered":"<p>Louise Bourgeois \u00e4r en av mina inspirationsk\u00e4llor. De j\u00e4ttelika spindlarna som tar \u00f6ver hela gaturummet och som symboliserar det moderliga, men som ocks\u00e5 har str\u00e5k av en femme fatale tilltalar mig b\u00e5de konstn\u00e4rligt och i ett samh\u00e4llsplaneringsperspektiv. Jag tycker att &hellip; <a href=\"http:\/\/www.susannavaris.com\/blogg\/2011\/06\/louise-bourgeois\/\">Forts\u00e4tt l\u00e4sa <span class=\"meta-nav\">&rarr;<\/span><\/a><\/p>\n","protected":false},"author":1,"featured_media":673,"comment_status":"open","ping_status":"open","sticky":false,"template":"","format":"standard","meta":{"footnotes":""},"categories":[110,13,3,1],"tags":[212,210,211],"class_list":["post-670","post","type-post","status-publish","format-standard","has-post-thumbnail","hentry","category-foto","category-inspiration","category-konst","category-okategoriserade","tag-black-widow","tag-louise-bourgeois","tag-terry-gilliam"],"_links":{"self":[{"href":"http:\/\/www.susannavaris.com\/blogg\/wp-json\/wp\/v2\/posts\/670","targetHints":{"allow":["GET"]}}],"collection":[{"href":"http:\/\/www.susannavaris.com\/blogg\/wp-json\/wp\/v2\/posts"}],"about":[{"href":"http:\/\/www.susannavaris.com\/blogg\/wp-json\/wp\/v2\/types\/post"}],"author":[{"embeddable":true,"href":"http:\/\/www.susannavaris.com\/blogg\/wp-json\/wp\/v2\/users\/1"}],"replies":[{"embeddable":true,"href":"http:\/\/www.susannavaris.com\/blogg\/wp-json\/wp\/v2\/comments?post=670"}],"version-history":[{"count":5,"href":"http:\/\/www.susannavaris.com\/blogg\/wp-json\/wp\/v2\/posts\/670\/revisions"}],"predecessor-version":[{"id":17708,"href":"http:\/\/www.susannavaris.com\/blogg\/wp-json\/wp\/v2\/posts\/670\/revisions\/17708"}],"wp:featuredmedia":[{"embeddable":true,"href":"http:\/\/www.susannavaris.com\/blogg\/wp-json\/wp\/v2\/media\/673"}],"wp:attachment":[{"href":"http:\/\/www.susannavaris.com\/blogg\/wp-json\/wp\/v2\/media?parent=670"}],"wp:term":[{"taxonomy":"category","embeddable":true,"href":"http:\/\/www.susannavaris.com\/blogg\/wp-json\/wp\/v2\/categories?post=670"},{"taxonomy":"post_tag","embeddable":true,"href":"http:\/\/www.susannavaris.com\/blogg\/wp-json\/wp\/v2\/tags?post=670"}],"curies":[{"name":"wp","href":"https:\/\/api.w.org\/{rel}","templated":true}]}}