{"id":6731,"date":"2012-08-12T20:02:47","date_gmt":"2012-08-12T18:02:47","guid":{"rendered":"http:\/\/www.susannavaris.com\/blogg\/?p=6731"},"modified":"2012-08-12T23:45:01","modified_gmt":"2012-08-12T21:45:01","slug":"passioner-och-ljus-och-morker-pa-nationalmuseum","status":"publish","type":"post","link":"http:\/\/www.susannavaris.com\/blogg\/2012\/08\/passioner-och-ljus-och-morker-pa-nationalmuseum\/","title":{"rendered":"Passioner och Ljus och M\u00f6rker p\u00e5 Nationalmuseum"},"content":{"rendered":"<p>Ig\u00e5r bes\u00f6kte vi Nationalmuseum och tv\u00e5 av de p\u00e5g\u00e5ende utst\u00e4llningarna; Passioner samt Ljus och M\u00f6rker.<\/p>\n<p style=\"text-align: center;\"><a href=\"http:\/\/www.susannavaris.com\/blogg\/wp-content\/uploads\/2012\/08\/DSC_0317-50.jpg\"><img loading=\"lazy\" decoding=\"async\" class=\"aligncenter size-large wp-image-6732\" title=\"DSC_0317-50\" src=\"http:\/\/www.susannavaris.com\/blogg\/wp-content\/uploads\/2012\/08\/DSC_0317-50-1024x682.jpg\" alt=\"\" width=\"640\" height=\"426\" srcset=\"http:\/\/www.susannavaris.com\/blogg\/wp-content\/uploads\/2012\/08\/DSC_0317-50-1024x682.jpg 1024w, http:\/\/www.susannavaris.com\/blogg\/wp-content\/uploads\/2012\/08\/DSC_0317-50-300x200.jpg 300w\" sizes=\"auto, (max-width: 640px) 100vw, 640px\" \/><\/a><em>\u00a0Turistigt foto fr\u00e5n Kungstr\u00e4dg\u00e5rden. Med v\u00e5ra kameror sm\u00e4lter vi v\u00e4l in i turisthorden och blev tilltalade p\u00e5 engelska p\u00e5 Nationalmus\u00e9ets restaurang&#8230;<\/em><\/p>\n<p style=\"text-align: center;\"><a href=\"http:\/\/www.susannavaris.com\/blogg\/wp-content\/uploads\/2012\/08\/DSC_0319-50.jpg\"><img loading=\"lazy\" decoding=\"async\" class=\"aligncenter size-large wp-image-6733\" title=\"DSC_0319-50\" src=\"http:\/\/www.susannavaris.com\/blogg\/wp-content\/uploads\/2012\/08\/DSC_0319-50-751x1024.jpg\" alt=\"\" width=\"640\" height=\"872\" srcset=\"http:\/\/www.susannavaris.com\/blogg\/wp-content\/uploads\/2012\/08\/DSC_0319-50-751x1024.jpg 751w, http:\/\/www.susannavaris.com\/blogg\/wp-content\/uploads\/2012\/08\/DSC_0319-50-220x300.jpg 220w, http:\/\/www.susannavaris.com\/blogg\/wp-content\/uploads\/2012\/08\/DSC_0319-50.jpg 1536w\" sizes=\"auto, (max-width: 640px) 100vw, 640px\" \/><\/a>\u00a0<em>M\u00e4staren till Katarinalegenden, Madonna med Barn. 1400-tal. Jesusbarn har en tendens att se v\u00e4ldigt bisarra ut av n\u00e5gon anledning p\u00e5 \u00e4ldre m\u00e5lningar&#8230;denne var relativt normal, men med m\u00e4rkligt l\u00e5nga t\u00e5r. Jag \u00e4lskar detaljerna i v\u00e4xtligheten och tygerna. F\u00e4rgerna och skirheten \u00e4r betagande. K\u00e4nslor kan, som bekant, f\u00f6rmedlas \u00e4ven med kroppsspr\u00e5k och p\u00e5 flera &#8221;madonna med barnet&#8221;-m\u00e5lningar fanns till exempel uttrycksfulla t\u00e5r.<\/em><\/p>\n<p style=\"text-align: center;\"><a href=\"http:\/\/www.susannavaris.com\/blogg\/wp-content\/uploads\/2012\/08\/DSC_0320-50.jpg\"><img loading=\"lazy\" decoding=\"async\" class=\"aligncenter size-large wp-image-6734\" title=\"DSC_0320-50\" src=\"http:\/\/www.susannavaris.com\/blogg\/wp-content\/uploads\/2012\/08\/DSC_0320-50-807x1024.jpg\" alt=\"\" width=\"640\" height=\"812\" srcset=\"http:\/\/www.susannavaris.com\/blogg\/wp-content\/uploads\/2012\/08\/DSC_0320-50-807x1024.jpg 807w, http:\/\/www.susannavaris.com\/blogg\/wp-content\/uploads\/2012\/08\/DSC_0320-50-236x300.jpg 236w, http:\/\/www.susannavaris.com\/blogg\/wp-content\/uploads\/2012\/08\/DSC_0320-50.jpg 1536w\" sizes=\"auto, (max-width: 640px) 100vw, 640px\" \/><\/a>\u00a0<em>Akseli Gall\u00e9n-Kallela, Konstn\u00e4rens Mor. Finskt!<\/em><\/p>\n<p style=\"text-align: center;\"><a href=\"http:\/\/www.susannavaris.com\/blogg\/wp-content\/uploads\/2012\/08\/DSC_0322-50.jpg\"><img loading=\"lazy\" decoding=\"async\" class=\"aligncenter size-large wp-image-6735\" title=\"DSC_0322-50\" src=\"http:\/\/www.susannavaris.com\/blogg\/wp-content\/uploads\/2012\/08\/DSC_0322-50-682x1024.jpg\" alt=\"\" width=\"640\" height=\"960\" srcset=\"http:\/\/www.susannavaris.com\/blogg\/wp-content\/uploads\/2012\/08\/DSC_0322-50-682x1024.jpg 682w, http:\/\/www.susannavaris.com\/blogg\/wp-content\/uploads\/2012\/08\/DSC_0322-50-200x300.jpg 200w, http:\/\/www.susannavaris.com\/blogg\/wp-content\/uploads\/2012\/08\/DSC_0322-50.jpg 1536w\" sizes=\"auto, (max-width: 640px) 100vw, 640px\" \/><\/a>\u00a0<em>Antonio Novelli, Maria Magdalena<\/em><\/p>\n<p style=\"text-align: center;\"><a href=\"http:\/\/www.susannavaris.com\/blogg\/wp-content\/uploads\/2012\/08\/DSC_0324-50.jpg\"><img loading=\"lazy\" decoding=\"async\" class=\"aligncenter size-large wp-image-6736\" title=\"DSC_0324-50\" src=\"http:\/\/www.susannavaris.com\/blogg\/wp-content\/uploads\/2012\/08\/DSC_0324-50-653x1024.jpg\" alt=\"\" width=\"640\" height=\"1003\" srcset=\"http:\/\/www.susannavaris.com\/blogg\/wp-content\/uploads\/2012\/08\/DSC_0324-50-653x1024.jpg 653w, http:\/\/www.susannavaris.com\/blogg\/wp-content\/uploads\/2012\/08\/DSC_0324-50-191x300.jpg 191w, http:\/\/www.susannavaris.com\/blogg\/wp-content\/uploads\/2012\/08\/DSC_0324-50.jpg 1238w\" sizes=\"auto, (max-width: 640px) 100vw, 640px\" \/><\/a>\u00a0<em>Ville Vallgren, Klagan. 1896. Finskt, \u00e5terigen. Fantastisk k\u00e4nsla i denna lilla skulptur&#8230;<\/em><\/p>\n<p style=\"text-align: center;\"><a href=\"http:\/\/www.susannavaris.com\/blogg\/wp-content\/uploads\/2012\/08\/DSC_0328-50.jpg\"><img loading=\"lazy\" decoding=\"async\" class=\"aligncenter size-large wp-image-6737\" title=\"DSC_0328-50\" src=\"http:\/\/www.susannavaris.com\/blogg\/wp-content\/uploads\/2012\/08\/DSC_0328-50-1024x682.jpg\" alt=\"\" width=\"640\" height=\"426\" srcset=\"http:\/\/www.susannavaris.com\/blogg\/wp-content\/uploads\/2012\/08\/DSC_0328-50-1024x682.jpg 1024w, http:\/\/www.susannavaris.com\/blogg\/wp-content\/uploads\/2012\/08\/DSC_0328-50-300x200.jpg 300w\" sizes=\"auto, (max-width: 640px) 100vw, 640px\" \/><\/a>\u00a0<em>Laokoon-gruppen, jag och Cranach. Spegelv\u00e4ggen finns d\u00e4r, gissningsvis f\u00f6r att betraktaren ska pl\u00f6tsligt kunna se sig sj\u00e4lv och sitt eget uttryck\/k\u00e4nsla.<\/em><\/p>\n<p style=\"text-align: center;\"><a href=\"http:\/\/www.susannavaris.com\/blogg\/wp-content\/uploads\/2012\/08\/DSC_0090-uffe-50.jpg\"><img loading=\"lazy\" decoding=\"async\" class=\"aligncenter size-large wp-image-6747\" title=\"DSC_0090-uffe-50\" src=\"http:\/\/www.susannavaris.com\/blogg\/wp-content\/uploads\/2012\/08\/DSC_0090-uffe-50-1024x947.jpg\" alt=\"\" width=\"640\" height=\"591\" srcset=\"http:\/\/www.susannavaris.com\/blogg\/wp-content\/uploads\/2012\/08\/DSC_0090-uffe-50-1024x947.jpg 1024w, http:\/\/www.susannavaris.com\/blogg\/wp-content\/uploads\/2012\/08\/DSC_0090-uffe-50-300x277.jpg 300w, http:\/\/www.susannavaris.com\/blogg\/wp-content\/uploads\/2012\/08\/DSC_0090-uffe-50.jpg 1424w\" sizes=\"auto, (max-width: 640px) 100vw, 640px\" \/><\/a>\u00a0<em>Foto: Ulf Holm\u00e9n<\/em><\/p>\n<p style=\"text-align: center;\"><a href=\"http:\/\/www.susannavaris.com\/blogg\/wp-content\/uploads\/2012\/08\/DSC_0330-50.jpg\"><img loading=\"lazy\" decoding=\"async\" class=\"aligncenter size-large wp-image-6738\" title=\"DSC_0330-50\" src=\"http:\/\/www.susannavaris.com\/blogg\/wp-content\/uploads\/2012\/08\/DSC_0330-50-699x1024.jpg\" alt=\"\" width=\"640\" height=\"937\" srcset=\"http:\/\/www.susannavaris.com\/blogg\/wp-content\/uploads\/2012\/08\/DSC_0330-50-699x1024.jpg 699w, http:\/\/www.susannavaris.com\/blogg\/wp-content\/uploads\/2012\/08\/DSC_0330-50-204x300.jpg 204w, http:\/\/www.susannavaris.com\/blogg\/wp-content\/uploads\/2012\/08\/DSC_0330-50.jpg 1226w\" sizes=\"auto, (max-width: 640px) 100vw, 640px\" \/><\/a>\u00a0<em>F\u00f6rm\u00e4nskligandet av djur \u00e4r p\u00e5 intet vis ett nytt fenomen&#8230;en apa som&#8230;hmm, konstn\u00e4r. F\u00f6r att gestalta m\u00e4nskliga k\u00e4nslor har man tagit hj\u00e4lp av djuren. Det som \u00e4r onaturligt f\u00f6r djuret, att uttrycka k\u00e4nslor p\u00e5 ett m\u00e4nskligt vis, blir f\u00f6r oss mera synligt n\u00e4r det just appliceras p\u00e5 djuret.<\/em><\/p>\n<p style=\"text-align: center;\"><a href=\"http:\/\/www.susannavaris.com\/blogg\/wp-content\/uploads\/2012\/08\/DSC_0332-50.jpg\"><img loading=\"lazy\" decoding=\"async\" class=\"aligncenter size-large wp-image-6740\" title=\"DSC_0332-50\" src=\"http:\/\/www.susannavaris.com\/blogg\/wp-content\/uploads\/2012\/08\/DSC_0332-50-713x1024.jpg\" alt=\"\" width=\"640\" height=\"919\" srcset=\"http:\/\/www.susannavaris.com\/blogg\/wp-content\/uploads\/2012\/08\/DSC_0332-50-713x1024.jpg 713w, http:\/\/www.susannavaris.com\/blogg\/wp-content\/uploads\/2012\/08\/DSC_0332-50-208x300.jpg 208w, http:\/\/www.susannavaris.com\/blogg\/wp-content\/uploads\/2012\/08\/DSC_0332-50.jpg 1359w\" sizes=\"auto, (max-width: 640px) 100vw, 640px\" \/><\/a>\u00a0<em>En ilsken och elak man&#8230;<\/em><\/p>\n<p style=\"text-align: center;\"><a href=\"http:\/\/www.susannavaris.com\/blogg\/wp-content\/uploads\/2012\/08\/DSC_0333-50.jpg\"><img loading=\"lazy\" decoding=\"async\" class=\"aligncenter size-large wp-image-6741\" title=\"DSC_0333-50\" src=\"http:\/\/www.susannavaris.com\/blogg\/wp-content\/uploads\/2012\/08\/DSC_0333-50-775x1024.jpg\" alt=\"\" width=\"640\" height=\"845\" srcset=\"http:\/\/www.susannavaris.com\/blogg\/wp-content\/uploads\/2012\/08\/DSC_0333-50-775x1024.jpg 775w, http:\/\/www.susannavaris.com\/blogg\/wp-content\/uploads\/2012\/08\/DSC_0333-50-227x300.jpg 227w, http:\/\/www.susannavaris.com\/blogg\/wp-content\/uploads\/2012\/08\/DSC_0333-50.jpg 1536w\" sizes=\"auto, (max-width: 640px) 100vw, 640px\" \/><\/a>\u00a0<em>Jag missade att anteckna vad detta var f\u00f6r n\u00e5got&#8230;<\/em><\/p>\n<p style=\"text-align: center;\"><a href=\"http:\/\/www.susannavaris.com\/blogg\/wp-content\/uploads\/2012\/08\/DSC_0334-50.jpg\"><img loading=\"lazy\" decoding=\"async\" class=\"aligncenter size-large wp-image-6742\" title=\"DSC_0334-50\" src=\"http:\/\/www.susannavaris.com\/blogg\/wp-content\/uploads\/2012\/08\/DSC_0334-50-1024x708.jpg\" alt=\"\" width=\"640\" height=\"442\" srcset=\"http:\/\/www.susannavaris.com\/blogg\/wp-content\/uploads\/2012\/08\/DSC_0334-50-1024x708.jpg 1024w, http:\/\/www.susannavaris.com\/blogg\/wp-content\/uploads\/2012\/08\/DSC_0334-50-300x207.jpg 300w, http:\/\/www.susannavaris.com\/blogg\/wp-content\/uploads\/2012\/08\/DSC_0334-50.jpg 1898w\" sizes=\"auto, (max-width: 640px) 100vw, 640px\" \/><\/a>\u00a0<em>Frenologin, en ideologibest\u00e4nkt &#8221;vetenskap&#8221; vars tid redan \u00e4r ute&#8230;\u00a0<\/em><\/p>\n<p style=\"text-align: center;\"><a href=\"http:\/\/www.susannavaris.com\/blogg\/wp-content\/uploads\/2012\/08\/DSC_0336-50.jpg\"><img loading=\"lazy\" decoding=\"async\" class=\"aligncenter size-large wp-image-6743\" title=\"DSC_0336-50\" src=\"http:\/\/www.susannavaris.com\/blogg\/wp-content\/uploads\/2012\/08\/DSC_0336-50-1024x749.jpg\" alt=\"\" width=\"640\" height=\"468\" srcset=\"http:\/\/www.susannavaris.com\/blogg\/wp-content\/uploads\/2012\/08\/DSC_0336-50-1024x749.jpg 1024w, http:\/\/www.susannavaris.com\/blogg\/wp-content\/uploads\/2012\/08\/DSC_0336-50-300x219.jpg 300w, http:\/\/www.susannavaris.com\/blogg\/wp-content\/uploads\/2012\/08\/DSC_0336-50.jpg 1595w\" sizes=\"auto, (max-width: 640px) 100vw, 640px\" \/><\/a>\u00a0<em>Gestaltning av mentalsjukas k\u00e4nslor&#8230;<\/em><\/p>\n<p style=\"text-align: center;\"><a href=\"http:\/\/www.susannavaris.com\/blogg\/wp-content\/uploads\/2012\/08\/DSC_0337-50.jpg\"><img loading=\"lazy\" decoding=\"async\" class=\"aligncenter size-large wp-image-6744\" title=\"DSC_0337-50\" src=\"http:\/\/www.susannavaris.com\/blogg\/wp-content\/uploads\/2012\/08\/DSC_0337-50-518x1024.jpg\" alt=\"\" width=\"518\" height=\"1024\" srcset=\"http:\/\/www.susannavaris.com\/blogg\/wp-content\/uploads\/2012\/08\/DSC_0337-50-518x1024.jpg 518w, http:\/\/www.susannavaris.com\/blogg\/wp-content\/uploads\/2012\/08\/DSC_0337-50-152x300.jpg 152w\" sizes=\"auto, (max-width: 518px) 100vw, 518px\" \/><\/a>\u00a0<em>Neurologisk forskning fr\u00e5n f\u00f6rr&#8230;<\/em><\/p>\n<p style=\"text-align: center;\"><a href=\"http:\/\/www.susannavaris.com\/blogg\/wp-content\/uploads\/2012\/08\/DSC_0338-50.jpg\"><img loading=\"lazy\" decoding=\"async\" class=\"aligncenter size-large wp-image-6745\" title=\"DSC_0338-50\" src=\"http:\/\/www.susannavaris.com\/blogg\/wp-content\/uploads\/2012\/08\/DSC_0338-50-736x1024.jpg\" alt=\"\" width=\"640\" height=\"890\" srcset=\"http:\/\/www.susannavaris.com\/blogg\/wp-content\/uploads\/2012\/08\/DSC_0338-50-736x1024.jpg 736w, http:\/\/www.susannavaris.com\/blogg\/wp-content\/uploads\/2012\/08\/DSC_0338-50-215x300.jpg 215w, http:\/\/www.susannavaris.com\/blogg\/wp-content\/uploads\/2012\/08\/DSC_0338-50.jpg 1536w\" sizes=\"auto, (max-width: 640px) 100vw, 640px\" \/><\/a>\u00a0<em>Den gamla sk\u00e5pmaten med kvinnliga mentalpatienter och deras &#8221;onaturliga&#8221; k\u00e4nslor&#8230;<\/em><\/p>\n<p style=\"text-align: center;\"><a href=\"http:\/\/www.susannavaris.com\/blogg\/wp-content\/uploads\/2012\/08\/DSC_0340-50.jpg\"><img loading=\"lazy\" decoding=\"async\" class=\"aligncenter size-large wp-image-6746\" title=\"DSC_0340-50\" src=\"http:\/\/www.susannavaris.com\/blogg\/wp-content\/uploads\/2012\/08\/DSC_0340-50-1024x682.jpg\" alt=\"\" width=\"640\" height=\"426\" srcset=\"http:\/\/www.susannavaris.com\/blogg\/wp-content\/uploads\/2012\/08\/DSC_0340-50-1024x682.jpg 1024w, http:\/\/www.susannavaris.com\/blogg\/wp-content\/uploads\/2012\/08\/DSC_0340-50-300x200.jpg 300w\" sizes=\"auto, (max-width: 640px) 100vw, 640px\" \/><\/a><em>\u00a0Gipsavgjutningar av p\u00e5st\u00e5tt avr\u00e4ttade m\u00e4nniskors huvuden fr\u00e5n Tekniska skolan (f\u00f6reg\u00e5ngare till Konstfack).<\/em><\/p>\n<p style=\"text-align: center;\"><a href=\"http:\/\/www.susannavaris.com\/blogg\/wp-content\/uploads\/2012\/08\/DSC_0093-uffe-50.jpg\"><img loading=\"lazy\" decoding=\"async\" class=\"aligncenter size-large wp-image-6748\" title=\"DSC_0093-uffe-50\" src=\"http:\/\/www.susannavaris.com\/blogg\/wp-content\/uploads\/2012\/08\/DSC_0093-uffe-50-680x1024.jpg\" alt=\"\" width=\"640\" height=\"963\" srcset=\"http:\/\/www.susannavaris.com\/blogg\/wp-content\/uploads\/2012\/08\/DSC_0093-uffe-50-680x1024.jpg 680w, http:\/\/www.susannavaris.com\/blogg\/wp-content\/uploads\/2012\/08\/DSC_0093-uffe-50-199x300.jpg 199w, http:\/\/www.susannavaris.com\/blogg\/wp-content\/uploads\/2012\/08\/DSC_0093-uffe-50.jpg 1424w\" sizes=\"auto, (max-width: 640px) 100vw, 640px\" \/><\/a><em>\u00a0En av Messerscmidts m\u00e4rkliga byster, s\u00e5 kallade Charakterk\u00f6pfe, med allehanda k\u00e4nslouttryck. Hela upps\u00e4ttningen finns p\u00e5 Belvedere i Wien och \u00e4r b\u00e5de bisarr och fascinerande, men ocks\u00e5 mycket naturtrogen \u00e5tergivning av de ofta starka k\u00e4nslouttrycken. Foto: Ulf Holm\u00e9n<\/em><\/p>\n<p style=\"text-align: center;\"><a href=\"http:\/\/www.susannavaris.com\/blogg\/wp-content\/uploads\/2012\/08\/DSC_0342-50.jpg\"><img loading=\"lazy\" decoding=\"async\" class=\"aligncenter size-large wp-image-6749\" title=\"DSC_0342-50\" src=\"http:\/\/www.susannavaris.com\/blogg\/wp-content\/uploads\/2012\/08\/DSC_0342-50-743x1024.jpg\" alt=\"\" width=\"640\" height=\"882\" srcset=\"http:\/\/www.susannavaris.com\/blogg\/wp-content\/uploads\/2012\/08\/DSC_0342-50-743x1024.jpg 743w, http:\/\/www.susannavaris.com\/blogg\/wp-content\/uploads\/2012\/08\/DSC_0342-50-217x300.jpg 217w, http:\/\/www.susannavaris.com\/blogg\/wp-content\/uploads\/2012\/08\/DSC_0342-50.jpg 1529w\" sizes=\"auto, (max-width: 640px) 100vw, 640px\" \/><\/a><em>\u00a0Inte riktigt det v\u00e4lk\u00e4nda Skriet&#8230;snarare en k\u00e4nsla av stunden strax innan. \u00c4r det mannen p\u00e5 bilden som sl\u00e4nger sin hatt och sedan bryter ut i det ber\u00f6mda Skriet? Edward Munch<\/em><\/p>\n<p style=\"text-align: center;\"><a href=\"http:\/\/www.susannavaris.com\/blogg\/wp-content\/uploads\/2012\/08\/DSC_0343-50.jpg\"><img loading=\"lazy\" decoding=\"async\" class=\"aligncenter size-large wp-image-6750\" title=\"DSC_0343-50\" src=\"http:\/\/www.susannavaris.com\/blogg\/wp-content\/uploads\/2012\/08\/DSC_0343-50-781x1024.jpg\" alt=\"\" width=\"640\" height=\"839\" srcset=\"http:\/\/www.susannavaris.com\/blogg\/wp-content\/uploads\/2012\/08\/DSC_0343-50-781x1024.jpg 781w, http:\/\/www.susannavaris.com\/blogg\/wp-content\/uploads\/2012\/08\/DSC_0343-50-229x300.jpg 229w, http:\/\/www.susannavaris.com\/blogg\/wp-content\/uploads\/2012\/08\/DSC_0343-50.jpg 1536w\" sizes=\"auto, (max-width: 640px) 100vw, 640px\" \/><\/a>\u00a0<em>De tv\u00e5 m\u00e4nnen till v\u00e4nster finns ju i bakgrunden p\u00e5 b\u00e5da versionerna&#8230;<\/em><\/p>\n<p style=\"text-align: center;\"><a href=\"http:\/\/www.susannavaris.com\/blogg\/wp-content\/uploads\/2012\/08\/DSC_0344-50.jpg\"><img loading=\"lazy\" decoding=\"async\" class=\"aligncenter size-large wp-image-6751\" title=\"DSC_0344-50\" src=\"http:\/\/www.susannavaris.com\/blogg\/wp-content\/uploads\/2012\/08\/DSC_0344-50-1024x682.jpg\" alt=\"\" width=\"640\" height=\"426\" srcset=\"http:\/\/www.susannavaris.com\/blogg\/wp-content\/uploads\/2012\/08\/DSC_0344-50-1024x682.jpg 1024w, http:\/\/www.susannavaris.com\/blogg\/wp-content\/uploads\/2012\/08\/DSC_0344-50-300x200.jpg 300w\" sizes=\"auto, (max-width: 640px) 100vw, 640px\" \/><\/a><em>Tony Ousler, \u00a0Caricature. Mycket bisarrt.<\/em><\/p>\n<p style=\"text-align: center;\"><a href=\"http:\/\/www.susannavaris.com\/blogg\/wp-content\/uploads\/2012\/08\/DSC_0347-50.jpg\"><img loading=\"lazy\" decoding=\"async\" class=\"aligncenter size-large wp-image-6752\" title=\"DSC_0347-50\" src=\"http:\/\/www.susannavaris.com\/blogg\/wp-content\/uploads\/2012\/08\/DSC_0347-50-1024x682.jpg\" alt=\"\" width=\"640\" height=\"426\" srcset=\"http:\/\/www.susannavaris.com\/blogg\/wp-content\/uploads\/2012\/08\/DSC_0347-50-1024x682.jpg 1024w, http:\/\/www.susannavaris.com\/blogg\/wp-content\/uploads\/2012\/08\/DSC_0347-50-300x200.jpg 300w\" sizes=\"auto, (max-width: 640px) 100vw, 640px\" \/><\/a><em>\u00a0Charlie White, Tate &#8211; LeBianca. Tre av Charles Mansons adepter i hans &#8221;family&#8221; vid r\u00e4tteg\u00e5ngen. Scenen \u00e4r konstruerad med sk\u00e5despelare.<\/em><\/p>\n<p style=\"text-align: center;\"><a href=\"http:\/\/www.susannavaris.com\/blogg\/wp-content\/uploads\/2012\/08\/DSC_0348-50.jpg\"><img loading=\"lazy\" decoding=\"async\" class=\"aligncenter size-full wp-image-6753\" title=\"DSC_0348-50\" src=\"http:\/\/www.susannavaris.com\/blogg\/wp-content\/uploads\/2012\/08\/DSC_0348-50.jpg\" alt=\"\" width=\"843\" height=\"1000\" srcset=\"http:\/\/www.susannavaris.com\/blogg\/wp-content\/uploads\/2012\/08\/DSC_0348-50.jpg 843w, http:\/\/www.susannavaris.com\/blogg\/wp-content\/uploads\/2012\/08\/DSC_0348-50-252x300.jpg 252w\" sizes=\"auto, (max-width: 843px) 100vw, 843px\" \/><\/a>\u00a0<em>Hur man som sk\u00e5despelare gestaltar k\u00e4nslor med hj\u00e4lp av h\u00e4nderna&#8230;\u00a0<\/em><\/p>\n<p style=\"text-align: center;\"><a href=\"http:\/\/www.susannavaris.com\/blogg\/wp-content\/uploads\/2012\/08\/DSC_0349-50.jpg\"><img loading=\"lazy\" decoding=\"async\" class=\"aligncenter size-large wp-image-6754\" title=\"DSC_0349-50\" src=\"http:\/\/www.susannavaris.com\/blogg\/wp-content\/uploads\/2012\/08\/DSC_0349-50-682x1024.jpg\" alt=\"\" width=\"640\" height=\"960\" srcset=\"http:\/\/www.susannavaris.com\/blogg\/wp-content\/uploads\/2012\/08\/DSC_0349-50-682x1024.jpg 682w, http:\/\/www.susannavaris.com\/blogg\/wp-content\/uploads\/2012\/08\/DSC_0349-50-200x300.jpg 200w, http:\/\/www.susannavaris.com\/blogg\/wp-content\/uploads\/2012\/08\/DSC_0349-50.jpg 1536w\" sizes=\"auto, (max-width: 640px) 100vw, 640px\" \/><\/a>\u00a0<em>Lundberg, Stranden och V\u00e5gen<\/em><\/p>\n<p style=\"text-align: center;\"><a href=\"http:\/\/www.susannavaris.com\/blogg\/wp-content\/uploads\/2012\/08\/DSC_0351-50.jpg\"><img loading=\"lazy\" decoding=\"async\" class=\"aligncenter size-large wp-image-6755\" title=\"DSC_0351-50\" src=\"http:\/\/www.susannavaris.com\/blogg\/wp-content\/uploads\/2012\/08\/DSC_0351-50-682x1024.jpg\" alt=\"\" width=\"640\" height=\"960\" srcset=\"http:\/\/www.susannavaris.com\/blogg\/wp-content\/uploads\/2012\/08\/DSC_0351-50-682x1024.jpg 682w, http:\/\/www.susannavaris.com\/blogg\/wp-content\/uploads\/2012\/08\/DSC_0351-50-200x300.jpg 200w, http:\/\/www.susannavaris.com\/blogg\/wp-content\/uploads\/2012\/08\/DSC_0351-50.jpg 1536w\" sizes=\"auto, (max-width: 640px) 100vw, 640px\" \/><\/a>\u00a0<em>Inte s\u00e5 bra bild p\u00e5 en Rembrandt. Jag har l\u00e4rt mig att uppskatta Rembrandt mer och mer, m\u00e5nga av hans verk \u00e4r betagande p\u00e5 ett s\u00e4tt som man inte s\u00e5 ofta st\u00f6ter p\u00e5. Sj\u00e4lvportr\u00e4ttet p\u00e5 Kunsthistorische i Wien var riktigt sv\u00e5r att slita sig ifr\u00e5n, det k\u00e4ndes om mannen stirrade rakt ut fr\u00e5n tavlan och s\u00e5g mig.<\/em><\/p>\n<p style=\"text-align: center;\"><a href=\"http:\/\/www.susannavaris.com\/blogg\/wp-content\/uploads\/2012\/08\/DSC_0352-50.jpg\"><img loading=\"lazy\" decoding=\"async\" class=\"aligncenter size-large wp-image-6756\" title=\"DSC_0352-50\" src=\"http:\/\/www.susannavaris.com\/blogg\/wp-content\/uploads\/2012\/08\/DSC_0352-50-1024x682.jpg\" alt=\"\" width=\"640\" height=\"426\" srcset=\"http:\/\/www.susannavaris.com\/blogg\/wp-content\/uploads\/2012\/08\/DSC_0352-50-1024x682.jpg 1024w, http:\/\/www.susannavaris.com\/blogg\/wp-content\/uploads\/2012\/08\/DSC_0352-50-300x200.jpg 300w\" sizes=\"auto, (max-width: 640px) 100vw, 640px\" \/><\/a>\u00a0<a href=\"http:\/\/www.susannavaris.com\/blogg\/wp-content\/uploads\/2012\/08\/DSC_0353-50.jpg\"><img loading=\"lazy\" decoding=\"async\" class=\"aligncenter size-large wp-image-6757\" title=\"DSC_0353-50\" src=\"http:\/\/www.susannavaris.com\/blogg\/wp-content\/uploads\/2012\/08\/DSC_0353-50-1024x682.jpg\" alt=\"\" width=\"640\" height=\"426\" srcset=\"http:\/\/www.susannavaris.com\/blogg\/wp-content\/uploads\/2012\/08\/DSC_0353-50-1024x682.jpg 1024w, http:\/\/www.susannavaris.com\/blogg\/wp-content\/uploads\/2012\/08\/DSC_0353-50-300x200.jpg 300w\" sizes=\"auto, (max-width: 640px) 100vw, 640px\" \/><\/a>\u00a0<a href=\"http:\/\/www.susannavaris.com\/blogg\/wp-content\/uploads\/2012\/08\/DSC_0354-50.jpg\"><img loading=\"lazy\" decoding=\"async\" class=\"aligncenter size-large wp-image-6758\" title=\"DSC_0354-50\" src=\"http:\/\/www.susannavaris.com\/blogg\/wp-content\/uploads\/2012\/08\/DSC_0354-50-1024x682.jpg\" alt=\"\" width=\"640\" height=\"426\" srcset=\"http:\/\/www.susannavaris.com\/blogg\/wp-content\/uploads\/2012\/08\/DSC_0354-50-1024x682.jpg 1024w, http:\/\/www.susannavaris.com\/blogg\/wp-content\/uploads\/2012\/08\/DSC_0354-50-300x200.jpg 300w\" sizes=\"auto, (max-width: 640px) 100vw, 640px\" \/><\/a>\u00a0<em>Lite energi-intag i form av den fabul\u00f6sa buff\u00e9n, som denna dag var lite extra guldkantig med himmelsk lasagne, r\u00f6dbetor och getost och sparris bland annat&#8230;<\/em><\/p>\n<p style=\"text-align: center;\">Nu blev jag hungrig&#8230;forts\u00e4ttning f\u00f6ljer i n\u00e4sta inl\u00e4gg&#8230;<\/p>\n<p style=\"text-align: center;\">Recensioner:<\/p>\n<p style=\"text-align: center;\"><a href=\"http:\/\/www.dn.se\/kultur-noje\/konstrecensioner\/passioner--konst-och-kanslor-genom-fem-sekler-pa-nationalmuseum-stockholm\">http:\/\/www.dn.se\/kultur-noje\/konstrecensioner\/passioner&#8211;konst-och-kanslor-genom-fem-sekler-pa-nationalmuseum-stockholm<\/a><\/p>\n<p style=\"text-align: center;\"><a href=\"http:\/\/www.svd.se\/kultur\/konst\/forodande-okansligt_6941989.svd\">http:\/\/www.svd.se\/kultur\/konst\/forodande-okansligt_6941989.svd<\/a><\/p>\n","protected":false},"excerpt":{"rendered":"<p>Ig\u00e5r bes\u00f6kte vi Nationalmuseum och tv\u00e5 av de p\u00e5g\u00e5ende utst\u00e4llningarna; Passioner samt Ljus och M\u00f6rker. \u00a0Turistigt foto fr\u00e5n Kungstr\u00e4dg\u00e5rden. Med v\u00e5ra kameror sm\u00e4lter vi v\u00e4l in i turisthorden och blev tilltalade p\u00e5 engelska p\u00e5 Nationalmus\u00e9ets restaurang&#8230; \u00a0M\u00e4staren till Katarinalegenden, Madonna &hellip; <a href=\"http:\/\/www.susannavaris.com\/blogg\/2012\/08\/passioner-och-ljus-och-morker-pa-nationalmuseum\/\">Forts\u00e4tt l\u00e4sa <span class=\"meta-nav\">&rarr;<\/span><\/a><\/p>\n","protected":false},"author":1,"featured_media":0,"comment_status":"open","ping_status":"open","sticky":false,"template":"","format":"standard","meta":{"footnotes":""},"categories":[107,674,13,3,1162,1,403,303,4],"tags":[2214,2211,2208,2206,2204,2209,2210,2212,21,2205,129,2213,2207,67],"class_list":["post-6731","post","type-post","status-publish","format-standard","hentry","category-finland","category-historia","category-inspiration","category-konst","category-kultur","category-okategoriserade","category-pseudovetenskap","category-religion","category-utstallning","tag-atrium","tag-belvedere","tag-cranach","tag-gallen-kallela","tag-ljus-och-morker","tag-maria-magdalena","tag-messerschimdt","tag-munch","tag-nationalmuseum","tag-passioner","tag-rembrandt","tag-skriet","tag-vallgren","tag-wien"],"_links":{"self":[{"href":"http:\/\/www.susannavaris.com\/blogg\/wp-json\/wp\/v2\/posts\/6731","targetHints":{"allow":["GET"]}}],"collection":[{"href":"http:\/\/www.susannavaris.com\/blogg\/wp-json\/wp\/v2\/posts"}],"about":[{"href":"http:\/\/www.susannavaris.com\/blogg\/wp-json\/wp\/v2\/types\/post"}],"author":[{"embeddable":true,"href":"http:\/\/www.susannavaris.com\/blogg\/wp-json\/wp\/v2\/users\/1"}],"replies":[{"embeddable":true,"href":"http:\/\/www.susannavaris.com\/blogg\/wp-json\/wp\/v2\/comments?post=6731"}],"version-history":[{"count":4,"href":"http:\/\/www.susannavaris.com\/blogg\/wp-json\/wp\/v2\/posts\/6731\/revisions"}],"predecessor-version":[{"id":6787,"href":"http:\/\/www.susannavaris.com\/blogg\/wp-json\/wp\/v2\/posts\/6731\/revisions\/6787"}],"wp:attachment":[{"href":"http:\/\/www.susannavaris.com\/blogg\/wp-json\/wp\/v2\/media?parent=6731"}],"wp:term":[{"taxonomy":"category","embeddable":true,"href":"http:\/\/www.susannavaris.com\/blogg\/wp-json\/wp\/v2\/categories?post=6731"},{"taxonomy":"post_tag","embeddable":true,"href":"http:\/\/www.susannavaris.com\/blogg\/wp-json\/wp\/v2\/tags?post=6731"}],"curies":[{"name":"wp","href":"https:\/\/api.w.org\/{rel}","templated":true}]}}