{"id":6768,"date":"2012-08-12T23:34:19","date_gmt":"2012-08-12T21:34:19","guid":{"rendered":"http:\/\/www.susannavaris.com\/blogg\/?p=6768"},"modified":"2012-08-12T23:34:19","modified_gmt":"2012-08-12T21:34:19","slug":"ljus-och-morker-nationalmuseum","status":"publish","type":"post","link":"http:\/\/www.susannavaris.com\/blogg\/2012\/08\/ljus-och-morker-nationalmuseum\/","title":{"rendered":"Ljus och M\u00f6rker &#8211; Nationalmuseum"},"content":{"rendered":"<p style=\"text-align: center;\">&#8230;forts\u00e4ttning fr\u00e5n ett tidigare inl\u00e4gg:<\/p>\n<p style=\"text-align: center;\"><a href=\"http:\/\/www.susannavaris.com\/blogg\/wp-content\/uploads\/2012\/08\/DSC_0095-uffe-50.jpg\"><img loading=\"lazy\" decoding=\"async\" class=\"aligncenter size-large wp-image-6769\" title=\"DSC_0095-uffe-50\" src=\"http:\/\/www.susannavaris.com\/blogg\/wp-content\/uploads\/2012\/08\/DSC_0095-uffe-50-1024x776.jpg\" alt=\"\" width=\"640\" height=\"485\" srcset=\"http:\/\/www.susannavaris.com\/blogg\/wp-content\/uploads\/2012\/08\/DSC_0095-uffe-50-1024x776.jpg 1024w, http:\/\/www.susannavaris.com\/blogg\/wp-content\/uploads\/2012\/08\/DSC_0095-uffe-50-300x227.jpg 300w, http:\/\/www.susannavaris.com\/blogg\/wp-content\/uploads\/2012\/08\/DSC_0095-uffe-50.jpg 1421w\" sizes=\"auto, (max-width: 640px) 100vw, 640px\" \/><\/a><em>\u00a0Efter utst\u00e4llningen Passioner och en st\u00e4rkande lunch var vi beredda att ta oss an n\u00e4sta kulturupplevelse, utst\u00e4llningen Ljus och M\u00f6rker. Foto: Ulf Holm\u00e9n<\/em><\/p>\n<p style=\"text-align: center;\"><a href=\"http:\/\/www.susannavaris.com\/blogg\/wp-content\/uploads\/2012\/08\/DSC_0355-50.jpg\"><img loading=\"lazy\" decoding=\"async\" class=\"aligncenter size-large wp-image-6770\" title=\"DSC_0355-50\" src=\"http:\/\/www.susannavaris.com\/blogg\/wp-content\/uploads\/2012\/08\/DSC_0355-50-682x1024.jpg\" alt=\"\" width=\"640\" height=\"960\" srcset=\"http:\/\/www.susannavaris.com\/blogg\/wp-content\/uploads\/2012\/08\/DSC_0355-50-682x1024.jpg 682w, http:\/\/www.susannavaris.com\/blogg\/wp-content\/uploads\/2012\/08\/DSC_0355-50-200x300.jpg 200w, http:\/\/www.susannavaris.com\/blogg\/wp-content\/uploads\/2012\/08\/DSC_0355-50.jpg 1536w\" sizes=\"auto, (max-width: 640px) 100vw, 640px\" \/><\/a><\/p>\n<p style=\"text-align: center;\"><a href=\"http:\/\/www.susannavaris.com\/blogg\/wp-content\/uploads\/2012\/08\/DSC_0356-50.jpg\"><img loading=\"lazy\" decoding=\"async\" class=\"aligncenter size-large wp-image-6771\" title=\"DSC_0356-50\" src=\"http:\/\/www.susannavaris.com\/blogg\/wp-content\/uploads\/2012\/08\/DSC_0356-50-1024x682.jpg\" alt=\"\" width=\"640\" height=\"426\" srcset=\"http:\/\/www.susannavaris.com\/blogg\/wp-content\/uploads\/2012\/08\/DSC_0356-50-1024x682.jpg 1024w, http:\/\/www.susannavaris.com\/blogg\/wp-content\/uploads\/2012\/08\/DSC_0356-50-300x200.jpg 300w\" sizes=\"auto, (max-width: 640px) 100vw, 640px\" \/><\/a>\u00a0<em>J\u00e4ttekandelabrar fr\u00e5n Gustav III:s (?) tid. Mera \u00e5t empire-h\u00e5llet, var det kanske Gustav IV Adolf (?)<\/em><\/p>\n<p style=\"text-align: center;\"><a href=\"http:\/\/www.susannavaris.com\/blogg\/wp-content\/uploads\/2012\/08\/DSC_0358-50.jpg\"><img loading=\"lazy\" decoding=\"async\" class=\"aligncenter size-large wp-image-6772\" title=\"DSC_0358-50\" src=\"http:\/\/www.susannavaris.com\/blogg\/wp-content\/uploads\/2012\/08\/DSC_0358-50-682x1024.jpg\" alt=\"\" width=\"640\" height=\"960\" srcset=\"http:\/\/www.susannavaris.com\/blogg\/wp-content\/uploads\/2012\/08\/DSC_0358-50-682x1024.jpg 682w, http:\/\/www.susannavaris.com\/blogg\/wp-content\/uploads\/2012\/08\/DSC_0358-50-200x300.jpg 200w, http:\/\/www.susannavaris.com\/blogg\/wp-content\/uploads\/2012\/08\/DSC_0358-50.jpg 1536w\" sizes=\"auto, (max-width: 640px) 100vw, 640px\" \/><\/a>\u00a0<em>Fantastisk takkrona som bilden inte riktigt g\u00f6r r\u00e4ttvisa \u00e5t.<\/em><\/p>\n<p style=\"text-align: center;\"><a href=\"http:\/\/www.susannavaris.com\/blogg\/wp-content\/uploads\/2012\/08\/DSC_0359-50.jpg\"><img loading=\"lazy\" decoding=\"async\" class=\"aligncenter size-large wp-image-6773\" title=\"DSC_0359-50\" src=\"http:\/\/www.susannavaris.com\/blogg\/wp-content\/uploads\/2012\/08\/DSC_0359-50-1024x1013.jpg\" alt=\"\" width=\"640\" height=\"633\" srcset=\"http:\/\/www.susannavaris.com\/blogg\/wp-content\/uploads\/2012\/08\/DSC_0359-50-1024x1013.jpg 1024w, http:\/\/www.susannavaris.com\/blogg\/wp-content\/uploads\/2012\/08\/DSC_0359-50-300x296.jpg 300w, http:\/\/www.susannavaris.com\/blogg\/wp-content\/uploads\/2012\/08\/DSC_0359-50.jpg 1552w\" sizes=\"auto, (max-width: 640px) 100vw, 640px\" \/><\/a>\u00a0<em>Jag missade tyv\u00e4rr att anteckna namnet p\u00e5 denna konstn\u00e4r. P\u00f6len s\u00e5g rent sj\u00e4lvlysande ut. <\/em><\/p>\n<p style=\"text-align: center;\">Bland verken fanns m\u00e5nga bra exempel p\u00e5 skickligt utf\u00f6rd ljuss\u00e4ttning, men \u00e4ven en avdelning med f\u00f6retr\u00e4desvis kvinnliga konstn\u00e4rer vars verk inte p\u00e5 n\u00e5got m\u00e4rkv\u00e4rdigt s\u00e4tt representerade intressant ljuss\u00e4ttning. Det k\u00e4ndes som en genomf\u00f6rd j\u00e4mst\u00e4lldhetspolicy d\u00e4r man rotat fram ett antal verk av kvinnliga konstn\u00e4rer, vilka med lite fantasi kunde tryckas in under epitetet Ljus och M\u00f6rker. En j\u00e4ttetavla med Elin W\u00e4gner som huvudattraktion p\u00e5 kortv\u00e4ggen i fr\u00e4mre salen, samt makarna Myrdal i en &#8221;j\u00e4mst\u00e4lld&#8221; position p\u00e5 var sin sida av ett skrivbord f\u00f6rst\u00e4rkte intrycket av en genusmedveten kurering.<\/p>\n<p style=\"text-align: center;\"><a href=\"http:\/\/www.susannavaris.com\/blogg\/wp-content\/uploads\/2012\/08\/DSC_0360-50.jpg\"><img loading=\"lazy\" decoding=\"async\" class=\"aligncenter size-large wp-image-6774\" title=\"DSC_0360-50\" src=\"http:\/\/www.susannavaris.com\/blogg\/wp-content\/uploads\/2012\/08\/DSC_0360-50-841x1024.jpg\" alt=\"\" width=\"640\" height=\"779\" srcset=\"http:\/\/www.susannavaris.com\/blogg\/wp-content\/uploads\/2012\/08\/DSC_0360-50-841x1024.jpg 841w, http:\/\/www.susannavaris.com\/blogg\/wp-content\/uploads\/2012\/08\/DSC_0360-50-246x300.jpg 246w, http:\/\/www.susannavaris.com\/blogg\/wp-content\/uploads\/2012\/08\/DSC_0360-50.jpg 1517w\" sizes=\"auto, (max-width: 640px) 100vw, 640px\" \/><\/a>\u00a0<em>Louis Sparre, Vintermotiv fr\u00e5n Helsingfors.<\/em><\/p>\n<p style=\"text-align: center;\"><a href=\"http:\/\/www.susannavaris.com\/blogg\/wp-content\/uploads\/2012\/08\/DSC_0363-50.jpg\"><img loading=\"lazy\" decoding=\"async\" class=\"aligncenter size-large wp-image-6775\" title=\"DSC_0363-50\" src=\"http:\/\/www.susannavaris.com\/blogg\/wp-content\/uploads\/2012\/08\/DSC_0363-50-682x1024.jpg\" alt=\"\" width=\"640\" height=\"960\" srcset=\"http:\/\/www.susannavaris.com\/blogg\/wp-content\/uploads\/2012\/08\/DSC_0363-50-682x1024.jpg 682w, http:\/\/www.susannavaris.com\/blogg\/wp-content\/uploads\/2012\/08\/DSC_0363-50-200x300.jpg 200w, http:\/\/www.susannavaris.com\/blogg\/wp-content\/uploads\/2012\/08\/DSC_0363-50.jpg 1536w\" sizes=\"auto, (max-width: 640px) 100vw, 640px\" \/><\/a>\u00a0<em>Makarna Myrdal i bakgrunden.<\/em><\/p>\n<p style=\"text-align: center;\"><a href=\"http:\/\/www.susannavaris.com\/blogg\/wp-content\/uploads\/2012\/08\/DSC_0364-50.jpg\"><img loading=\"lazy\" decoding=\"async\" class=\"aligncenter size-large wp-image-6776\" title=\"DSC_0364-50\" src=\"http:\/\/www.susannavaris.com\/blogg\/wp-content\/uploads\/2012\/08\/DSC_0364-50-732x1024.jpg\" alt=\"\" width=\"640\" height=\"895\" srcset=\"http:\/\/www.susannavaris.com\/blogg\/wp-content\/uploads\/2012\/08\/DSC_0364-50-732x1024.jpg 732w, http:\/\/www.susannavaris.com\/blogg\/wp-content\/uploads\/2012\/08\/DSC_0364-50-214x300.jpg 214w, http:\/\/www.susannavaris.com\/blogg\/wp-content\/uploads\/2012\/08\/DSC_0364-50.jpg 1443w\" sizes=\"auto, (max-width: 640px) 100vw, 640px\" \/><\/a>\u00a0<em>Geniet Zorn<\/em><\/p>\n<p style=\"text-align: center;\"><a href=\"http:\/\/www.susannavaris.com\/blogg\/wp-content\/uploads\/2012\/08\/DSC_0365-50.jpg\"><img loading=\"lazy\" decoding=\"async\" class=\"aligncenter size-large wp-image-6777\" title=\"DSC_0365-50\" src=\"http:\/\/www.susannavaris.com\/blogg\/wp-content\/uploads\/2012\/08\/DSC_0365-50-843x1024.jpg\" alt=\"\" width=\"640\" height=\"777\" srcset=\"http:\/\/www.susannavaris.com\/blogg\/wp-content\/uploads\/2012\/08\/DSC_0365-50-843x1024.jpg 843w, http:\/\/www.susannavaris.com\/blogg\/wp-content\/uploads\/2012\/08\/DSC_0365-50-247x300.jpg 247w, http:\/\/www.susannavaris.com\/blogg\/wp-content\/uploads\/2012\/08\/DSC_0365-50.jpg 1532w\" sizes=\"auto, (max-width: 640px) 100vw, 640px\" \/><\/a>\u00a0<em>Falu gruva.\u00a0<\/em><\/p>\n<p style=\"text-align: center;\"><a href=\"http:\/\/www.susannavaris.com\/blogg\/wp-content\/uploads\/2012\/08\/DSC_0366-50.jpg\"><img loading=\"lazy\" decoding=\"async\" class=\"aligncenter size-large wp-image-6778\" title=\"DSC_0366-50\" src=\"http:\/\/www.susannavaris.com\/blogg\/wp-content\/uploads\/2012\/08\/DSC_0366-50-948x1024.jpg\" alt=\"\" width=\"640\" height=\"691\" srcset=\"http:\/\/www.susannavaris.com\/blogg\/wp-content\/uploads\/2012\/08\/DSC_0366-50-948x1024.jpg 948w, http:\/\/www.susannavaris.com\/blogg\/wp-content\/uploads\/2012\/08\/DSC_0366-50-277x300.jpg 277w, http:\/\/www.susannavaris.com\/blogg\/wp-content\/uploads\/2012\/08\/DSC_0366-50.jpg 1287w\" sizes=\"auto, (max-width: 640px) 100vw, 640px\" \/><\/a>\u00a0<em>Irwing Penn, Ingmar Bergman<\/em><\/p>\n<p style=\"text-align: center;\"><a href=\"http:\/\/www.susannavaris.com\/blogg\/wp-content\/uploads\/2012\/08\/DSC_0367-50.jpg\"><img loading=\"lazy\" decoding=\"async\" class=\"aligncenter size-large wp-image-6779\" title=\"DSC_0367-50\" src=\"http:\/\/www.susannavaris.com\/blogg\/wp-content\/uploads\/2012\/08\/DSC_0367-50-1024x458.jpg\" alt=\"\" width=\"640\" height=\"286\" srcset=\"http:\/\/www.susannavaris.com\/blogg\/wp-content\/uploads\/2012\/08\/DSC_0367-50-1024x458.jpg 1024w, http:\/\/www.susannavaris.com\/blogg\/wp-content\/uploads\/2012\/08\/DSC_0367-50-300x134.jpg 300w\" sizes=\"auto, (max-width: 640px) 100vw, 640px\" \/><\/a>\u00a0<em>Fem katt- och f\u00e5gelstudier av Bruno Liljefors<\/em><\/p>\n<p style=\"text-align: center;\"><a href=\"http:\/\/www.susannavaris.com\/blogg\/wp-content\/uploads\/2012\/08\/DSC_0368-50.jpg\"><img loading=\"lazy\" decoding=\"async\" class=\"aligncenter size-large wp-image-6780\" title=\"DSC_0368-50\" src=\"http:\/\/www.susannavaris.com\/blogg\/wp-content\/uploads\/2012\/08\/DSC_0368-50-760x1024.jpg\" alt=\"\" width=\"640\" height=\"862\" srcset=\"http:\/\/www.susannavaris.com\/blogg\/wp-content\/uploads\/2012\/08\/DSC_0368-50-760x1024.jpg 760w, http:\/\/www.susannavaris.com\/blogg\/wp-content\/uploads\/2012\/08\/DSC_0368-50-222x300.jpg 222w, http:\/\/www.susannavaris.com\/blogg\/wp-content\/uploads\/2012\/08\/DSC_0368-50.jpg 1359w\" sizes=\"auto, (max-width: 640px) 100vw, 640px\" \/><\/a>\u00a0<em>Geniet Zorn igen. Han har en f\u00f6rm\u00e5ga att f\u00e5 akvareller att se ut som oljef\u00e4rg. Makal\u00f6st!<\/em><\/p>\n<p style=\"text-align: center;\"><a href=\"http:\/\/www.susannavaris.com\/blogg\/wp-content\/uploads\/2012\/08\/DSC_0369-50.jpg\"><img loading=\"lazy\" decoding=\"async\" class=\"aligncenter size-large wp-image-6781\" title=\"DSC_0369-50\" src=\"http:\/\/www.susannavaris.com\/blogg\/wp-content\/uploads\/2012\/08\/DSC_0369-50-897x1024.jpg\" alt=\"\" width=\"640\" height=\"730\" srcset=\"http:\/\/www.susannavaris.com\/blogg\/wp-content\/uploads\/2012\/08\/DSC_0369-50-897x1024.jpg 897w, http:\/\/www.susannavaris.com\/blogg\/wp-content\/uploads\/2012\/08\/DSC_0369-50-262x300.jpg 262w, http:\/\/www.susannavaris.com\/blogg\/wp-content\/uploads\/2012\/08\/DSC_0369-50.jpg 1517w\" sizes=\"auto, (max-width: 640px) 100vw, 640px\" \/><\/a><em>\u00a0Viggo Johansen, Solsken i Matsalen 1899. En inspirationsbild till min dr\u00f6m om en sekelskiftesinredning. Detta matrum \u00e4r inte fullt s\u00e5 belamrat som sekelskiftesrum ofta \u00e4r, vilket tilltalar mig. Sekelskifte med en touch av ljust och fr\u00e4scht.<\/em><\/p>\n<p style=\"text-align: center;\"><a href=\"http:\/\/www.susannavaris.com\/blogg\/wp-content\/uploads\/2012\/08\/DSC_0372-50.jpg\"><img loading=\"lazy\" decoding=\"async\" class=\"aligncenter size-large wp-image-6782\" title=\"DSC_0372-50\" src=\"http:\/\/www.susannavaris.com\/blogg\/wp-content\/uploads\/2012\/08\/DSC_0372-50-1024x682.jpg\" alt=\"\" width=\"640\" height=\"426\" srcset=\"http:\/\/www.susannavaris.com\/blogg\/wp-content\/uploads\/2012\/08\/DSC_0372-50-1024x682.jpg 1024w, http:\/\/www.susannavaris.com\/blogg\/wp-content\/uploads\/2012\/08\/DSC_0372-50-300x200.jpg 300w\" sizes=\"auto, (max-width: 640px) 100vw, 640px\" \/><\/a>\u00a0<em>En stunds vila i den stora salen. Utst\u00e4llningen visade sig handla om ljus och m\u00f6rker i mycket bokstavlig mening. Jag hade v\u00e4ntat mig en del \u00e4ven bildligt ljus och m\u00f6rker, men jag kompenserade genom att inhandla boken Art of the Devil i museibutiken. Den kommer nog v\u00e4l till pass vid skapandet av min t\u00e4nkta Inferno-m\u00e5lning\/collage.<\/em><\/p>\n<p style=\"text-align: center;\"><a href=\"http:\/\/www.susannavaris.com\/blogg\/wp-content\/uploads\/2012\/08\/DSC_0373-50.jpg\"><img loading=\"lazy\" decoding=\"async\" class=\"aligncenter size-large wp-image-6783\" title=\"DSC_0373-50\" src=\"http:\/\/www.susannavaris.com\/blogg\/wp-content\/uploads\/2012\/08\/DSC_0373-50-1024x682.jpg\" alt=\"\" width=\"640\" height=\"426\" srcset=\"http:\/\/www.susannavaris.com\/blogg\/wp-content\/uploads\/2012\/08\/DSC_0373-50-1024x682.jpg 1024w, http:\/\/www.susannavaris.com\/blogg\/wp-content\/uploads\/2012\/08\/DSC_0373-50-300x200.jpg 300w\" sizes=\"auto, (max-width: 640px) 100vw, 640px\" \/><\/a>\u00a0<em>P\u00e5 Nybroplan. Vi tar en liten paus och njuter av det vackra v\u00e4dret. Turistinfo; till v\u00e4nster: Strandv\u00e4gen och Nordiska mus\u00e9et, bakom Uffe: Vasa, till h\u00f6ger: Gr\u00f6na Lund och Blasieholmen.<\/em><\/p>\n","protected":false},"excerpt":{"rendered":"<p>&#8230;forts\u00e4ttning fr\u00e5n ett tidigare inl\u00e4gg: \u00a0Efter utst\u00e4llningen Passioner och en st\u00e4rkande lunch var vi beredda att ta oss an n\u00e4sta kulturupplevelse, utst\u00e4llningen Ljus och M\u00f6rker. Foto: Ulf Holm\u00e9n \u00a0J\u00e4ttekandelabrar fr\u00e5n Gustav III:s (?) tid. Mera \u00e5t empire-h\u00e5llet, var det kanske &hellip; <a href=\"http:\/\/www.susannavaris.com\/blogg\/2012\/08\/ljus-och-morker-nationalmuseum\/\">Forts\u00e4tt l\u00e4sa <span class=\"meta-nav\">&rarr;<\/span><\/a><\/p>\n","protected":false},"author":1,"featured_media":0,"comment_status":"open","ping_status":"open","sticky":false,"template":"","format":"standard","meta":{"footnotes":""},"categories":[1364,181,259,674,213,13,1321,3,1162,1,4],"tags":[2222,2219,4899,4918,2204,2220,21,2221,2205],"class_list":["post-6768","post","type-post","status-publish","format-standard","hentry","category-bocker","category-feminism","category-genusvetenskap","category-historia","category-inredning","category-inspiration","category-jamstalldhet","category-konst","category-kultur","category-okategoriserade","category-utstallning","tag-art-of-the-devil","tag-elin-wagner","tag-genus","tag-jamstalldhet","tag-ljus-och-morker","tag-myrdal","tag-nationalmuseum","tag-nybroplan","tag-passioner"],"_links":{"self":[{"href":"http:\/\/www.susannavaris.com\/blogg\/wp-json\/wp\/v2\/posts\/6768","targetHints":{"allow":["GET"]}}],"collection":[{"href":"http:\/\/www.susannavaris.com\/blogg\/wp-json\/wp\/v2\/posts"}],"about":[{"href":"http:\/\/www.susannavaris.com\/blogg\/wp-json\/wp\/v2\/types\/post"}],"author":[{"embeddable":true,"href":"http:\/\/www.susannavaris.com\/blogg\/wp-json\/wp\/v2\/users\/1"}],"replies":[{"embeddable":true,"href":"http:\/\/www.susannavaris.com\/blogg\/wp-json\/wp\/v2\/comments?post=6768"}],"version-history":[{"count":3,"href":"http:\/\/www.susannavaris.com\/blogg\/wp-json\/wp\/v2\/posts\/6768\/revisions"}],"predecessor-version":[{"id":6786,"href":"http:\/\/www.susannavaris.com\/blogg\/wp-json\/wp\/v2\/posts\/6768\/revisions\/6786"}],"wp:attachment":[{"href":"http:\/\/www.susannavaris.com\/blogg\/wp-json\/wp\/v2\/media?parent=6768"}],"wp:term":[{"taxonomy":"category","embeddable":true,"href":"http:\/\/www.susannavaris.com\/blogg\/wp-json\/wp\/v2\/categories?post=6768"},{"taxonomy":"post_tag","embeddable":true,"href":"http:\/\/www.susannavaris.com\/blogg\/wp-json\/wp\/v2\/tags?post=6768"}],"curies":[{"name":"wp","href":"https:\/\/api.w.org\/{rel}","templated":true}]}}