{"id":6789,"date":"2012-08-13T00:33:24","date_gmt":"2012-08-12T22:33:24","guid":{"rendered":"http:\/\/www.susannavaris.com\/blogg\/?p=6789"},"modified":"2012-08-13T11:13:13","modified_gmt":"2012-08-13T09:13:13","slug":"iggy-crush","status":"publish","type":"post","link":"http:\/\/www.susannavaris.com\/blogg\/2012\/08\/iggy-crush\/","title":{"rendered":"Iggy-crush"},"content":{"rendered":"<p>Jag hade en intensiv Iggy Pop-crush kring 2007. Jag b\u00f6rjade s\u00e5 sakteliga m\u00e5la lite igen och Iggy var den f\u00f6rsta oljem\u00e5lningen jag gjorde p\u00e5 13 \u00e5r. Den s\u00e5lde jag sedermera till en arbetskamrat.<\/p>\n<p>Denne kompis, Anna, var en av de lyckliga som fick komma upp och dansa med Iggy p\u00e5 senaste Gr\u00f6na Lund-spelningen i f\u00f6rrg\u00e5r:<\/p>\n<p style=\"text-align: center;\"><a href=\"http:\/\/www.susannavaris.com\/blogg\/wp-content\/uploads\/2012\/08\/annaochiggy.jpg\"><img loading=\"lazy\" decoding=\"async\" class=\"aligncenter size-full wp-image-6790\" title=\"annaochiggy\" src=\"http:\/\/www.susannavaris.com\/blogg\/wp-content\/uploads\/2012\/08\/annaochiggy.jpg\" alt=\"\" width=\"960\" height=\"640\" srcset=\"http:\/\/www.susannavaris.com\/blogg\/wp-content\/uploads\/2012\/08\/annaochiggy.jpg 960w, http:\/\/www.susannavaris.com\/blogg\/wp-content\/uploads\/2012\/08\/annaochiggy-300x200.jpg 300w\" sizes=\"auto, (max-width: 960px) 100vw, 960px\" \/><\/a>\u00a0<em>Anna i mitten med Iggy&#8230;<\/em><\/p>\n<p style=\"text-align: center;\">Det n\u00e4rmaste jag kom Iggy under min period var att min kommentar till en bild togs med p\u00e5 Iggy and the Stooges Myspace-sida:<\/p>\n<p style=\"text-align: center;\"><a href=\"http:\/\/www.susannavaris.com\/blogg\/wp-content\/uploads\/2012\/08\/iggycomment.jpg\"><img loading=\"lazy\" decoding=\"async\" class=\"aligncenter size-full wp-image-6791\" title=\"iggycomment\" src=\"http:\/\/www.susannavaris.com\/blogg\/wp-content\/uploads\/2012\/08\/iggycomment.jpg\" alt=\"\" width=\"676\" height=\"550\" srcset=\"http:\/\/www.susannavaris.com\/blogg\/wp-content\/uploads\/2012\/08\/iggycomment.jpg 676w, http:\/\/www.susannavaris.com\/blogg\/wp-content\/uploads\/2012\/08\/iggycomment-300x244.jpg 300w\" sizes=\"auto, (max-width: 676px) 100vw, 676px\" \/><\/a>\u00a0<em>Som synes tas det in kommentarer ganska s\u00e4llan&#8230; :)\u00a0<\/em><\/p>\n<p style=\"text-align: center;\">&#8230;men det bleknar nog lite i j\u00e4mf\u00f6relse.<\/p>\n<p style=\"text-align: center;\">\u00a0Mitt Iggy-portr\u00e4tt:<\/p>\n<p style=\"text-align: center;\"><a href=\"http:\/\/www.susannavaris.com\/blogg\/wp-content\/uploads\/2012\/08\/34718_167021289977892_3815007_n.jpg\"><img loading=\"lazy\" decoding=\"async\" class=\"aligncenter size-full wp-image-6792\" title=\"34718_167021289977892_3815007_n\" src=\"http:\/\/www.susannavaris.com\/blogg\/wp-content\/uploads\/2012\/08\/34718_167021289977892_3815007_n.jpg\" alt=\"\" width=\"540\" height=\"720\" srcset=\"http:\/\/www.susannavaris.com\/blogg\/wp-content\/uploads\/2012\/08\/34718_167021289977892_3815007_n.jpg 540w, http:\/\/www.susannavaris.com\/blogg\/wp-content\/uploads\/2012\/08\/34718_167021289977892_3815007_n-225x300.jpg 225w\" sizes=\"auto, (max-width: 540px) 100vw, 540px\" \/><\/a>\u00a0<em>Iggy, oil 2007. Susanna Varis<\/em><\/p>\n<p style=\"text-align: center;\">\u00a0&#8211; : &#8211; : &#8211; : &#8211;<\/p>\n<p style=\"text-align: center;\">Det har nu materialiserat sig en film om Annas \u00e4ventyr med Iggy (mycket bra filmat):<\/p>\n<p style=\"text-align: center;\"><a href=\"http:\/\/www.youtube.com\/watch?v=QhvT0IzvbHk&amp;feature=youtu.be\">http:\/\/www.youtube.com\/watch?v=QhvT0IzvbHk&amp;feature=youtu.be<\/a><\/p>\n","protected":false},"excerpt":{"rendered":"<p>Jag hade en intensiv Iggy Pop-crush kring 2007. Jag b\u00f6rjade s\u00e5 sakteliga m\u00e5la lite igen och Iggy var den f\u00f6rsta oljem\u00e5lningen jag gjorde p\u00e5 13 \u00e5r. Den s\u00e5lde jag sedermera till en arbetskamrat. Denne kompis, Anna, var en av de &hellip; <a href=\"http:\/\/www.susannavaris.com\/blogg\/2012\/08\/iggy-crush\/\">Forts\u00e4tt l\u00e4sa <span class=\"meta-nav\">&rarr;<\/span><\/a><\/p>\n","protected":false},"author":1,"featured_media":0,"comment_status":"open","ping_status":"open","sticky":false,"template":"","format":"standard","meta":{"footnotes":""},"categories":[1419,1162,12,589,994],"tags":[2225,2224,2223,4920,16,2227,2226],"class_list":["post-6789","post","type-post","status-publish","format-standard","hentry","category-konsert","category-kultur","category-marilyn-manson","category-medier","category-musik","tag-grona-lund","tag-iggy-and-the-stooges","tag-iggy-pop","tag-konsert","tag-marilyn-manson-2","tag-myspace","tag-ron-asheton"],"_links":{"self":[{"href":"http:\/\/www.susannavaris.com\/blogg\/wp-json\/wp\/v2\/posts\/6789","targetHints":{"allow":["GET"]}}],"collection":[{"href":"http:\/\/www.susannavaris.com\/blogg\/wp-json\/wp\/v2\/posts"}],"about":[{"href":"http:\/\/www.susannavaris.com\/blogg\/wp-json\/wp\/v2\/types\/post"}],"author":[{"embeddable":true,"href":"http:\/\/www.susannavaris.com\/blogg\/wp-json\/wp\/v2\/users\/1"}],"replies":[{"embeddable":true,"href":"http:\/\/www.susannavaris.com\/blogg\/wp-json\/wp\/v2\/comments?post=6789"}],"version-history":[{"count":4,"href":"http:\/\/www.susannavaris.com\/blogg\/wp-json\/wp\/v2\/posts\/6789\/revisions"}],"predecessor-version":[{"id":6795,"href":"http:\/\/www.susannavaris.com\/blogg\/wp-json\/wp\/v2\/posts\/6789\/revisions\/6795"}],"wp:attachment":[{"href":"http:\/\/www.susannavaris.com\/blogg\/wp-json\/wp\/v2\/media?parent=6789"}],"wp:term":[{"taxonomy":"category","embeddable":true,"href":"http:\/\/www.susannavaris.com\/blogg\/wp-json\/wp\/v2\/categories?post=6789"},{"taxonomy":"post_tag","embeddable":true,"href":"http:\/\/www.susannavaris.com\/blogg\/wp-json\/wp\/v2\/tags?post=6789"}],"curies":[{"name":"wp","href":"https:\/\/api.w.org\/{rel}","templated":true}]}}