{"id":6816,"date":"2012-08-22T22:20:25","date_gmt":"2012-08-22T20:20:25","guid":{"rendered":"http:\/\/www.susannavaris.com\/blogg\/?p=6816"},"modified":"2012-08-24T20:05:13","modified_gmt":"2012-08-24T18:05:13","slug":"tillbaka-igen","status":"publish","type":"post","link":"http:\/\/www.susannavaris.com\/blogg\/2012\/08\/tillbaka-igen\/","title":{"rendered":"Tillbaka igen"},"content":{"rendered":"<p>Efter en veckas behagligt internetfria tillvaro ute p\u00e5 landet \u00e4r jag nu tillbaka. Vi har bes\u00f6kt sommarstugan i Finland och fotoalbumet fr\u00e5n den resan finns att besk\u00e5da p\u00e5 min Facebook-sida:<\/p>\n<p><a href=\"https:\/\/www.facebook.com\/media\/set\/?set=a.4094356930208.157207.1621374851&amp;type=1\">https:\/\/www.facebook.com\/media\/set\/?set=a.4094356930208.157207.1621374851&amp;type=1<\/a><\/p>\n<p>Ett sidoprojekt p\u00e5 denna resa var ett reportage i stil med livsstils\/livet p\u00e5 landet-magasinens inneh\u00e5ll, d\u00e4r man skuttar runt i shabby chic-kl\u00e4nningar f\u00f6r tusentals kronor i prudentliga, drottningholmsliknande tr\u00e4dg\u00e5rdar och pittoreska \u00e4ngar med vackra kor, intar sina m\u00e5ltider p\u00e5 pietetsfullt framdukade installationer av antingen vacker, antik porslin eller modern design, inreder med &#8221;loppisfynd&#8221; (svindyr design eller antik, igen) och b\u00e4r de obligatoriska Hunters-st\u00f6vlarna dygnet &#8211; och \u00e5ret runt.<\/p>\n<p style=\"text-align: center;\">S\u00e5 h\u00e5ll till godo; <strong><em>Livet p\u00e5 Landet &#8211; The Real Thing<\/em> <\/strong>(Uncensored), ej f\u00f6r k\u00e4nsliga och alltf\u00f6r magasinskadade l\u00e4sare:<\/p>\n<p style=\"text-align: center;\"><a href=\"http:\/\/www.susannavaris.com\/blogg\/wp-content\/uploads\/2012\/08\/lantlivringar-yvone-christa-pure-lantliv_179830529.jpg\"><img loading=\"lazy\" decoding=\"async\" class=\"aligncenter size-full wp-image-6818\" title=\"lantlivringar-yvone-christa-pure-lantliv_179830529\" src=\"http:\/\/www.susannavaris.com\/blogg\/wp-content\/uploads\/2012\/08\/lantlivringar-yvone-christa-pure-lantliv_179830529.jpg\" alt=\"\" width=\"400\" height=\"538\" srcset=\"http:\/\/www.susannavaris.com\/blogg\/wp-content\/uploads\/2012\/08\/lantlivringar-yvone-christa-pure-lantliv_179830529.jpg 400w, http:\/\/www.susannavaris.com\/blogg\/wp-content\/uploads\/2012\/08\/lantlivringar-yvone-christa-pure-lantliv_179830529-223x300.jpg 223w\" sizes=\"auto, (max-width: 400px) 100vw, 400px\" \/><\/a>\u00a0<em>S\u00e5 h\u00e4r ser det ju ut n\u00e4r man h\u00e4nger lite bohemiskt framf\u00f6r en j\u00e4rsg\u00e5rd&#8230;<\/em><\/p>\n<p style=\"text-align: center;\"><a href=\"http:\/\/www.susannavaris.com\/blogg\/wp-content\/uploads\/2012\/08\/DSC_0007-50.jpg\"><img loading=\"lazy\" decoding=\"async\" class=\"aligncenter size-large wp-image-6819\" title=\"DSC_0007-50\" src=\"http:\/\/www.susannavaris.com\/blogg\/wp-content\/uploads\/2012\/08\/DSC_0007-50-682x1024.jpg\" alt=\"\" width=\"640\" height=\"960\" srcset=\"http:\/\/www.susannavaris.com\/blogg\/wp-content\/uploads\/2012\/08\/DSC_0007-50-682x1024.jpg 682w, http:\/\/www.susannavaris.com\/blogg\/wp-content\/uploads\/2012\/08\/DSC_0007-50-200x300.jpg 200w, http:\/\/www.susannavaris.com\/blogg\/wp-content\/uploads\/2012\/08\/DSC_0007-50.jpg 1536w\" sizes=\"auto, (max-width: 640px) 100vw, 640px\" \/><\/a>\u00a0<em>Verkligheten. Krattning av ett \u00e5rs l\u00f6v&#8230;<\/em><\/p>\n<p style=\"text-align: center;\"><a href=\"http:\/\/www.susannavaris.com\/blogg\/wp-content\/uploads\/2012\/08\/lantliv-nr-2-2009_001.jpg\"><img loading=\"lazy\" decoding=\"async\" class=\"aligncenter size-full wp-image-6820\" title=\"lantliv-nr-2-2009_001\" src=\"http:\/\/www.susannavaris.com\/blogg\/wp-content\/uploads\/2012\/08\/lantliv-nr-2-2009_001.jpg\" alt=\"\" width=\"605\" height=\"838\" srcset=\"http:\/\/www.susannavaris.com\/blogg\/wp-content\/uploads\/2012\/08\/lantliv-nr-2-2009_001.jpg 605w, http:\/\/www.susannavaris.com\/blogg\/wp-content\/uploads\/2012\/08\/lantliv-nr-2-2009_001-216x300.jpg 216w\" sizes=\"auto, (max-width: 605px) 100vw, 605px\" \/><\/a>\u00a0<em>Tjejen p\u00e5 bilden har en tjusig, antik kamera&#8230;<\/em><\/p>\n<p style=\"text-align: center;\"><a href=\"http:\/\/www.susannavaris.com\/blogg\/wp-content\/uploads\/2012\/08\/DSC_0009-50.jpg\"><img loading=\"lazy\" decoding=\"async\" class=\"aligncenter size-large wp-image-6821\" title=\"DSC_0009-50\" src=\"http:\/\/www.susannavaris.com\/blogg\/wp-content\/uploads\/2012\/08\/DSC_0009-50-682x1024.jpg\" alt=\"\" width=\"640\" height=\"960\" srcset=\"http:\/\/www.susannavaris.com\/blogg\/wp-content\/uploads\/2012\/08\/DSC_0009-50-682x1024.jpg 682w, http:\/\/www.susannavaris.com\/blogg\/wp-content\/uploads\/2012\/08\/DSC_0009-50-200x300.jpg 200w, http:\/\/www.susannavaris.com\/blogg\/wp-content\/uploads\/2012\/08\/DSC_0009-50.jpg 1536w\" sizes=\"auto, (max-width: 640px) 100vw, 640px\" \/><\/a>\u00a0<em>&#8230;men jag visar stolt upp mina svampfynd. Notera den fallf\u00e4rdiga, pittoreska lekstugan i bakgrunden. (Ja, den ska rivas)<\/em><\/p>\n<p style=\"text-align: center;\"><a href=\"http:\/\/www.susannavaris.com\/blogg\/wp-content\/uploads\/2012\/08\/lantliv-1.jpg\"><img loading=\"lazy\" decoding=\"async\" class=\"aligncenter size-full wp-image-6822\" title=\"lantliv (1)\" src=\"http:\/\/www.susannavaris.com\/blogg\/wp-content\/uploads\/2012\/08\/lantliv-1.jpg\" alt=\"\" width=\"613\" height=\"300\" srcset=\"http:\/\/www.susannavaris.com\/blogg\/wp-content\/uploads\/2012\/08\/lantliv-1.jpg 613w, http:\/\/www.susannavaris.com\/blogg\/wp-content\/uploads\/2012\/08\/lantliv-1-300x146.jpg 300w\" sizes=\"auto, (max-width: 613px) 100vw, 613px\" \/><\/a>\u00a0<em>Se, s\u00e5 lantligt chict p\u00e5 promenaden fr\u00e5n stranden&#8230;<\/em><\/p>\n<p style=\"text-align: center;\"><a href=\"http:\/\/www.susannavaris.com\/blogg\/wp-content\/uploads\/2012\/08\/DSC_0004-50.jpg\"><img loading=\"lazy\" decoding=\"async\" class=\"aligncenter size-large wp-image-6823\" title=\"DSC_0004-50\" src=\"http:\/\/www.susannavaris.com\/blogg\/wp-content\/uploads\/2012\/08\/DSC_0004-50-1024x682.jpg\" alt=\"\" width=\"640\" height=\"426\" srcset=\"http:\/\/www.susannavaris.com\/blogg\/wp-content\/uploads\/2012\/08\/DSC_0004-50-1024x682.jpg 1024w, http:\/\/www.susannavaris.com\/blogg\/wp-content\/uploads\/2012\/08\/DSC_0004-50-300x200.jpg 300w\" sizes=\"auto, (max-width: 640px) 100vw, 640px\" \/><\/a>\u00a0<em>I verkligheten har naturen \u00e5ter tagit \u00f6ver tomten fullst\u00e4ndigt och ogr\u00e4set sl\u00e5r nya rekord&#8230;<\/em><\/p>\n<p style=\"text-align: center;\"><a href=\"http:\/\/www.susannavaris.com\/blogg\/wp-content\/uploads\/2012\/08\/DSC_0002-50.jpg\"><img loading=\"lazy\" decoding=\"async\" class=\"aligncenter size-large wp-image-6824\" title=\"DSC_0002-50\" src=\"http:\/\/www.susannavaris.com\/blogg\/wp-content\/uploads\/2012\/08\/DSC_0002-50-1024x682.jpg\" alt=\"\" width=\"640\" height=\"426\" srcset=\"http:\/\/www.susannavaris.com\/blogg\/wp-content\/uploads\/2012\/08\/DSC_0002-50-1024x682.jpg 1024w, http:\/\/www.susannavaris.com\/blogg\/wp-content\/uploads\/2012\/08\/DSC_0002-50-300x200.jpg 300w\" sizes=\"auto, (max-width: 640px) 100vw, 640px\" \/><\/a>\u00a0<em>&#8230;ett tr\u00e4d har fallit p\u00e5 huset&#8230;<\/em><\/p>\n<p style=\"text-align: center;\"><a href=\"http:\/\/www.susannavaris.com\/blogg\/wp-content\/uploads\/2012\/08\/DSC_0001-50.jpg\"><img loading=\"lazy\" decoding=\"async\" class=\"aligncenter size-large wp-image-6825\" title=\"DSC_0001-50\" src=\"http:\/\/www.susannavaris.com\/blogg\/wp-content\/uploads\/2012\/08\/DSC_0001-50-1024x682.jpg\" alt=\"\" width=\"640\" height=\"426\" srcset=\"http:\/\/www.susannavaris.com\/blogg\/wp-content\/uploads\/2012\/08\/DSC_0001-50-1024x682.jpg 1024w, http:\/\/www.susannavaris.com\/blogg\/wp-content\/uploads\/2012\/08\/DSC_0001-50-300x200.jpg 300w\" sizes=\"auto, (max-width: 640px) 100vw, 640px\" \/><\/a>\u00a0<em>&#8230;myrorna bygger flitigt bo under terrassen&#8230;<\/em><\/p>\n<p style=\"text-align: center;\"><a href=\"http:\/\/www.susannavaris.com\/blogg\/wp-content\/uploads\/2012\/08\/DSC_0005-50.jpg\"><img loading=\"lazy\" decoding=\"async\" class=\"aligncenter size-large wp-image-6826\" title=\"DSC_0005-50\" src=\"http:\/\/www.susannavaris.com\/blogg\/wp-content\/uploads\/2012\/08\/DSC_0005-50-682x1024.jpg\" alt=\"\" width=\"640\" height=\"960\" srcset=\"http:\/\/www.susannavaris.com\/blogg\/wp-content\/uploads\/2012\/08\/DSC_0005-50-682x1024.jpg 682w, http:\/\/www.susannavaris.com\/blogg\/wp-content\/uploads\/2012\/08\/DSC_0005-50-200x300.jpg 200w, http:\/\/www.susannavaris.com\/blogg\/wp-content\/uploads\/2012\/08\/DSC_0005-50.jpg 1536w\" sizes=\"auto, (max-width: 640px) 100vw, 640px\" \/><\/a>\u00a0<em>&#8230;stormen har flyttat p\u00e5 bryggan och det \u00e4r bara att hoppa i och lyfta hela chabraket r\u00e4tt (det \u00e4r sugande gyttjebotten), inte ens snoken kan ligga d\u00e4r. Vattnet ligger s\u00e5 l\u00e5gt att strandv\u00e4xtligheten snart v\u00e4xer \u00f6ver bryggan&#8230;<\/em><\/p>\n<p style=\"text-align: center;\"><a href=\"http:\/\/www.susannavaris.com\/blogg\/wp-content\/uploads\/2012\/08\/DSC_0003-50.jpg\"><img loading=\"lazy\" decoding=\"async\" class=\"aligncenter size-large wp-image-6828\" title=\"DSC_0003-50\" src=\"http:\/\/www.susannavaris.com\/blogg\/wp-content\/uploads\/2012\/08\/DSC_0003-50-682x1024.jpg\" alt=\"\" width=\"640\" height=\"960\" srcset=\"http:\/\/www.susannavaris.com\/blogg\/wp-content\/uploads\/2012\/08\/DSC_0003-50-682x1024.jpg 682w, http:\/\/www.susannavaris.com\/blogg\/wp-content\/uploads\/2012\/08\/DSC_0003-50-200x300.jpg 200w, http:\/\/www.susannavaris.com\/blogg\/wp-content\/uploads\/2012\/08\/DSC_0003-50.jpg 1536w\" sizes=\"auto, (max-width: 640px) 100vw, 640px\" \/><\/a>\u00a0<em>&#8230;de flitiga getingarna har byggt bo p\u00e5 utedasset, d\u00e4r \u00e4ven m\u00f6ssen har gjort konfetti av toapappret&#8230;<\/em><\/p>\n<p style=\"text-align: center;\"><a href=\"http:\/\/www.susannavaris.com\/blogg\/wp-content\/uploads\/2012\/08\/DSC_0006-50.jpg\"><img loading=\"lazy\" decoding=\"async\" class=\"aligncenter size-large wp-image-6827\" title=\"DSC_0006-50\" src=\"http:\/\/www.susannavaris.com\/blogg\/wp-content\/uploads\/2012\/08\/DSC_0006-50-1024x682.jpg\" alt=\"\" width=\"640\" height=\"426\" srcset=\"http:\/\/www.susannavaris.com\/blogg\/wp-content\/uploads\/2012\/08\/DSC_0006-50-1024x682.jpg 1024w, http:\/\/www.susannavaris.com\/blogg\/wp-content\/uploads\/2012\/08\/DSC_0006-50-300x200.jpg 300w\" sizes=\"auto, (max-width: 640px) 100vw, 640px\" \/><\/a>\u00a0<em>F\u00f6r att inte tala om allt naturskr\u00e4p som ligger \u00f6verallt. I nederkanten kan sk\u00f6njas en av rabarber-betongplattorna jag tillverkade f\u00f6rra \u00e5ret.<\/em><\/p>\n<p style=\"text-align: center;\"><a href=\"http:\/\/www.susannavaris.com\/blogg\/wp-content\/uploads\/2012\/08\/lantlivmarikadelinkummeln\u00e4s.jpg\"><img loading=\"lazy\" decoding=\"async\" class=\"aligncenter size-full wp-image-6829\" title=\"lantlivmarikadelinkummeln\u00e4s\" src=\"http:\/\/www.susannavaris.com\/blogg\/wp-content\/uploads\/2012\/08\/lantlivmarikadelinkummeln\u00e4s.jpg\" alt=\"\" width=\"613\" height=\"819\" srcset=\"http:\/\/www.susannavaris.com\/blogg\/wp-content\/uploads\/2012\/08\/lantlivmarikadelinkummeln\u00e4s.jpg 613w, http:\/\/www.susannavaris.com\/blogg\/wp-content\/uploads\/2012\/08\/lantlivmarikadelinkummeln\u00e4s-224x300.jpg 224w\" sizes=\"auto, (max-width: 613px) 100vw, 613px\" \/><\/a>\u00a0<em>Man p\u00e5tar i sina v\u00e4lordnade rabatter&#8230;<\/em><\/p>\n<p style=\"text-align: center;\"><a href=\"http:\/\/www.susannavaris.com\/blogg\/wp-content\/uploads\/2012\/08\/DSC_0010-50.jpg\"><img loading=\"lazy\" decoding=\"async\" class=\"aligncenter size-large wp-image-6830\" title=\"DSC_0010-50\" src=\"http:\/\/www.susannavaris.com\/blogg\/wp-content\/uploads\/2012\/08\/DSC_0010-50-682x1024.jpg\" alt=\"\" width=\"640\" height=\"960\" srcset=\"http:\/\/www.susannavaris.com\/blogg\/wp-content\/uploads\/2012\/08\/DSC_0010-50-682x1024.jpg 682w, http:\/\/www.susannavaris.com\/blogg\/wp-content\/uploads\/2012\/08\/DSC_0010-50-200x300.jpg 200w, http:\/\/www.susannavaris.com\/blogg\/wp-content\/uploads\/2012\/08\/DSC_0010-50.jpg 1536w\" sizes=\"auto, (max-width: 640px) 100vw, 640px\" \/><\/a>\u00a0<em>&#8230;eller myrstackar och \u00e5rsh\u00f6gt h\u00f6.<\/em><\/p>\n<p style=\"text-align: center;\"><a href=\"http:\/\/www.susannavaris.com\/blogg\/wp-content\/uploads\/2012\/08\/lantliv4_09.jpg\"><img loading=\"lazy\" decoding=\"async\" class=\"aligncenter size-full wp-image-6831\" title=\"lantliv4_09\" src=\"http:\/\/www.susannavaris.com\/blogg\/wp-content\/uploads\/2012\/08\/lantliv4_09.jpg\" alt=\"\" width=\"400\" height=\"300\" srcset=\"http:\/\/www.susannavaris.com\/blogg\/wp-content\/uploads\/2012\/08\/lantliv4_09.jpg 400w, http:\/\/www.susannavaris.com\/blogg\/wp-content\/uploads\/2012\/08\/lantliv4_09-300x225.jpg 300w\" sizes=\"auto, (max-width: 400px) 100vw, 400px\" \/><\/a>\u00a0<em>K\u00f6ken \u00e4r ofta ljusa och fr\u00e4scha&#8230;<\/em><\/p>\n<p style=\"text-align: center;\"><a href=\"http:\/\/www.susannavaris.com\/blogg\/wp-content\/uploads\/2012\/08\/lantliv06.jpg\"><img loading=\"lazy\" decoding=\"async\" class=\"aligncenter size-full wp-image-6832\" title=\"Eva &amp; Pauls hem G\u00c2s\u0088\" src=\"http:\/\/www.susannavaris.com\/blogg\/wp-content\/uploads\/2012\/08\/lantliv06.jpg\" alt=\"\" width=\"613\" height=\"410\" srcset=\"http:\/\/www.susannavaris.com\/blogg\/wp-content\/uploads\/2012\/08\/lantliv06.jpg 613w, http:\/\/www.susannavaris.com\/blogg\/wp-content\/uploads\/2012\/08\/lantliv06-300x200.jpg 300w\" sizes=\"auto, (max-width: 613px) 100vw, 613px\" \/><\/a><em>\u00a0&#8230;med en snygg, antik, vedspis&#8230;<\/em><\/p>\n<p style=\"text-align: center;\"><a href=\"http:\/\/www.susannavaris.com\/blogg\/wp-content\/uploads\/2012\/08\/lantliv-13-2011.jpg\"><img loading=\"lazy\" decoding=\"async\" class=\"aligncenter size-full wp-image-6833\" title=\"lantliv-13-2011\" src=\"http:\/\/www.susannavaris.com\/blogg\/wp-content\/uploads\/2012\/08\/lantliv-13-2011.jpg\" alt=\"\" width=\"500\" height=\"629\" srcset=\"http:\/\/www.susannavaris.com\/blogg\/wp-content\/uploads\/2012\/08\/lantliv-13-2011.jpg 500w, http:\/\/www.susannavaris.com\/blogg\/wp-content\/uploads\/2012\/08\/lantliv-13-2011-238x300.jpg 238w\" sizes=\"auto, (max-width: 500px) 100vw, 500px\" \/><\/a>\u00a0<em>&#8230;eller lite snygg, modernare design&#8230;<\/em><\/p>\n<p style=\"text-align: center;\"><a href=\"http:\/\/www.susannavaris.com\/blogg\/wp-content\/uploads\/2012\/08\/lantliv800x_press_2005.jpg\"><img loading=\"lazy\" decoding=\"async\" class=\"aligncenter size-full wp-image-6834\" title=\"lantliv800x_press_2005\" src=\"http:\/\/www.susannavaris.com\/blogg\/wp-content\/uploads\/2012\/08\/lantliv800x_press_2005.jpg\" alt=\"\" width=\"800\" height=\"573\" srcset=\"http:\/\/www.susannavaris.com\/blogg\/wp-content\/uploads\/2012\/08\/lantliv800x_press_2005.jpg 800w, http:\/\/www.susannavaris.com\/blogg\/wp-content\/uploads\/2012\/08\/lantliv800x_press_2005-300x214.jpg 300w\" sizes=\"auto, (max-width: 800px) 100vw, 800px\" \/><\/a>\u00a0<em>Patina uppskattas&#8230;<\/em><\/p>\n<p style=\"text-align: center;\"><a href=\"http:\/\/www.susannavaris.com\/blogg\/wp-content\/uploads\/2012\/08\/lantliv\u00c5sa-Hemse-2983.jpg\"><img loading=\"lazy\" decoding=\"async\" class=\"aligncenter size-full wp-image-6835\" title=\"\u00c5sa Hemse\" src=\"http:\/\/www.susannavaris.com\/blogg\/wp-content\/uploads\/2012\/08\/lantliv\u00c5sa-Hemse-2983.jpg\" alt=\"\" width=\"613\" height=\"922\" srcset=\"http:\/\/www.susannavaris.com\/blogg\/wp-content\/uploads\/2012\/08\/lantliv\u00c5sa-Hemse-2983.jpg 613w, http:\/\/www.susannavaris.com\/blogg\/wp-content\/uploads\/2012\/08\/lantliv\u00c5sa-Hemse-2983-199x300.jpg 199w\" sizes=\"auto, (max-width: 613px) 100vw, 613px\" \/><\/a><em>\u00a0&#8230;och shabby chic.<\/em><\/p>\n<p style=\"text-align: center;\"><a href=\"http:\/\/www.susannavaris.com\/blogg\/wp-content\/uploads\/2012\/08\/DSC_0016-50.jpg\"><img loading=\"lazy\" decoding=\"async\" class=\"aligncenter size-large wp-image-6836\" title=\"DSC_0016-50\" src=\"http:\/\/www.susannavaris.com\/blogg\/wp-content\/uploads\/2012\/08\/DSC_0016-50-682x1024.jpg\" alt=\"\" width=\"640\" height=\"960\" srcset=\"http:\/\/www.susannavaris.com\/blogg\/wp-content\/uploads\/2012\/08\/DSC_0016-50-682x1024.jpg 682w, http:\/\/www.susannavaris.com\/blogg\/wp-content\/uploads\/2012\/08\/DSC_0016-50-200x300.jpg 200w, http:\/\/www.susannavaris.com\/blogg\/wp-content\/uploads\/2012\/08\/DSC_0016-50.jpg 1536w\" sizes=\"auto, (max-width: 640px) 100vw, 640px\" \/><\/a><em>\u00a0I verkligheten ser ett 60-70-tals-inrett k\u00f6k med diverse loppisfynd ut s\u00e5 h\u00e4r. 70-talet var inte s\u00e5 snyggt som ni inbillar er, p**sgult och s**tbrunt var en ytterst moderiktig blandning. Hos oss i en underbar plasttapet och en halvcentimeterslager plastf\u00e4rg p\u00e5 de annars ganska snygga luckorna.<\/em><\/p>\n<p style=\"text-align: center;\"><a href=\"http:\/\/www.susannavaris.com\/blogg\/wp-content\/uploads\/2012\/08\/DSC_0083.jpg\"><img loading=\"lazy\" decoding=\"async\" class=\"aligncenter size-large wp-image-6843\" title=\"DSC_0083\" src=\"http:\/\/www.susannavaris.com\/blogg\/wp-content\/uploads\/2012\/08\/DSC_0083-807x1024.jpg\" alt=\"\" width=\"640\" height=\"812\" srcset=\"http:\/\/www.susannavaris.com\/blogg\/wp-content\/uploads\/2012\/08\/DSC_0083-807x1024.jpg 807w, http:\/\/www.susannavaris.com\/blogg\/wp-content\/uploads\/2012\/08\/DSC_0083-236x300.jpg 236w, http:\/\/www.susannavaris.com\/blogg\/wp-content\/uploads\/2012\/08\/DSC_0083.jpg 1529w\" sizes=\"auto, (max-width: 640px) 100vw, 640px\" \/><\/a>\u00a0<em>Den gamla UPO-gasspisen m\u00e5ste bytas ut och vi befinner oss nu p\u00e5 80-talet. UPO var snyggare, men den h\u00e4r har fyra platser och r\u00e5kade finnas till hands hos lantbrukarv\u00e4nnen&#8230;se vilken pietetsfull installation den nya spisen, plasthinken fr\u00e5n Rusta och den rustika gasflaskan utg\u00f6r!<\/em><\/p>\n<p style=\"text-align: center;\"><a href=\"http:\/\/www.susannavaris.com\/blogg\/wp-content\/uploads\/2012\/08\/lantliv-2.jpg\"><img loading=\"lazy\" decoding=\"async\" class=\"aligncenter size-full wp-image-6837\" title=\"lantliv (2)\" src=\"http:\/\/www.susannavaris.com\/blogg\/wp-content\/uploads\/2012\/08\/lantliv-2.jpg\" alt=\"\" width=\"745\" height=\"962\" srcset=\"http:\/\/www.susannavaris.com\/blogg\/wp-content\/uploads\/2012\/08\/lantliv-2.jpg 745w, http:\/\/www.susannavaris.com\/blogg\/wp-content\/uploads\/2012\/08\/lantliv-2-232x300.jpg 232w\" sizes=\"auto, (max-width: 745px) 100vw, 745px\" \/><\/a>\u00a0<em>Man sitter i sitt lantliga k\u00f6k i moderiktiga kl\u00e4der och nylagt h\u00e5r&#8230;<\/em><\/p>\n<p style=\"text-align: center;\"><a href=\"http:\/\/www.susannavaris.com\/blogg\/wp-content\/uploads\/2012\/08\/DSC_0019-crop-50.jpg\"><img loading=\"lazy\" decoding=\"async\" class=\"aligncenter size-large wp-image-6839\" title=\"DSC_0019-crop-50\" src=\"http:\/\/www.susannavaris.com\/blogg\/wp-content\/uploads\/2012\/08\/DSC_0019-crop-50-744x1024.jpg\" alt=\"\" width=\"640\" height=\"880\" srcset=\"http:\/\/www.susannavaris.com\/blogg\/wp-content\/uploads\/2012\/08\/DSC_0019-crop-50-744x1024.jpg 744w, http:\/\/www.susannavaris.com\/blogg\/wp-content\/uploads\/2012\/08\/DSC_0019-crop-50-218x300.jpg 218w, http:\/\/www.susannavaris.com\/blogg\/wp-content\/uploads\/2012\/08\/DSC_0019-crop-50.jpg 1287w\" sizes=\"auto, (max-width: 640px) 100vw, 640px\" \/><\/a>\u00a0<em>&#8230;eller s\u00e5 snurrar man dit tr\u00e5den p\u00e5 gr\u00e4strimmerhuvudstycket. Obs! Notera flip-flopsen som f\u00f6ljde med magasinet Cosmopolitan f\u00f6r ca tio \u00e5r sedan&#8230;<\/em><\/p>\n<p style=\"text-align: center;\"><a href=\"http:\/\/www.susannavaris.com\/blogg\/wp-content\/uploads\/2012\/08\/lantliv066_93572778.jpg\"><img loading=\"lazy\" decoding=\"async\" class=\"aligncenter size-full wp-image-6840\" title=\"lantliv066_93572778\" src=\"http:\/\/www.susannavaris.com\/blogg\/wp-content\/uploads\/2012\/08\/lantliv066_93572778.jpg\" alt=\"\" width=\"600\" height=\"833\" srcset=\"http:\/\/www.susannavaris.com\/blogg\/wp-content\/uploads\/2012\/08\/lantliv066_93572778.jpg 600w, http:\/\/www.susannavaris.com\/blogg\/wp-content\/uploads\/2012\/08\/lantliv066_93572778-216x300.jpg 216w\" sizes=\"auto, (max-width: 600px) 100vw, 600px\" \/><\/a>\u00a0<em>Man sitter med skira gardiner, snygga lyktor och kl\u00e4der p\u00e5 rustika plankor&#8230;<\/em><\/p>\n<p style=\"text-align: center;\"><a href=\"http:\/\/www.susannavaris.com\/blogg\/wp-content\/uploads\/2012\/08\/DSC_0082-50.jpg\"><img loading=\"lazy\" decoding=\"async\" class=\"aligncenter size-large wp-image-6841\" title=\"DSC_0082-50\" src=\"http:\/\/www.susannavaris.com\/blogg\/wp-content\/uploads\/2012\/08\/DSC_0082-50-1024x682.jpg\" alt=\"\" width=\"640\" height=\"426\" srcset=\"http:\/\/www.susannavaris.com\/blogg\/wp-content\/uploads\/2012\/08\/DSC_0082-50-1024x682.jpg 1024w, http:\/\/www.susannavaris.com\/blogg\/wp-content\/uploads\/2012\/08\/DSC_0082-50-300x200.jpg 300w\" sizes=\"auto, (max-width: 640px) 100vw, 640px\" \/><\/a>\u00a0<em>&#8230;eller s\u00e5 oljar man bryggan som dricker som en \u00e5sna ett par g\u00e5nger. I senaste Scania couture och 20 \u00e5r gamla och urblekta cykelbyxor&#8230;<\/em><\/p>\n<p style=\"text-align: center;\"><a href=\"http:\/\/www.susannavaris.com\/blogg\/wp-content\/uploads\/2012\/08\/lantliv-7-2012.jpg\"><img loading=\"lazy\" decoding=\"async\" class=\"aligncenter size-full wp-image-6844\" title=\"lantliv-7-2012\" src=\"http:\/\/www.susannavaris.com\/blogg\/wp-content\/uploads\/2012\/08\/lantliv-7-2012.jpg\" alt=\"\" width=\"500\" height=\"646\" srcset=\"http:\/\/www.susannavaris.com\/blogg\/wp-content\/uploads\/2012\/08\/lantliv-7-2012.jpg 500w, http:\/\/www.susannavaris.com\/blogg\/wp-content\/uploads\/2012\/08\/lantliv-7-2012-232x300.jpg 232w\" sizes=\"auto, (max-width: 500px) 100vw, 500px\" \/><\/a>\u00a0<em>Man st\u00e4ller till med lantfest (och skuttar runt i h\u00f6gklackade sandaletter med en skottk\u00e4rra)&#8230;<\/em><\/p>\n<p style=\"text-align: center;\"><a href=\"http:\/\/www.susannavaris.com\/blogg\/wp-content\/uploads\/2012\/08\/DSC_0085-50.jpg\"><img loading=\"lazy\" decoding=\"async\" class=\"aligncenter size-large wp-image-6845\" title=\"DSC_0085-50\" src=\"http:\/\/www.susannavaris.com\/blogg\/wp-content\/uploads\/2012\/08\/DSC_0085-50-825x1024.jpg\" alt=\"\" width=\"640\" height=\"794\" srcset=\"http:\/\/www.susannavaris.com\/blogg\/wp-content\/uploads\/2012\/08\/DSC_0085-50-825x1024.jpg 825w, http:\/\/www.susannavaris.com\/blogg\/wp-content\/uploads\/2012\/08\/DSC_0085-50-241x300.jpg 241w, http:\/\/www.susannavaris.com\/blogg\/wp-content\/uploads\/2012\/08\/DSC_0085-50.jpg 1536w\" sizes=\"auto, (max-width: 640px) 100vw, 640px\" \/><\/a><em>\u00a0&#8230;eller s\u00e5 skrubbar man den nya gasspisen som st\u00e5tt i en lag\u00e5rd i cosmopolitan-flip-flopsen&#8230;(notera de dubbla vaxdukarna, b\u00e5da fr\u00e5n antagligen \u00d6B eller Rusta, varav den understa genomlevt livet p\u00e5 landet i den utstr\u00e4ckningen att den l\u00e4ngre inte \u00e4r representabel&#8230;)<a href=\"http:\/\/www.susannavaris.com\/blogg\/wp-content\/uploads\/2012\/08\/lantliv.jpg\"><img loading=\"lazy\" decoding=\"async\" class=\"aligncenter size-full wp-image-6846\" title=\"lantliv\" src=\"http:\/\/www.susannavaris.com\/blogg\/wp-content\/uploads\/2012\/08\/lantliv.jpg\" alt=\"\" width=\"500\" height=\"646\" srcset=\"http:\/\/www.susannavaris.com\/blogg\/wp-content\/uploads\/2012\/08\/lantliv.jpg 500w, http:\/\/www.susannavaris.com\/blogg\/wp-content\/uploads\/2012\/08\/lantliv-232x300.jpg 232w\" sizes=\"auto, (max-width: 500px) 100vw, 500px\" \/><\/a>\u00a0Livet p\u00e5 landet \u00e4r f\u00f6rst\u00e5s s\u00e5 d\u00e4r ekologiskt och sk\u00f6nt&#8230;<\/em><\/p>\n<p style=\"text-align: center;\"><a href=\"http:\/\/www.susannavaris.com\/blogg\/wp-content\/uploads\/2012\/08\/DSC_0023-50.jpg\"><img loading=\"lazy\" decoding=\"async\" class=\"aligncenter size-large wp-image-6847\" title=\"DSC_0023-50\" src=\"http:\/\/www.susannavaris.com\/blogg\/wp-content\/uploads\/2012\/08\/DSC_0023-50-1024x682.jpg\" alt=\"\" width=\"640\" height=\"426\" srcset=\"http:\/\/www.susannavaris.com\/blogg\/wp-content\/uploads\/2012\/08\/DSC_0023-50-1024x682.jpg 1024w, http:\/\/www.susannavaris.com\/blogg\/wp-content\/uploads\/2012\/08\/DSC_0023-50-300x200.jpg 300w\" sizes=\"auto, (max-width: 640px) 100vw, 640px\" \/><\/a><em>\u00a0&#8230;den av jordbruket \u00f6verg\u00f6dda sj\u00f6n. Ekologiskt? Vedeldning, gasspis, gaskylsk\u00e5p och oljelampor&#8230;om det k\u00e4nns som eko-chic, s\u00e5 fine by me. I gamla tider fodrade man med asbestplattor och gr\u00e4vde ner bilbatterierna under en gran p\u00e5 tomten&#8230;<\/em><\/p>\n<p style=\"text-align: center;\">P\u00e5 landet har jag inte heller belastat naturen med indraget vatten. All vattenanv\u00e4ndning sker medelst hink eller i sj\u00f6n (men d\u00e4r f\u00e5r man inte anv\u00e4nda n\u00e5gra tv\u00e4ttmedel). Salo kommun kr\u00e4ver mig p\u00e5 ca 1500 kronor varje \u00e5r f\u00f6r soph\u00e4mtningen (jag \u00e4r d\u00e4r max 2 veckor per \u00e5r), men ingen sorteringsstation finns i sikte.<\/p>\n<p style=\"text-align: center;\"><a href=\"http:\/\/www.susannavaris.com\/blogg\/wp-content\/uploads\/2012\/08\/lantliv1225713495_lantliv_01.jpg\"><img loading=\"lazy\" decoding=\"async\" class=\"aligncenter size-full wp-image-6849\" title=\"lantliv1225713495_lantliv_01\" src=\"http:\/\/www.susannavaris.com\/blogg\/wp-content\/uploads\/2012\/08\/lantliv1225713495_lantliv_01.jpg\" alt=\"\" width=\"400\" height=\"558\" srcset=\"http:\/\/www.susannavaris.com\/blogg\/wp-content\/uploads\/2012\/08\/lantliv1225713495_lantliv_01.jpg 400w, http:\/\/www.susannavaris.com\/blogg\/wp-content\/uploads\/2012\/08\/lantliv1225713495_lantliv_01-215x300.jpg 215w\" sizes=\"auto, (max-width: 400px) 100vw, 400px\" \/><\/a>\u00a0<em>Sj\u00e4lvklart har man de svindyra badtillbeh\u00f6ren&#8230;<\/em><\/p>\n<p style=\"text-align: center;\"><a href=\"http:\/\/www.susannavaris.com\/blogg\/wp-content\/uploads\/2012\/08\/DSC_0012-50.jpg\"><img loading=\"lazy\" decoding=\"async\" class=\"aligncenter size-large wp-image-6850\" title=\"DSC_0012-50\" src=\"http:\/\/www.susannavaris.com\/blogg\/wp-content\/uploads\/2012\/08\/DSC_0012-50-1024x680.jpg\" alt=\"\" width=\"640\" height=\"425\" srcset=\"http:\/\/www.susannavaris.com\/blogg\/wp-content\/uploads\/2012\/08\/DSC_0012-50-1024x680.jpg 1024w, http:\/\/www.susannavaris.com\/blogg\/wp-content\/uploads\/2012\/08\/DSC_0012-50-300x199.jpg 300w\" sizes=\"auto, (max-width: 640px) 100vw, 640px\" \/><\/a>\u00a0<em>&#8230;ja. Det h\u00e4r \u00e4r innan krattning och borstning.<\/em><\/p>\n<p style=\"text-align: center;\"><a href=\"http:\/\/www.susannavaris.com\/blogg\/wp-content\/uploads\/2012\/08\/lantliveva-lind-02_thumb.jpg\"><img loading=\"lazy\" decoding=\"async\" class=\"aligncenter size-full wp-image-6854\" title=\"lantliveva lind 02_thumb\" src=\"http:\/\/www.susannavaris.com\/blogg\/wp-content\/uploads\/2012\/08\/lantliveva-lind-02_thumb.jpg\" alt=\"\" width=\"520\" height=\"689\" srcset=\"http:\/\/www.susannavaris.com\/blogg\/wp-content\/uploads\/2012\/08\/lantliveva-lind-02_thumb.jpg 520w, http:\/\/www.susannavaris.com\/blogg\/wp-content\/uploads\/2012\/08\/lantliveva-lind-02_thumb-226x300.jpg 226w\" sizes=\"auto, (max-width: 520px) 100vw, 520px\" \/><\/a>\u00a0<em>Rabarberfat och 70-talsinspiration&#8230;<\/em><\/p>\n<p style=\"text-align: center;\"><a href=\"http:\/\/www.susannavaris.com\/blogg\/wp-content\/uploads\/2012\/08\/DSC_0017-50.jpg\"><img loading=\"lazy\" decoding=\"async\" class=\"aligncenter size-large wp-image-6851\" title=\"DSC_0017-50\" src=\"http:\/\/www.susannavaris.com\/blogg\/wp-content\/uploads\/2012\/08\/DSC_0017-50-682x1024.jpg\" alt=\"\" width=\"640\" height=\"960\" srcset=\"http:\/\/www.susannavaris.com\/blogg\/wp-content\/uploads\/2012\/08\/DSC_0017-50-682x1024.jpg 682w, http:\/\/www.susannavaris.com\/blogg\/wp-content\/uploads\/2012\/08\/DSC_0017-50-200x300.jpg 200w, http:\/\/www.susannavaris.com\/blogg\/wp-content\/uploads\/2012\/08\/DSC_0017-50.jpg 1536w\" sizes=\"auto, (max-width: 640px) 100vw, 640px\" \/><\/a>\u00a0<em>En installation med gr\u00f6nt&#8230;<\/em><\/p>\n<p style=\"text-align: center;\"><a href=\"http:\/\/www.susannavaris.com\/blogg\/wp-content\/uploads\/2012\/08\/DSC_0014-50.jpg\"><img loading=\"lazy\" decoding=\"async\" class=\"aligncenter size-large wp-image-6852\" title=\"DSC_0014-50\" src=\"http:\/\/www.susannavaris.com\/blogg\/wp-content\/uploads\/2012\/08\/DSC_0014-50-682x1024.jpg\" alt=\"\" width=\"640\" height=\"960\" srcset=\"http:\/\/www.susannavaris.com\/blogg\/wp-content\/uploads\/2012\/08\/DSC_0014-50-682x1024.jpg 682w, http:\/\/www.susannavaris.com\/blogg\/wp-content\/uploads\/2012\/08\/DSC_0014-50-200x300.jpg 200w, http:\/\/www.susannavaris.com\/blogg\/wp-content\/uploads\/2012\/08\/DSC_0014-50.jpg 1536w\" sizes=\"auto, (max-width: 640px) 100vw, 640px\" \/><\/a>\u00a0<em>&#8230;och med br\u00e4nsle till r\u00f6js\u00e5gen, olja till bryggan och lasyr till huset.<\/em><\/p>\n<p style=\"text-align: center;\"><a href=\"http:\/\/www.susannavaris.com\/blogg\/wp-content\/uploads\/2012\/08\/DSC_0011-50.jpg\"><img loading=\"lazy\" decoding=\"async\" class=\"aligncenter size-large wp-image-6853\" title=\"DSC_0011-50\" src=\"http:\/\/www.susannavaris.com\/blogg\/wp-content\/uploads\/2012\/08\/DSC_0011-50-682x1024.jpg\" alt=\"\" width=\"640\" height=\"960\" srcset=\"http:\/\/www.susannavaris.com\/blogg\/wp-content\/uploads\/2012\/08\/DSC_0011-50-682x1024.jpg 682w, http:\/\/www.susannavaris.com\/blogg\/wp-content\/uploads\/2012\/08\/DSC_0011-50-200x300.jpg 200w, http:\/\/www.susannavaris.com\/blogg\/wp-content\/uploads\/2012\/08\/DSC_0011-50.jpg 1536w\" sizes=\"auto, (max-width: 640px) 100vw, 640px\" \/><\/a>\u00a0<em>&#8230;och sj\u00e4lvklart svampsk\u00f6rden!<\/em><\/p>\n<p style=\"text-align: center;\"><a href=\"http:\/\/www.susannavaris.com\/blogg\/wp-content\/uploads\/2012\/08\/lantliveva-lind-06_thumb.jpg\"><img loading=\"lazy\" decoding=\"async\" class=\"aligncenter size-full wp-image-6858\" title=\"lantliveva lind 06_thumb\" src=\"http:\/\/www.susannavaris.com\/blogg\/wp-content\/uploads\/2012\/08\/lantliveva-lind-06_thumb.jpg\" alt=\"\" width=\"520\" height=\"688\" srcset=\"http:\/\/www.susannavaris.com\/blogg\/wp-content\/uploads\/2012\/08\/lantliveva-lind-06_thumb.jpg 520w, http:\/\/www.susannavaris.com\/blogg\/wp-content\/uploads\/2012\/08\/lantliveva-lind-06_thumb-226x300.jpg 226w\" sizes=\"auto, (max-width: 520px) 100vw, 520px\" \/><\/a>\u00a0<em>Sj\u00e4lvklart st\u00e5r man i konstig &#8221;vingar fram&#8221;-modell-pose p\u00e5 landet bredvid sina tunnor&#8230;<\/em><\/p>\n<p style=\"text-align: center;\"><a href=\"http:\/\/www.susannavaris.com\/blogg\/wp-content\/uploads\/2012\/08\/DSC_0026-50.jpg\"><img loading=\"lazy\" decoding=\"async\" class=\"aligncenter size-large wp-image-6859\" title=\"DSC_0026-50\" src=\"http:\/\/www.susannavaris.com\/blogg\/wp-content\/uploads\/2012\/08\/DSC_0026-50-689x1024.jpg\" alt=\"\" width=\"640\" height=\"951\" srcset=\"http:\/\/www.susannavaris.com\/blogg\/wp-content\/uploads\/2012\/08\/DSC_0026-50-689x1024.jpg 689w, http:\/\/www.susannavaris.com\/blogg\/wp-content\/uploads\/2012\/08\/DSC_0026-50-202x300.jpg 202w, http:\/\/www.susannavaris.com\/blogg\/wp-content\/uploads\/2012\/08\/DSC_0026-50.jpg 1245w\" sizes=\"auto, (max-width: 640px) 100vw, 640px\" \/><\/a>\u00a0<em>Verkligheten mitt i krattningen ser n\u00e5got annorlunda ut&#8230;<\/em><\/p>\n<p style=\"text-align: center;\"><a href=\"http:\/\/www.susannavaris.com\/blogg\/wp-content\/uploads\/2012\/08\/lantliv_08-2010a_001.jpg\"><img loading=\"lazy\" decoding=\"async\" class=\"aligncenter size-large wp-image-6860\" title=\"lantliv_08-2010a_001\" src=\"http:\/\/www.susannavaris.com\/blogg\/wp-content\/uploads\/2012\/08\/lantliv_08-2010a_001-714x1024.jpg\" alt=\"\" width=\"640\" height=\"917\" srcset=\"http:\/\/www.susannavaris.com\/blogg\/wp-content\/uploads\/2012\/08\/lantliv_08-2010a_001-714x1024.jpg 714w, http:\/\/www.susannavaris.com\/blogg\/wp-content\/uploads\/2012\/08\/lantliv_08-2010a_001-209x300.jpg 209w, http:\/\/www.susannavaris.com\/blogg\/wp-content\/uploads\/2012\/08\/lantliv_08-2010a_001.jpg 1621w\" sizes=\"auto, (max-width: 640px) 100vw, 640px\" \/><\/a>\u00a0<em>Och s\u00e5 \u00e4r det ju dom d\u00e4r gummist\u00f6vlarna&#8230;<\/em><\/p>\n<p style=\"text-align: center;\"><a href=\"http:\/\/www.susannavaris.com\/blogg\/wp-content\/uploads\/2012\/08\/DSC_0027-50.jpg\"><img loading=\"lazy\" decoding=\"async\" class=\"aligncenter size-large wp-image-6861\" title=\"DSC_0027-50\" src=\"http:\/\/www.susannavaris.com\/blogg\/wp-content\/uploads\/2012\/08\/DSC_0027-50-682x1024.jpg\" alt=\"\" width=\"640\" height=\"960\" srcset=\"http:\/\/www.susannavaris.com\/blogg\/wp-content\/uploads\/2012\/08\/DSC_0027-50-682x1024.jpg 682w, http:\/\/www.susannavaris.com\/blogg\/wp-content\/uploads\/2012\/08\/DSC_0027-50-200x300.jpg 200w, http:\/\/www.susannavaris.com\/blogg\/wp-content\/uploads\/2012\/08\/DSC_0027-50.jpg 1536w\" sizes=\"auto, (max-width: 640px) 100vw, 640px\" \/><\/a><em>\u00a0Sj\u00e4lvklart sitter jag och slappar p\u00e5 altanen i mina gummist\u00f6vlar.<\/em><\/p>\n<p style=\"text-align: center;\"><a href=\"http:\/\/www.susannavaris.com\/blogg\/wp-content\/uploads\/2012\/08\/lantliv-4-2011-50.jpg\"><img loading=\"lazy\" decoding=\"async\" class=\"aligncenter size-full wp-image-6862\" title=\"lantliv-4-2011-50\" src=\"http:\/\/www.susannavaris.com\/blogg\/wp-content\/uploads\/2012\/08\/lantliv-4-2011-50.jpg\" alt=\"\" width=\"200\" height=\"258\" \/><\/a>\u00a0<em>I fyra h\u00e4rliga v\u00e5rhem h\u00e4nger man ocks\u00e5 runt lite bohemiskt med ena sp\u00e4nnet p\u00e5 sniskan&#8230;<\/em><\/p>\n<p style=\"text-align: center;\"><a href=\"http:\/\/www.susannavaris.com\/blogg\/wp-content\/uploads\/2012\/08\/DSC_0087-50.jpg\"><img loading=\"lazy\" decoding=\"async\" class=\"aligncenter size-large wp-image-6863\" title=\"DSC_0087-50\" src=\"http:\/\/www.susannavaris.com\/blogg\/wp-content\/uploads\/2012\/08\/DSC_0087-50-682x1024.jpg\" alt=\"\" width=\"640\" height=\"960\" srcset=\"http:\/\/www.susannavaris.com\/blogg\/wp-content\/uploads\/2012\/08\/DSC_0087-50-682x1024.jpg 682w, http:\/\/www.susannavaris.com\/blogg\/wp-content\/uploads\/2012\/08\/DSC_0087-50-200x300.jpg 200w, http:\/\/www.susannavaris.com\/blogg\/wp-content\/uploads\/2012\/08\/DSC_0087-50.jpg 1536w\" sizes=\"auto, (max-width: 640px) 100vw, 640px\" \/><\/a><em>\u00a0&#8230;precis som jag n\u00e4r vi ska ut en sv\u00e4ng i civilisationen.<\/em><\/p>\n<p style=\"text-align: center;\"><a href=\"http:\/\/www.susannavaris.com\/blogg\/wp-content\/uploads\/2012\/08\/lantliv4368493015_c2576c0328.jpg\"><img loading=\"lazy\" decoding=\"async\" class=\"aligncenter size-full wp-image-6864\" title=\"lantliv4368493015_c2576c0328\" src=\"http:\/\/www.susannavaris.com\/blogg\/wp-content\/uploads\/2012\/08\/lantliv4368493015_c2576c0328.jpg\" alt=\"\" width=\"353\" height=\"500\" srcset=\"http:\/\/www.susannavaris.com\/blogg\/wp-content\/uploads\/2012\/08\/lantliv4368493015_c2576c0328.jpg 353w, http:\/\/www.susannavaris.com\/blogg\/wp-content\/uploads\/2012\/08\/lantliv4368493015_c2576c0328-211x300.jpg 211w\" sizes=\"auto, (max-width: 353px) 100vw, 353px\" \/><\/a>\u00a0<em>Nybakade bullar serveras av h\u00e4rligt lillahusetp\u00e5pr\u00e4rien-kl\u00e4dda k\u00f6ksunder&#8230;<\/em><\/p>\n<p style=\"text-align: center;\"><a href=\"http:\/\/www.susannavaris.com\/blogg\/wp-content\/uploads\/2012\/08\/DSC_0106-50.jpg\"><img loading=\"lazy\" decoding=\"async\" class=\"aligncenter size-large wp-image-6865\" title=\"DSC_0106-50\" src=\"http:\/\/www.susannavaris.com\/blogg\/wp-content\/uploads\/2012\/08\/DSC_0106-50-769x1024.jpg\" alt=\"\" width=\"640\" height=\"852\" srcset=\"http:\/\/www.susannavaris.com\/blogg\/wp-content\/uploads\/2012\/08\/DSC_0106-50-769x1024.jpg 769w, http:\/\/www.susannavaris.com\/blogg\/wp-content\/uploads\/2012\/08\/DSC_0106-50-225x300.jpg 225w, http:\/\/www.susannavaris.com\/blogg\/wp-content\/uploads\/2012\/08\/DSC_0106-50.jpg 1344w\" sizes=\"auto, (max-width: 640px) 100vw, 640px\" \/><\/a>\u00a0<em>Eller s\u00e5 k\u00f6per man bullarna p\u00e5 butiken och f\u00e5r en ros av en liftare p\u00e5 v\u00e4gen dit&#8230;<\/em><\/p>\n<p style=\"text-align: center;\"><a href=\"http:\/\/www.susannavaris.com\/blogg\/wp-content\/uploads\/2012\/08\/lantliv-i-stan-blogg-inredningsblog.jpg\"><img loading=\"lazy\" decoding=\"async\" class=\"aligncenter size-full wp-image-6867\" title=\"lantliv i stan blogg inredningsblog\" src=\"http:\/\/www.susannavaris.com\/blogg\/wp-content\/uploads\/2012\/08\/lantliv-i-stan-blogg-inredningsblog.jpg\" alt=\"\" width=\"399\" height=\"500\" srcset=\"http:\/\/www.susannavaris.com\/blogg\/wp-content\/uploads\/2012\/08\/lantliv-i-stan-blogg-inredningsblog.jpg 399w, http:\/\/www.susannavaris.com\/blogg\/wp-content\/uploads\/2012\/08\/lantliv-i-stan-blogg-inredningsblog-239x300.jpg 239w\" sizes=\"auto, (max-width: 399px) 100vw, 399px\" \/><\/a>\u00a0<em>P\u00e5 landet har man skedar med patina&#8230;<\/em><\/p>\n<p style=\"text-align: center;\"><a href=\"http:\/\/www.susannavaris.com\/blogg\/wp-content\/uploads\/2012\/08\/DSC_0108-501.jpg\"><img loading=\"lazy\" decoding=\"async\" class=\"aligncenter size-large wp-image-6868\" title=\"DSC_0108-50\" src=\"http:\/\/www.susannavaris.com\/blogg\/wp-content\/uploads\/2012\/08\/DSC_0108-501-852x1024.jpg\" alt=\"\" width=\"640\" height=\"769\" srcset=\"http:\/\/www.susannavaris.com\/blogg\/wp-content\/uploads\/2012\/08\/DSC_0108-501-852x1024.jpg 852w, http:\/\/www.susannavaris.com\/blogg\/wp-content\/uploads\/2012\/08\/DSC_0108-501-249x300.jpg 249w, http:\/\/www.susannavaris.com\/blogg\/wp-content\/uploads\/2012\/08\/DSC_0108-501.jpg 1532w\" sizes=\"auto, (max-width: 640px) 100vw, 640px\" \/><\/a>\u00a0<em>\u00d6verblivet, loppis och \u00d6B p\u00e5 riktigt&#8230;<\/em><\/p>\n<p style=\"text-align: center;\">Men, som vi alla vet; det \u00e4r enbart amat\u00f6rer som b\u00e4r nytt p\u00e5 landet&#8230;<\/p>\n<p style=\"text-align: center;\">(Alla bilder som inte \u00e4r egna fr\u00e5n tidningen Lantliv)<\/p>\n<p style=\"text-align: center;\">Id\u00e9n till reportaget fick jag n\u00e4r jag l\u00e4ste Catia Hulquists text:<\/p>\n<p style=\"text-align: center;\"><a href=\"http:\/\/www.dn.se\/kultur-noje\/catia-hultquist-avkoppling-ar-inte-det-forsta-jag-tanker-pa-nar-jag-bladdrar-i-l\">http:\/\/www.dn.se\/kultur-noje\/catia-hultquist-avkoppling-ar-inte-det-forsta-jag-tanker-pa-nar-jag-bladdrar-i-l<\/a><\/p>\n","protected":false},"excerpt":{"rendered":"<p>Efter en veckas behagligt internetfria tillvaro ute p\u00e5 landet \u00e4r jag nu tillbaka. Vi har bes\u00f6kt sommarstugan i Finland och fotoalbumet fr\u00e5n den resan finns att besk\u00e5da p\u00e5 min Facebook-sida: https:\/\/www.facebook.com\/media\/set\/?set=a.4094356930208.157207.1621374851&amp;type=1 Ett sidoprojekt p\u00e5 denna resa var ett reportage i &hellip; <a href=\"http:\/\/www.susannavaris.com\/blogg\/2012\/08\/tillbaka-igen\/\">Forts\u00e4tt l\u00e4sa <span class=\"meta-nav\">&rarr;<\/span><\/a><\/p>\n","protected":false},"author":1,"featured_media":0,"comment_status":"open","ping_status":"open","sticky":false,"template":"","format":"standard","meta":{"footnotes":""},"categories":[107,213,1162,589,14,1],"tags":[2250,2236,175,2238,2239,4901,1302,2237,2234,19,2235],"class_list":["post-6816","post","type-post","status-publish","format-standard","hentry","category-finland","category-inredning","category-kultur","category-medier","category-mode","category-okategoriserade","tag-catia-hultquist","tag-cottage","tag-dn","tag-eko","tag-ekologi","tag-inredning","tag-lantliv","tag-lifestyle","tag-livet-pa-landet","tag-mode-2","tag-stuga"],"_links":{"self":[{"href":"http:\/\/www.susannavaris.com\/blogg\/wp-json\/wp\/v2\/posts\/6816","targetHints":{"allow":["GET"]}}],"collection":[{"href":"http:\/\/www.susannavaris.com\/blogg\/wp-json\/wp\/v2\/posts"}],"about":[{"href":"http:\/\/www.susannavaris.com\/blogg\/wp-json\/wp\/v2\/types\/post"}],"author":[{"embeddable":true,"href":"http:\/\/www.susannavaris.com\/blogg\/wp-json\/wp\/v2\/users\/1"}],"replies":[{"embeddable":true,"href":"http:\/\/www.susannavaris.com\/blogg\/wp-json\/wp\/v2\/comments?post=6816"}],"version-history":[{"count":23,"href":"http:\/\/www.susannavaris.com\/blogg\/wp-json\/wp\/v2\/posts\/6816\/revisions"}],"predecessor-version":[{"id":6944,"href":"http:\/\/www.susannavaris.com\/blogg\/wp-json\/wp\/v2\/posts\/6816\/revisions\/6944"}],"wp:attachment":[{"href":"http:\/\/www.susannavaris.com\/blogg\/wp-json\/wp\/v2\/media?parent=6816"}],"wp:term":[{"taxonomy":"category","embeddable":true,"href":"http:\/\/www.susannavaris.com\/blogg\/wp-json\/wp\/v2\/categories?post=6816"},{"taxonomy":"post_tag","embeddable":true,"href":"http:\/\/www.susannavaris.com\/blogg\/wp-json\/wp\/v2\/tags?post=6816"}],"curies":[{"name":"wp","href":"https:\/\/api.w.org\/{rel}","templated":true}]}}