{"id":687,"date":"2011-06-09T10:53:14","date_gmt":"2011-06-09T08:53:14","guid":{"rendered":"http:\/\/www.susannavaris.com\/blogg\/?p=687"},"modified":"2023-02-13T18:59:22","modified_gmt":"2023-02-13T17:59:22","slug":"balkongdrommeri","status":"publish","type":"post","link":"http:\/\/www.susannavaris.com\/blogg\/2011\/06\/balkongdrommeri\/","title":{"rendered":"Balkongdr\u00f6mmeri"},"content":{"rendered":"\n<p>R\u00e4tt som det var s\u00e5 gick korken ur och jag fick n\u00e5gra tavlor s\u00e5lda och \u00e4ven en liten best\u00e4llning. S\u00e5 vad g\u00f6ra&#8230;extraslant p\u00e5 fickan och Jade Jagger-kollektionen br\u00e4nnandes p\u00e5 Indiska. Ig\u00e5r, efter jobbet, sm\u00f6g jag s\u00e5 iv\u00e4g mot Indiska-butikerna i city f\u00f6r att se om n\u00e5gonting av kollektionen fortfarande fanns kvar och det gjorde det. S\u00e5 det blev en lyxtunika och en t\u00e9kanna.<\/p>\n\n\n<div class=\"wp-block-image\">\n<figure class=\"aligncenter size-large\"><img loading=\"lazy\" decoding=\"async\" width=\"1024\" height=\"1024\" src=\"http:\/\/www.susannavaris.com\/blogg\/wp-content\/uploads\/2023\/02\/Bild-borttagen-2-1024x1024.jpg\" alt=\"\" class=\"wp-image-17623\" title=\"indiska3\" srcset=\"http:\/\/www.susannavaris.com\/blogg\/wp-content\/uploads\/2023\/02\/Bild-borttagen-2-1024x1024.jpg 1024w, http:\/\/www.susannavaris.com\/blogg\/wp-content\/uploads\/2023\/02\/Bild-borttagen-2-300x300.jpg 300w, http:\/\/www.susannavaris.com\/blogg\/wp-content\/uploads\/2023\/02\/Bild-borttagen-2-150x150.jpg 150w, http:\/\/www.susannavaris.com\/blogg\/wp-content\/uploads\/2023\/02\/Bild-borttagen-2-768x768.jpg 768w, http:\/\/www.susannavaris.com\/blogg\/wp-content\/uploads\/2023\/02\/Bild-borttagen-2-1536x1536.jpg 1536w, http:\/\/www.susannavaris.com\/blogg\/wp-content\/uploads\/2023\/02\/Bild-borttagen-2-2048x2048.jpg 2048w\" sizes=\"auto, (max-width: 1024px) 100vw, 1024px\" \/><\/figure>\n<\/div>\n\n\n<p class=\"has-text-align-center\"><em>Den h\u00e4r tunikan \u00e4r nu min&#8230;<\/em><\/p>\n\n\n\n<p class=\"has-text-align-left\">Saken \u00e4r den, att jag vill skapa en liten oas p\u00e5 balkongen i \u00e5r ocks\u00e5. ett annat \u00e5r, i en annan l\u00e4genhet, fick jag till en veritabel tomatdjungel tack vare n\u00e5gra billighetsfr\u00f6n fr\u00e5n \u00d6&amp;B, n\u00e5gra hinkar, mycket vatten och het sommar. Jag brukar ha \u00f6rter och blommor, en baden baden, lite prydnader f\u00f6r att f\u00e5 till lite tr\u00e4dg\u00e5rdsk\u00e4nsla i betongen.<\/p>\n\n\n\n<p class=\"has-text-align-left\">Min balkong ser i dagsl\u00e4get ut s\u00e5 h\u00e4r, pga bristande finanser:<\/p>\n\n\n<div class=\"wp-block-image\">\n<figure class=\"aligncenter\"><a href=\"http:\/\/www.susannavaris.com\/blogg\/wp-content\/uploads\/2011\/06\/balkong110609.jpg\"><img decoding=\"async\" src=\"http:\/\/www.susannavaris.com\/blogg\/wp-content\/uploads\/2011\/06\/balkong110609.jpg\" alt=\"\" class=\"wp-image-689\" title=\"balkong110609\"\/><\/a><\/figure>\n<\/div>\n\n\n<p class=\"has-text-align-left\"><\/p>\n\n\n\n<p class=\"has-text-align-left\">S\u00e5 h\u00e4r ser min (och Indiskas) dr\u00f6m ut:<\/p>\n\n\n<div class=\"wp-block-image\">\n<figure class=\"aligncenter size-large\"><img loading=\"lazy\" decoding=\"async\" width=\"1024\" height=\"1024\" src=\"http:\/\/www.susannavaris.com\/blogg\/wp-content\/uploads\/2023\/02\/Bild-borttagen-2-1024x1024.jpg\" alt=\"\" class=\"wp-image-17623\" title=\"indiska_jade_jagger_kakfat_148306332\" srcset=\"http:\/\/www.susannavaris.com\/blogg\/wp-content\/uploads\/2023\/02\/Bild-borttagen-2-1024x1024.jpg 1024w, http:\/\/www.susannavaris.com\/blogg\/wp-content\/uploads\/2023\/02\/Bild-borttagen-2-300x300.jpg 300w, http:\/\/www.susannavaris.com\/blogg\/wp-content\/uploads\/2023\/02\/Bild-borttagen-2-150x150.jpg 150w, http:\/\/www.susannavaris.com\/blogg\/wp-content\/uploads\/2023\/02\/Bild-borttagen-2-768x768.jpg 768w, http:\/\/www.susannavaris.com\/blogg\/wp-content\/uploads\/2023\/02\/Bild-borttagen-2-1536x1536.jpg 1536w, http:\/\/www.susannavaris.com\/blogg\/wp-content\/uploads\/2023\/02\/Bild-borttagen-2-2048x2048.jpg 2048w\" sizes=\"auto, (max-width: 1024px) 100vw, 1024px\" \/><\/figure>\n<\/div>\n\n\n<p class=\"has-text-align-left\"><\/p>\n\n\n<div class=\"wp-block-image\">\n<figure class=\"aligncenter\"><a href=\"http:\/\/www.susannavaris.com\/blogg\/wp-content\/uploads\/2011\/06\/0605-0609-020.jpg\"><img loading=\"lazy\" decoding=\"async\" width=\"768\" height=\"1024\" src=\"http:\/\/www.susannavaris.com\/blogg\/wp-content\/uploads\/2011\/06\/0605-0609-020-768x1024.jpg\" alt=\"\" class=\"wp-image-693\" title=\"0605-0609 020\" srcset=\"http:\/\/www.susannavaris.com\/blogg\/wp-content\/uploads\/2011\/06\/0605-0609-020-768x1024.jpg 768w, http:\/\/www.susannavaris.com\/blogg\/wp-content\/uploads\/2011\/06\/0605-0609-020-225x300.jpg 225w\" sizes=\"auto, (max-width: 768px) 100vw, 768px\" \/><\/a><\/figure>\n<\/div>\n\n\n<p class=\"has-text-align-left\"><em>De fornstora tomaterna&#8230;<\/em><\/p>\n\n\n<div class=\"wp-block-image\">\n<figure class=\"aligncenter\"><a href=\"http:\/\/www.susannavaris.com\/blogg\/wp-content\/uploads\/2011\/06\/0605-0609-023.jpg\"><img loading=\"lazy\" decoding=\"async\" width=\"1024\" height=\"768\" src=\"http:\/\/www.susannavaris.com\/blogg\/wp-content\/uploads\/2011\/06\/0605-0609-023-1024x768.jpg\" alt=\"\" class=\"wp-image-694\" title=\"0605-0609 023\" srcset=\"http:\/\/www.susannavaris.com\/blogg\/wp-content\/uploads\/2011\/06\/0605-0609-023-1024x768.jpg 1024w, http:\/\/www.susannavaris.com\/blogg\/wp-content\/uploads\/2011\/06\/0605-0609-023-300x225.jpg 300w\" sizes=\"auto, (max-width: 1024px) 100vw, 1024px\" \/><\/a><\/figure>\n<\/div>\n\n\n<p class=\"has-text-align-left\"><em>Jo,det \u00e4r en balkong det h\u00e4r&#8230;<\/em><\/p>\n\n\n<div class=\"wp-block-image\">\n<figure class=\"aligncenter\"><a href=\"http:\/\/www.susannavaris.com\/blogg\/wp-content\/uploads\/2011\/06\/0605-0609-022.jpg\"><img loading=\"lazy\" decoding=\"async\" width=\"768\" height=\"1024\" src=\"http:\/\/www.susannavaris.com\/blogg\/wp-content\/uploads\/2011\/06\/0605-0609-022-768x1024.jpg\" alt=\"\" class=\"wp-image-695\" title=\"0605-0609 022\" srcset=\"http:\/\/www.susannavaris.com\/blogg\/wp-content\/uploads\/2011\/06\/0605-0609-022-768x1024.jpg 768w, http:\/\/www.susannavaris.com\/blogg\/wp-content\/uploads\/2011\/06\/0605-0609-022-225x300.jpg 225w\" sizes=\"auto, (max-width: 768px) 100vw, 768px\" \/><\/a><\/figure>\n<\/div>\n\n<div class=\"wp-block-image\">\n<figure class=\"aligncenter\"><a href=\"http:\/\/www.susannavaris.com\/blogg\/wp-content\/uploads\/2011\/06\/0605-0609-025.jpg\"><img loading=\"lazy\" decoding=\"async\" width=\"768\" height=\"1024\" src=\"http:\/\/www.susannavaris.com\/blogg\/wp-content\/uploads\/2011\/06\/0605-0609-025-768x1024.jpg\" alt=\"\" class=\"wp-image-697\" title=\"0605-0609 025\" srcset=\"http:\/\/www.susannavaris.com\/blogg\/wp-content\/uploads\/2011\/06\/0605-0609-025-768x1024.jpg 768w, http:\/\/www.susannavaris.com\/blogg\/wp-content\/uploads\/2011\/06\/0605-0609-025-225x300.jpg 225w\" sizes=\"auto, (max-width: 768px) 100vw, 768px\" \/><\/a><\/figure>\n<\/div>\n\n<div class=\"wp-block-image\">\n<figure class=\"aligncenter\"><a href=\"http:\/\/www.susannavaris.com\/blogg\/wp-content\/uploads\/2011\/06\/0605-0609-061.jpg\"><img loading=\"lazy\" decoding=\"async\" width=\"768\" height=\"1024\" src=\"http:\/\/www.susannavaris.com\/blogg\/wp-content\/uploads\/2011\/06\/0605-0609-061-768x1024.jpg\" alt=\"\" class=\"wp-image-699\" title=\"0605-0609 061\" srcset=\"http:\/\/www.susannavaris.com\/blogg\/wp-content\/uploads\/2011\/06\/0605-0609-061-768x1024.jpg 768w, http:\/\/www.susannavaris.com\/blogg\/wp-content\/uploads\/2011\/06\/0605-0609-061-225x300.jpg 225w\" sizes=\"auto, (max-width: 768px) 100vw, 768px\" \/><\/a><\/figure>\n<\/div>\n\n<div class=\"wp-block-image\">\n<figure class=\"aligncenter\"><a href=\"http:\/\/www.susannavaris.com\/blogg\/wp-content\/uploads\/2011\/06\/0605-0609-063.jpg\"><img loading=\"lazy\" decoding=\"async\" width=\"768\" height=\"1024\" src=\"http:\/\/www.susannavaris.com\/blogg\/wp-content\/uploads\/2011\/06\/0605-0609-063-768x1024.jpg\" alt=\"\" class=\"wp-image-700\" title=\"0605-0609 063\" srcset=\"http:\/\/www.susannavaris.com\/blogg\/wp-content\/uploads\/2011\/06\/0605-0609-063-768x1024.jpg 768w, http:\/\/www.susannavaris.com\/blogg\/wp-content\/uploads\/2011\/06\/0605-0609-063-225x300.jpg 225w\" sizes=\"auto, (max-width: 768px) 100vw, 768px\" \/><\/a><\/figure>\n<\/div>\n\n\n<p class=\"has-text-align-left\"><em>Underbart goda, ekologiska tomater hela sommaren. Sedan blev det ett katastrofalt uppbrott och en \u00e5ngestfylld flytt d\u00e4rifr\u00e5n. Smal och v\u00e4ltr\u00e4nad blev jag dock p\u00e5 kuppen&#8230;jag bar i stort sett f\u00f6r hand hela mitt bohag, utom de stora m\u00f6blerna tre trappor ner fr\u00e5n en l\u00e4genhet, tre trappor upp till en annan. Jag hade n\u00e5gon m\u00e5nads tillg\u00e5ng till l\u00e4genheten innan jag b\u00f6rjade hyra, som tur var.<\/em><\/p>\n\n\n<div class=\"wp-block-image\">\n<figure class=\"aligncenter\"><a href=\"http:\/\/www.susannavaris.com\/blogg\/wp-content\/uploads\/2011\/06\/facebook-064.jpg\"><img loading=\"lazy\" decoding=\"async\" width=\"1024\" height=\"768\" src=\"http:\/\/www.susannavaris.com\/blogg\/wp-content\/uploads\/2011\/06\/facebook-064-1024x768.jpg\" alt=\"\" class=\"wp-image-701\" title=\"facebook 064\" srcset=\"http:\/\/www.susannavaris.com\/blogg\/wp-content\/uploads\/2011\/06\/facebook-064-1024x768.jpg 1024w, http:\/\/www.susannavaris.com\/blogg\/wp-content\/uploads\/2011\/06\/facebook-064-300x225.jpg 300w\" sizes=\"auto, (max-width: 1024px) 100vw, 1024px\" \/><\/a><\/figure>\n<\/div>\n\n\n<p class=\"has-text-align-left\"><em>Den h\u00e4r korgen blev kvar n\u00e4r jag var tvungen att ta ner tomatplantorna&#8230;<\/em><\/p>\n\n\n<div class=\"wp-block-image\">\n<figure class=\"aligncenter\"><a href=\"http:\/\/www.susannavaris.com\/blogg\/wp-content\/uploads\/2011\/06\/balkong-001.jpg\"><img loading=\"lazy\" decoding=\"async\" width=\"768\" height=\"1024\" src=\"http:\/\/www.susannavaris.com\/blogg\/wp-content\/uploads\/2011\/06\/balkong-001-768x1024.jpg\" alt=\"\" class=\"wp-image-702\" title=\"balkong 001\" srcset=\"http:\/\/www.susannavaris.com\/blogg\/wp-content\/uploads\/2011\/06\/balkong-001-768x1024.jpg 768w, http:\/\/www.susannavaris.com\/blogg\/wp-content\/uploads\/2011\/06\/balkong-001-225x300.jpg 225w\" sizes=\"auto, (max-width: 768px) 100vw, 768px\" \/><\/a><\/figure>\n<\/div>\n\n<div class=\"wp-block-image\">\n<figure class=\"aligncenter\"><a href=\"http:\/\/www.susannavaris.com\/blogg\/wp-content\/uploads\/2011\/06\/balkong-003.jpg\"><img loading=\"lazy\" decoding=\"async\" width=\"768\" height=\"1024\" src=\"http:\/\/www.susannavaris.com\/blogg\/wp-content\/uploads\/2011\/06\/balkong-003-768x1024.jpg\" alt=\"\" class=\"wp-image-703\" title=\"balkong 003\" srcset=\"http:\/\/www.susannavaris.com\/blogg\/wp-content\/uploads\/2011\/06\/balkong-003-768x1024.jpg 768w, http:\/\/www.susannavaris.com\/blogg\/wp-content\/uploads\/2011\/06\/balkong-003-225x300.jpg 225w\" sizes=\"auto, (max-width: 768px) 100vw, 768px\" \/><\/a><\/figure>\n<\/div>\n\n<div class=\"wp-block-image\">\n<figure class=\"aligncenter\"><a href=\"http:\/\/www.susannavaris.com\/blogg\/wp-content\/uploads\/2011\/06\/balkong-004.jpg\"><img loading=\"lazy\" decoding=\"async\" width=\"768\" height=\"1024\" src=\"http:\/\/www.susannavaris.com\/blogg\/wp-content\/uploads\/2011\/06\/balkong-004-768x1024.jpg\" alt=\"\" class=\"wp-image-704\" title=\"balkong 004\" srcset=\"http:\/\/www.susannavaris.com\/blogg\/wp-content\/uploads\/2011\/06\/balkong-004-768x1024.jpg 768w, http:\/\/www.susannavaris.com\/blogg\/wp-content\/uploads\/2011\/06\/balkong-004-225x300.jpg 225w\" sizes=\"auto, (max-width: 768px) 100vw, 768px\" \/><\/a><\/figure>\n<\/div>\n\n\n<p class=\"has-text-align-left\"><em>Lite s\u00e5 h\u00e4r brukar balkongen se ut, mer och mer blommor mot slutet av sommaren&#8230;<\/em><\/p>\n","protected":false},"excerpt":{"rendered":"<p>R\u00e4tt som det var s\u00e5 gick korken ur och jag fick n\u00e5gra tavlor s\u00e5lda och \u00e4ven en liten best\u00e4llning. S\u00e5 vad g\u00f6ra&#8230;extraslant p\u00e5 fickan och Jade Jagger-kollektionen br\u00e4nnandes p\u00e5 Indiska. Ig\u00e5r, efter jobbet, sm\u00f6g jag s\u00e5 iv\u00e4g mot Indiska-butikerna i &hellip; <a href=\"http:\/\/www.susannavaris.com\/blogg\/2011\/06\/balkongdrommeri\/\">Forts\u00e4tt l\u00e4sa <span class=\"meta-nav\">&rarr;<\/span><\/a><\/p>\n","protected":false},"author":1,"featured_media":703,"comment_status":"open","ping_status":"open","sticky":false,"template":"","format":"standard","meta":{"footnotes":""},"categories":[213,1],"tags":[214,168,4901,167],"class_list":["post-687","post","type-post","status-publish","format-standard","has-post-thumbnail","hentry","category-inredning","category-okategoriserade","tag-balkong","tag-indiska","tag-inredning","tag-jade-jagger"],"_links":{"self":[{"href":"http:\/\/www.susannavaris.com\/blogg\/wp-json\/wp\/v2\/posts\/687","targetHints":{"allow":["GET"]}}],"collection":[{"href":"http:\/\/www.susannavaris.com\/blogg\/wp-json\/wp\/v2\/posts"}],"about":[{"href":"http:\/\/www.susannavaris.com\/blogg\/wp-json\/wp\/v2\/types\/post"}],"author":[{"embeddable":true,"href":"http:\/\/www.susannavaris.com\/blogg\/wp-json\/wp\/v2\/users\/1"}],"replies":[{"embeddable":true,"href":"http:\/\/www.susannavaris.com\/blogg\/wp-json\/wp\/v2\/comments?post=687"}],"version-history":[{"count":3,"href":"http:\/\/www.susannavaris.com\/blogg\/wp-json\/wp\/v2\/posts\/687\/revisions"}],"predecessor-version":[{"id":17709,"href":"http:\/\/www.susannavaris.com\/blogg\/wp-json\/wp\/v2\/posts\/687\/revisions\/17709"}],"wp:featuredmedia":[{"embeddable":true,"href":"http:\/\/www.susannavaris.com\/blogg\/wp-json\/wp\/v2\/media\/703"}],"wp:attachment":[{"href":"http:\/\/www.susannavaris.com\/blogg\/wp-json\/wp\/v2\/media?parent=687"}],"wp:term":[{"taxonomy":"category","embeddable":true,"href":"http:\/\/www.susannavaris.com\/blogg\/wp-json\/wp\/v2\/categories?post=687"},{"taxonomy":"post_tag","embeddable":true,"href":"http:\/\/www.susannavaris.com\/blogg\/wp-json\/wp\/v2\/tags?post=687"}],"curies":[{"name":"wp","href":"https:\/\/api.w.org\/{rel}","templated":true}]}}