{"id":6953,"date":"2012-08-25T17:11:25","date_gmt":"2012-08-25T15:11:25","guid":{"rendered":"http:\/\/www.susannavaris.com\/blogg\/?p=6953"},"modified":"2012-08-25T17:11:25","modified_gmt":"2012-08-25T15:11:25","slug":"kringelfestivalen","status":"publish","type":"post","link":"http:\/\/www.susannavaris.com\/blogg\/2012\/08\/kringelfestivalen\/","title":{"rendered":"Kringelfestivalen"},"content":{"rendered":"<p>Underbar dag, som det har varit under st\u00f6rre delen av semestern, s\u00e5 det blev en promenad till S\u00f6dert\u00e4lje centrum och Kringelfestivalen som p\u00e5g\u00e5r i dagarna tv\u00e5.<\/p>\n<p style=\"text-align: center;\"><a href=\"http:\/\/www.susannavaris.com\/blogg\/wp-content\/uploads\/2012\/08\/sg03-50.jpg\"><img loading=\"lazy\" decoding=\"async\" class=\"aligncenter size-large wp-image-6954\" title=\"sg03-50\" src=\"http:\/\/www.susannavaris.com\/blogg\/wp-content\/uploads\/2012\/08\/sg03-50-768x1024.jpg\" alt=\"\" width=\"640\" height=\"853\" srcset=\"http:\/\/www.susannavaris.com\/blogg\/wp-content\/uploads\/2012\/08\/sg03-50-768x1024.jpg 768w, http:\/\/www.susannavaris.com\/blogg\/wp-content\/uploads\/2012\/08\/sg03-50-225x300.jpg 225w, http:\/\/www.susannavaris.com\/blogg\/wp-content\/uploads\/2012\/08\/sg03-50.jpg 1056w\" sizes=\"auto, (max-width: 640px) 100vw, 640px\" \/><\/a><em>\u00a0Ingemar Nystr\u00f6m<\/em><\/p>\n<p>Tv\u00e5 v\u00e4nner, Ingemar Nystr\u00f6m och Mickan Sandelin har under festivalen haft miniutst\u00e4llning utanf\u00f6r Strandgalleriet och ber\u00e4ttat om sina konstn\u00e4rsskap och verksamheter. B\u00e5da h\u00e5ller i olika slags konstutbildningar vid sidan av sina egna konstut\u00f6vanden.<\/p>\n<p style=\"text-align: center;\"><a href=\"http:\/\/www.susannavaris.com\/blogg\/wp-content\/uploads\/2012\/08\/sg01-50.jpg\"><img loading=\"lazy\" decoding=\"async\" class=\"aligncenter size-large wp-image-6955\" title=\"sg01-50\" src=\"http:\/\/www.susannavaris.com\/blogg\/wp-content\/uploads\/2012\/08\/sg01-50-1024x768.jpg\" alt=\"\" width=\"640\" height=\"480\" srcset=\"http:\/\/www.susannavaris.com\/blogg\/wp-content\/uploads\/2012\/08\/sg01-50-1024x768.jpg 1024w, http:\/\/www.susannavaris.com\/blogg\/wp-content\/uploads\/2012\/08\/sg01-50-300x225.jpg 300w, http:\/\/www.susannavaris.com\/blogg\/wp-content\/uploads\/2012\/08\/sg01-50.jpg 1408w\" sizes=\"auto, (max-width: 640px) 100vw, 640px\" \/><\/a>\u00a0<em>Mickan Sandelin<\/em><\/p>\n<p style=\"text-align: center;\"><a href=\"http:\/\/www.ingemarnystrom.nu\/\">http:\/\/www.ingemarnystrom.nu\/<\/a><\/p>\n<p style=\"text-align: center;\"><a href=\"http:\/\/mickansandelin.se\/\">http:\/\/mickansandelin.se\/<\/a><\/p>\n<p style=\"text-align: center;\"><a href=\"http:\/\/www.strandgalleriet.se\/\">http:\/\/www.strandgalleriet.se\/<\/a><\/p>\n<p style=\"text-align: center;\">Jag passade \u00e4ven p\u00e5 att inhandla en del akrylf\u00e4rger f\u00f6r kommande splatter p\u00e5 collagen. Godisf\u00e4rger och blod. Lite blod, socker, sex och magi, som en viss skiva hette back in the days&#8230;<\/p>\n<p style=\"text-align: center;\">Jag hade t\u00e4nkt att inhandla b\u00e4r och gr\u00f6nt p\u00e5 torget, men d\u00e4r hade det uppst\u00e5tt en knattesp\u00e4ckad orgie i karuseller och andra \u00e5kattraktioner&#8230;ett tivoli, kort sagt. S\u00e5 inga b\u00e4r f\u00f6r mig.<\/p>\n<p style=\"text-align: center;\">P\u00e5 m\u00e5ndag blir det tillbaka till verkligheten p\u00e5 l\u00f6nearbetet. Det har varit en bra semester.<\/p>\n<p style=\"text-align: center;\">\n","protected":false},"excerpt":{"rendered":"<p>Underbar dag, som det har varit under st\u00f6rre delen av semestern, s\u00e5 det blev en promenad till S\u00f6dert\u00e4lje centrum och Kringelfestivalen som p\u00e5g\u00e5r i dagarna tv\u00e5. \u00a0Ingemar Nystr\u00f6m Tv\u00e5 v\u00e4nner, Ingemar Nystr\u00f6m och Mickan Sandelin har under festivalen haft miniutst\u00e4llning &hellip; <a href=\"http:\/\/www.susannavaris.com\/blogg\/2012\/08\/kringelfestivalen\/\">Forts\u00e4tt l\u00e4sa <span class=\"meta-nav\">&rarr;<\/span><\/a><\/p>\n","protected":false},"author":1,"featured_media":0,"comment_status":"open","ping_status":"open","sticky":false,"template":"","format":"standard","meta":{"footnotes":""},"categories":[3,1162,1,4],"tags":[717,2260,1342,121,1228],"class_list":["post-6953","post","type-post","status-publish","format-standard","hentry","category-konst","category-kultur","category-okategoriserade","category-utstallning","tag-ingemar-nystrom","tag-kringelfestivalen","tag-mickan-sandelin","tag-sodertalje","tag-strandgalleriet"],"_links":{"self":[{"href":"http:\/\/www.susannavaris.com\/blogg\/wp-json\/wp\/v2\/posts\/6953","targetHints":{"allow":["GET"]}}],"collection":[{"href":"http:\/\/www.susannavaris.com\/blogg\/wp-json\/wp\/v2\/posts"}],"about":[{"href":"http:\/\/www.susannavaris.com\/blogg\/wp-json\/wp\/v2\/types\/post"}],"author":[{"embeddable":true,"href":"http:\/\/www.susannavaris.com\/blogg\/wp-json\/wp\/v2\/users\/1"}],"replies":[{"embeddable":true,"href":"http:\/\/www.susannavaris.com\/blogg\/wp-json\/wp\/v2\/comments?post=6953"}],"version-history":[{"count":1,"href":"http:\/\/www.susannavaris.com\/blogg\/wp-json\/wp\/v2\/posts\/6953\/revisions"}],"predecessor-version":[{"id":6956,"href":"http:\/\/www.susannavaris.com\/blogg\/wp-json\/wp\/v2\/posts\/6953\/revisions\/6956"}],"wp:attachment":[{"href":"http:\/\/www.susannavaris.com\/blogg\/wp-json\/wp\/v2\/media?parent=6953"}],"wp:term":[{"taxonomy":"category","embeddable":true,"href":"http:\/\/www.susannavaris.com\/blogg\/wp-json\/wp\/v2\/categories?post=6953"},{"taxonomy":"post_tag","embeddable":true,"href":"http:\/\/www.susannavaris.com\/blogg\/wp-json\/wp\/v2\/tags?post=6953"}],"curies":[{"name":"wp","href":"https:\/\/api.w.org\/{rel}","templated":true}]}}