{"id":7002,"date":"2012-08-29T19:33:40","date_gmt":"2012-08-29T17:33:40","guid":{"rendered":"http:\/\/www.susannavaris.com\/blogg\/?p=7002"},"modified":"2012-08-29T19:33:40","modified_gmt":"2012-08-29T17:33:40","slug":"rockbjornen-tar-ansvar","status":"publish","type":"post","link":"http:\/\/www.susannavaris.com\/blogg\/2012\/08\/rockbjornen-tar-ansvar\/","title":{"rendered":"Rockbj\u00f6rnen tar ansvar"},"content":{"rendered":"<p style=\"text-align: center;\"><a href=\"http:\/\/www.susannavaris.com\/blogg\/wp-content\/uploads\/2012\/08\/9d34df2ff786_127289609337_8.15_nyhedstor.gif\"><img loading=\"lazy\" decoding=\"async\" class=\"aligncenter size-full wp-image-7003\" title=\"9d34df2ff786_127289609337_8.15_nyhedstor\" src=\"http:\/\/www.susannavaris.com\/blogg\/wp-content\/uploads\/2012\/08\/9d34df2ff786_127289609337_8.15_nyhedstor.gif\" alt=\"\" width=\"412\" height=\"269\" srcset=\"http:\/\/www.susannavaris.com\/blogg\/wp-content\/uploads\/2012\/08\/9d34df2ff786_127289609337_8.15_nyhedstor.gif 412w, http:\/\/www.susannavaris.com\/blogg\/wp-content\/uploads\/2012\/08\/9d34df2ff786_127289609337_8.15_nyhedstor-300x195.gif 300w\" sizes=\"auto, (max-width: 412px) 100vw, 412px\" \/><\/a>\u00a0<em>Bild fr\u00e5n Aftonbladet<\/em><\/p>\n<p>Idag delas folkets pris, Rockbj\u00f6rnen ut och en stor show p\u00e5g\u00e5r p\u00e5 Gr\u00f6na Lund. I dagens Aftonbladet beskrivs hur Rockbj\u00f6rnen tar ansvar:<\/p>\n<p><em>&#8221;Och inte bara artisterna blir b\u00e4ttre av Rockbj\u00f6rnen. \u00c4ven Rockbj\u00f6rnen tar sitt ansvar. N\u00e4r Stockholms festival\u00adscener domineras av m\u00e4nnen \u2013 g\u00f6r Rockbj\u00f6rnen tv\u00e4rtom.<\/em><\/p>\n<p><em>\u00d6ver h\u00e4lften av de bokade artisterna \u00e4r kvinnor.<\/em><\/p>\n<p><em>\u2013 P\u00e5 Aftonbladet st\u00e5r vi f\u00f6r de h\u00e4r v\u00e4rderingarna, och i \u00e5r har vi lyckats. Det \u00e4r inte ett \u00f6nskem\u00e5l att boka h\u00e4lften m\u00e4n och h\u00e4lften kvinnor, det \u00e4r ett m\u00e5l, s\u00e4ger\u00a0<strong>Marie Kry<\/strong>, producent f\u00f6r Rock\u00adbj\u00f6rnen.<\/em><\/p>\n<p><em>\u201dFlytta p\u00e5 dig\u201d-stj\u00e4rnan\u00a0<strong>Alina Devercerski<\/strong>, som upptr\u00e4der p\u00e5 galan, st\u00e4mmer in.<\/em><\/p>\n<p><em>\u2013 Jag tycker att det \u00e4r j\u00e4tteviktigt. Det \u00e4r skevt n\u00e4r man inte t\u00e4cker upp f\u00f6r h\u00e4lften av artisterna.&#8221;<\/em><\/p>\n<p>Vad tar man ansvar f\u00f6r p\u00e5 detta vis? Att kvinnliga artister garanteras en gr\u00e4ddfil in till t\u00e4vlingen? \u00c4r inte alla m\u00e4nniskor\/artister lika mycket v\u00e4rda och ska bed\u00f6mas p\u00e5 lika kriterier? Tydligen inte. Att inneha r\u00e4tt k\u00f6n \u00e4r uppenbarligen viktigare. Meriter \u00e4r sekund\u00e4rt i Rockbj\u00f6rnen-sammanhang.<\/p>\n<p>I det h\u00e4r fallet \u00e4r man tydligen inte ens ute efter en 50\/50-f\u00f6rdelning mellan k\u00f6nen, d\u00e5 man tycker att en \u00f6verrepresentation av kvinnor \u00e4r n\u00e5gonting att str\u00e4va efter. Allt detta skulle vara helt i sin ordning, om f\u00f6rdelningen i underlaget, dvs de artister\/grupper som \u00e4r t\u00e4nkbara f\u00f6r en nominering i n\u00e5gon av klasserna, skulle best\u00e5 av 50 % kvinnor och 50 % m\u00e4n. Exakta siffror tycks vara sv\u00e5rt att f\u00e5 fram, men s\u00e5 tycks l\u00e5ngt ifr\u00e5n vara fallet. Kvinnor finns, fr\u00e4mst som soloartister eller numera som singer\/songwriters inom fr\u00e4mst genren pop. M\u00e4nnen dominerar i grupper och t ex genren rock. Lite grovt indelat. Allt som allt finns uppgifter om i runda sl\u00e4ngar ca 15 &#8211; 20 % bokningsbara kvinnliga akter i genomsnitt f\u00f6r landets festivaler.<\/p>\n<p>(Aprop\u00e5 att &#8221;Stockholms festivalscener domineras av m\u00e4nnen&#8221;&#8230;har man totalt f\u00f6rtr\u00e4ngt den nyss avslutade Stockholm Music and Arts, en kraftigt kvinnodominerad tillst\u00e4llning?)<\/p>\n<p><a href=\"http:\/\/www.aftonbladet.se\/nojesbladet\/musik\/rockbjornen\/article15323671.ab\">http:\/\/www.aftonbladet.se\/nojesbladet\/musik\/rockbjornen\/article15323671.ab<\/a><\/p>\n<p>Tidigare bloggposter:<\/p>\n<p><a href=\"http:\/\/www.susannavaris.com\/blogg\/2012\/07\/emmaboda-revisited\/\">http:\/\/www.susannavaris.com\/blogg\/2012\/07\/emmaboda-revisited\/<\/a><\/p>\n<p><a href=\"http:\/\/www.susannavaris.com\/blogg\/2011\/12\/dagens-patriarkala-fortryck\/\">http:\/\/www.susannavaris.com\/blogg\/2011\/12\/dagens-patriarkala-fortryck\/<\/a><\/p>\n<p>&nbsp;<\/p>\n","protected":false},"excerpt":{"rendered":"<p>\u00a0Bild fr\u00e5n Aftonbladet Idag delas folkets pris, Rockbj\u00f6rnen ut och en stor show p\u00e5g\u00e5r p\u00e5 Gr\u00f6na Lund. I dagens Aftonbladet beskrivs hur Rockbj\u00f6rnen tar ansvar: &#8221;Och inte bara artisterna blir b\u00e4ttre av Rockbj\u00f6rnen. \u00c4ven Rockbj\u00f6rnen tar sitt ansvar. N\u00e4r Stockholms &hellip; <a href=\"http:\/\/www.susannavaris.com\/blogg\/2012\/08\/rockbjornen-tar-ansvar\/\">Forts\u00e4tt l\u00e4sa <span class=\"meta-nav\">&rarr;<\/span><\/a><\/p>\n","protected":false},"author":1,"featured_media":0,"comment_status":"open","ping_status":"open","sticky":false,"template":"","format":"standard","meta":{"footnotes":""},"categories":[178,259,1321,1419,1162,589,994,1,590],"tags":[2280,149,4900,4899,4918,2279],"class_list":["post-7002","post","type-post","status-publish","format-standard","hentry","category-blodtryckshojare","category-genusvetenskap","category-jamstalldhet","category-konsert","category-kultur","category-medier","category-musik","category-okategoriserade","category-politik","tag-5050-fordelning","tag-aftonbladet","tag-feminism","tag-genus","tag-jamstalldhet","tag-rockbjornen"],"_links":{"self":[{"href":"http:\/\/www.susannavaris.com\/blogg\/wp-json\/wp\/v2\/posts\/7002","targetHints":{"allow":["GET"]}}],"collection":[{"href":"http:\/\/www.susannavaris.com\/blogg\/wp-json\/wp\/v2\/posts"}],"about":[{"href":"http:\/\/www.susannavaris.com\/blogg\/wp-json\/wp\/v2\/types\/post"}],"author":[{"embeddable":true,"href":"http:\/\/www.susannavaris.com\/blogg\/wp-json\/wp\/v2\/users\/1"}],"replies":[{"embeddable":true,"href":"http:\/\/www.susannavaris.com\/blogg\/wp-json\/wp\/v2\/comments?post=7002"}],"version-history":[{"count":2,"href":"http:\/\/www.susannavaris.com\/blogg\/wp-json\/wp\/v2\/posts\/7002\/revisions"}],"predecessor-version":[{"id":7005,"href":"http:\/\/www.susannavaris.com\/blogg\/wp-json\/wp\/v2\/posts\/7002\/revisions\/7005"}],"wp:attachment":[{"href":"http:\/\/www.susannavaris.com\/blogg\/wp-json\/wp\/v2\/media?parent=7002"}],"wp:term":[{"taxonomy":"category","embeddable":true,"href":"http:\/\/www.susannavaris.com\/blogg\/wp-json\/wp\/v2\/categories?post=7002"},{"taxonomy":"post_tag","embeddable":true,"href":"http:\/\/www.susannavaris.com\/blogg\/wp-json\/wp\/v2\/tags?post=7002"}],"curies":[{"name":"wp","href":"https:\/\/api.w.org\/{rel}","templated":true}]}}