{"id":7057,"date":"2012-09-03T10:20:15","date_gmt":"2012-09-03T08:20:15","guid":{"rendered":"http:\/\/www.susannavaris.com\/blogg\/?p=7057"},"modified":"2012-09-05T13:21:01","modified_gmt":"2012-09-05T11:21:01","slug":"det-ar-synd-om-kvinnorna","status":"publish","type":"post","link":"http:\/\/www.susannavaris.com\/blogg\/2012\/09\/det-ar-synd-om-kvinnorna\/","title":{"rendered":"Det \u00e4r synd om kvinnorna&#8230;"},"content":{"rendered":"<p style=\"text-align: center;\"><a href=\"http:\/\/www.susannavaris.com\/blogg\/wp-content\/uploads\/2012\/09\/maria.jpg\"><img loading=\"lazy\" decoding=\"async\" class=\"aligncenter size-full wp-image-7058\" title=\"maria\" src=\"http:\/\/www.susannavaris.com\/blogg\/wp-content\/uploads\/2012\/09\/maria.jpg\" alt=\"\" width=\"462\" height=\"362\" srcset=\"http:\/\/www.susannavaris.com\/blogg\/wp-content\/uploads\/2012\/09\/maria.jpg 462w, http:\/\/www.susannavaris.com\/blogg\/wp-content\/uploads\/2012\/09\/maria-300x235.jpg 300w\" sizes=\"auto, (max-width: 462px) 100vw, 462px\" \/><\/a>\u00a0<em>Maria Schottenius. Foto: Pressbild<\/em><\/p>\n<p>Idag \u00e4r det s\u00e4rskilt synd om Margot Wallstr\u00f6m, som m\u00e5ste dras med sin popularitet och sina politiska uppdrag. Sin klassresa. Maria Schottenius p\u00e5 DN Kultur:<\/p>\n<p><a href=\"http:\/\/www.dn.se\/kultur-noje\/maria-schottenius-margot-wallstroms-sorgliga-ode-ar-att-vara-popular\">http:\/\/www.dn.se\/kultur-noje\/maria-schottenius-margot-wallstroms-sorgliga-ode-ar-att-vara-popular<\/a><\/p>\n<p>Margot Wallstr\u00f6m har tagit sig fram till den politiska toppen. Hon har, med god social talang f\u00f6rst lyckats bli minister, f\u00f6r att sedan erbjudas en specialdesignad tj\u00e4nst inom EU, d\u00e4r hon kunnat komma fram till maktens Guide Michelin-m\u00e4rkta k\u00f6ttgrytor.<\/p>\n<p>Margot Wallstr\u00f6m har gjort en lysande karri\u00e4r och \u00e4r mycket omtyckt, men sj\u00e4lvklart \u00e4r det \u00e4nd\u00e5 synd om Wallstr\u00f6m. Maken g\u00f6r inte frivolter \u00f6ver att hon mer eller mindre bor i ett annat land och detta \u00e4r n\u00e5got som sj\u00e4lvfallet enbart ber\u00f6r henne i egenskap av kvinna i politiken. Det har ju sj\u00e4lvklart ingenting att g\u00f6ra med att han kanske hade planerat f\u00f6r ett helt annat slags liv.<\/p>\n<p>Men kvinnors liv \u00e4r ju, hur de \u00e4n ser ut, i de moderna feministernas \u00f6gon en golgatavandring. I mina \u00f6gon verkar det som att det blir sv\u00e5rare och sv\u00e5rare att konstruera dessa el\u00e4ndesbeskrivningar, men \u00e5 andra sidan, utan dem skulle feminismen te sig obsolet.<\/p>\n<p>&nbsp;<\/p>\n","protected":false},"excerpt":{"rendered":"<p>\u00a0Maria Schottenius. Foto: Pressbild Idag \u00e4r det s\u00e4rskilt synd om Margot Wallstr\u00f6m, som m\u00e5ste dras med sin popularitet och sina politiska uppdrag. Sin klassresa. Maria Schottenius p\u00e5 DN Kultur: http:\/\/www.dn.se\/kultur-noje\/maria-schottenius-margot-wallstroms-sorgliga-ode-ar-att-vara-popular Margot Wallstr\u00f6m har tagit sig fram till den politiska toppen. &hellip; <a href=\"http:\/\/www.susannavaris.com\/blogg\/2012\/09\/det-ar-synd-om-kvinnorna\/\">Forts\u00e4tt l\u00e4sa <span class=\"meta-nav\">&rarr;<\/span><\/a><\/p>\n","protected":false},"author":1,"featured_media":0,"comment_status":"open","ping_status":"open","sticky":false,"template":"","format":"standard","meta":{"footnotes":""},"categories":[181,259,1321,1162,589,1,590],"tags":[174,175,4900,2305,2086,4910],"class_list":["post-7057","post","type-post","status-publish","format-standard","hentry","category-feminism","category-genusvetenskap","category-jamstalldhet","category-kultur","category-medier","category-okategoriserade","category-politik","tag-bengt-ohlsson","tag-dn","tag-feminism","tag-margot-wallstrom","tag-maria-schottenius","tag-politik"],"_links":{"self":[{"href":"http:\/\/www.susannavaris.com\/blogg\/wp-json\/wp\/v2\/posts\/7057","targetHints":{"allow":["GET"]}}],"collection":[{"href":"http:\/\/www.susannavaris.com\/blogg\/wp-json\/wp\/v2\/posts"}],"about":[{"href":"http:\/\/www.susannavaris.com\/blogg\/wp-json\/wp\/v2\/types\/post"}],"author":[{"embeddable":true,"href":"http:\/\/www.susannavaris.com\/blogg\/wp-json\/wp\/v2\/users\/1"}],"replies":[{"embeddable":true,"href":"http:\/\/www.susannavaris.com\/blogg\/wp-json\/wp\/v2\/comments?post=7057"}],"version-history":[{"count":4,"href":"http:\/\/www.susannavaris.com\/blogg\/wp-json\/wp\/v2\/posts\/7057\/revisions"}],"predecessor-version":[{"id":7061,"href":"http:\/\/www.susannavaris.com\/blogg\/wp-json\/wp\/v2\/posts\/7057\/revisions\/7061"}],"wp:attachment":[{"href":"http:\/\/www.susannavaris.com\/blogg\/wp-json\/wp\/v2\/media?parent=7057"}],"wp:term":[{"taxonomy":"category","embeddable":true,"href":"http:\/\/www.susannavaris.com\/blogg\/wp-json\/wp\/v2\/categories?post=7057"},{"taxonomy":"post_tag","embeddable":true,"href":"http:\/\/www.susannavaris.com\/blogg\/wp-json\/wp\/v2\/tags?post=7057"}],"curies":[{"name":"wp","href":"https:\/\/api.w.org\/{rel}","templated":true}]}}