{"id":7063,"date":"2012-09-06T00:26:37","date_gmt":"2012-09-05T22:26:37","guid":{"rendered":"http:\/\/www.susannavaris.com\/blogg\/?p=7063"},"modified":"2012-09-06T00:27:17","modified_gmt":"2012-09-05T22:27:17","slug":"flytten","status":"publish","type":"post","link":"http:\/\/www.susannavaris.com\/blogg\/2012\/09\/flytten\/","title":{"rendered":"Flytten"},"content":{"rendered":"<p><a href=\"http:\/\/www.susannavaris.com\/blogg\/wp-content\/uploads\/2012\/09\/Juvenile-Alice-in-Wonderland-Big-Alice.jpg\"><img loading=\"lazy\" decoding=\"async\" class=\"aligncenter size-full wp-image-7064\" title=\"Juvenile-Alice-in-Wonderland-Big-Alice\" src=\"http:\/\/www.susannavaris.com\/blogg\/wp-content\/uploads\/2012\/09\/Juvenile-Alice-in-Wonderland-Big-Alice.jpg\" alt=\"\" width=\"478\" height=\"487\" srcset=\"http:\/\/www.susannavaris.com\/blogg\/wp-content\/uploads\/2012\/09\/Juvenile-Alice-in-Wonderland-Big-Alice.jpg 478w, http:\/\/www.susannavaris.com\/blogg\/wp-content\/uploads\/2012\/09\/Juvenile-Alice-in-Wonderland-Big-Alice-294x300.jpg 294w\" sizes=\"auto, (max-width: 478px) 100vw, 478px\" \/><\/a><\/p>\n<p>Jag kan knappt t\u00e4nka p\u00e5 n\u00e5got annat \u00e4n flytten nu. Saker som ska s\u00e4ljas, m\u00f6bler som kanske inte g\u00e5r in i en ny l\u00e4genhet (jag har inrett mina l\u00e4genheter med m\u00f6bler av herrg\u00e5rdsstorlek&#8230;), vad ska beh\u00e5llas, vad ska s\u00e4ljas eller sl\u00e4ngas&#8230;hur mycket pengar t\u00e5l man f\u00f6rlora p\u00e5 bra och anv\u00e4ndbara saker som m\u00e5ste bort?<\/p>\n<p>Jag tittar fel p\u00e5 tider och missar saker p\u00e5 arbetet, jag har knappt koll p\u00e5 vad jag sysslar med.<\/p>\n<p>Imorse blev jag \u00e5ter v\u00e4ckt av det glada fristadsg\u00e4nget som klockan 6.50\u00a0sin vana trogen b\u00f6rjade hiva ut sk\u00e5pluckor ner i en container. Efter \u00e5tta var det tyst, som det pl\u00e4gar. Innan dess hade jag f\u00f6rst st\u00e4ngt f\u00f6nstret mot innerg\u00e5rden, tagit p\u00e5 mig h\u00f6rselskydden \u00f6ver \u00f6ronpropparna och sedan flyttat till vardagsrummet eftersom det \u00e4nd\u00e5 inte hj\u00e4lpte helt. Jag lyckades sova en timme till, men jag lyckades \u00e4ven komma sent till arbetet, eftersom min flyttstinna hj\u00e4rna inte t\u00e4nker klart i dessa dagar.<\/p>\n<p>Flyttnojan p\u00e5verkar nu \u00e4ven bloggandet och konsten. Jag har ingen ro att skapa och ingen tid att blogga. Det enda jag g\u00f6r \u00e4r att fotografera saker, l\u00e4gga upp annonser och peta i olika h\u00f6gar n\u00e4r jag inte stirrar p\u00e5 olika bostadssidor f\u00f6rst\u00e5s. Jag kanske kommer att k\u00f6ra all in snart, l\u00e4gga upp allt \u00f6verallt (p\u00e5 fb, twitter, h\u00e4r p\u00e5 bloggen, Tradera och Blocket). Welcome to my nightmare och v\u00e4lkommen in i min underkl\u00e4desl\u00e5da&#8230;<\/p>\n<p>&#8230;nj\u00e4eh, det kanske ni slipper, men lite saker till salu kanske det blir.<\/p>\n<p>Jag \u00e4r inte n\u00e5gon v\u00e4n av f\u00f6r\u00e4ndringar eller att flytta (s\u00e4rskilt inte h\u00e4rifr\u00e5n). Troligtvis h\u00e4rr\u00f6r detta fr\u00e5n min barndom, d\u00e5 vi flyttade mest hela tiden. Inf\u00f6r femte klass bodde jag i min fj\u00e4rde stad, i mitt andra land, gick i min tredje klass, i min fj\u00e4rde skola (i Helsingfors flyttades min klass till en nybyggd skola mellan \u00e5rskurs tv\u00e5 och tre) och bodde i mitt femte hem. Sj\u00e4tte hemmet blev en villa i Enh\u00f6rna, sjunde min f\u00f6rsta l\u00e4genhet i S\u00f6dert\u00e4lje och \u00e5ttonde min andra l\u00e4genhet i samma stad. Dit flyttade jag vid 22-\u00e5rs\u00e5ldern. Sedan dess har jag bitit mig fast vid det h\u00e4r omr\u00e5det och min sista l\u00e4genhet h\u00e4r \u00e4r dessutom helt underbar p\u00e5 alla s\u00e4tt och vis. S\u00e5 jag l\u00e4ngtar verkligen inte efter att f\u00e5 rycka upp n\u00e5gra bop\u00e5lar, min kvot p\u00e5 den fronten \u00e4r r\u00e5gad.<\/p>\n<p>Men det blir nog bra, jag beh\u00f6ver mera marginaler och s\u00e5 sm\u00e5ningom kanske det blir n\u00e5gonting eget&#8230;<\/p>\n","protected":false},"excerpt":{"rendered":"<p>Jag kan knappt t\u00e4nka p\u00e5 n\u00e5got annat \u00e4n flytten nu. Saker som ska s\u00e4ljas, m\u00f6bler som kanske inte g\u00e5r in i en ny l\u00e4genhet (jag har inrett mina l\u00e4genheter med m\u00f6bler av herrg\u00e5rdsstorlek&#8230;), vad ska beh\u00e5llas, vad ska s\u00e4ljas eller &hellip; <a href=\"http:\/\/www.susannavaris.com\/blogg\/2012\/09\/flytten\/\">Forts\u00e4tt l\u00e4sa <span class=\"meta-nav\">&rarr;<\/span><\/a><\/p>\n","protected":false},"author":1,"featured_media":0,"comment_status":"open","ping_status":"open","sticky":false,"template":"","format":"standard","meta":{"footnotes":""},"categories":[107,1],"tags":[298,2297,2303,2306,2118,514,2307,2308,346],"class_list":["post-7063","post","type-post","status-publish","format-standard","hentry","category-finland","category-okategoriserade","tag-alice-i-underlandet-2","tag-bostadsratt","tag-flytt","tag-flytten","tag-fristads","tag-hantverkare","tag-helsingfors","tag-lagenhet","tag-renovering"],"_links":{"self":[{"href":"http:\/\/www.susannavaris.com\/blogg\/wp-json\/wp\/v2\/posts\/7063","targetHints":{"allow":["GET"]}}],"collection":[{"href":"http:\/\/www.susannavaris.com\/blogg\/wp-json\/wp\/v2\/posts"}],"about":[{"href":"http:\/\/www.susannavaris.com\/blogg\/wp-json\/wp\/v2\/types\/post"}],"author":[{"embeddable":true,"href":"http:\/\/www.susannavaris.com\/blogg\/wp-json\/wp\/v2\/users\/1"}],"replies":[{"embeddable":true,"href":"http:\/\/www.susannavaris.com\/blogg\/wp-json\/wp\/v2\/comments?post=7063"}],"version-history":[{"count":4,"href":"http:\/\/www.susannavaris.com\/blogg\/wp-json\/wp\/v2\/posts\/7063\/revisions"}],"predecessor-version":[{"id":7068,"href":"http:\/\/www.susannavaris.com\/blogg\/wp-json\/wp\/v2\/posts\/7063\/revisions\/7068"}],"wp:attachment":[{"href":"http:\/\/www.susannavaris.com\/blogg\/wp-json\/wp\/v2\/media?parent=7063"}],"wp:term":[{"taxonomy":"category","embeddable":true,"href":"http:\/\/www.susannavaris.com\/blogg\/wp-json\/wp\/v2\/categories?post=7063"},{"taxonomy":"post_tag","embeddable":true,"href":"http:\/\/www.susannavaris.com\/blogg\/wp-json\/wp\/v2\/tags?post=7063"}],"curies":[{"name":"wp","href":"https:\/\/api.w.org\/{rel}","templated":true}]}}