{"id":7115,"date":"2012-09-17T17:21:39","date_gmt":"2012-09-17T15:21:39","guid":{"rendered":"http:\/\/www.susannavaris.com\/blogg\/?p=7115"},"modified":"2012-09-17T21:44:52","modified_gmt":"2012-09-17T19:44:52","slug":"dramaten-strindberg-och-harskartekniker","status":"publish","type":"post","link":"http:\/\/www.susannavaris.com\/blogg\/2012\/09\/dramaten-strindberg-och-harskartekniker\/","title":{"rendered":"Dramaten, Strindberg och h\u00e4rskartekniker"},"content":{"rendered":"<p>Dramaten s\u00e4llar sig nu till raden av &#8221;satiriker&#8221; som verkar p\u00e5 temat Vita Kr\u00e4nkta M\u00e4n. Kawa Zolfagary, som startat facebook-gruppen med detta namn, vill allts\u00e5 genom att anv\u00e4nda satiren som vapen motverka rasism, sexism och intolerans.<\/p>\n<p style=\"text-align: center;\"><a href=\"http:\/\/www.susannavaris.com\/blogg\/wp-content\/uploads\/2012\/09\/vitman.jpg\"><img loading=\"lazy\" decoding=\"async\" class=\"aligncenter size-full wp-image-7119\" title=\"vitman\" src=\"http:\/\/www.susannavaris.com\/blogg\/wp-content\/uploads\/2012\/09\/vitman.jpg\" alt=\"\" width=\"947\" height=\"523\" srcset=\"http:\/\/www.susannavaris.com\/blogg\/wp-content\/uploads\/2012\/09\/vitman.jpg 947w, http:\/\/www.susannavaris.com\/blogg\/wp-content\/uploads\/2012\/09\/vitman-300x165.jpg 300w\" sizes=\"auto, (max-width: 947px) 100vw, 947px\" \/><\/a>\u00a0<em>Faksimil fr\u00e5n Facebook<\/em><\/p>\n<p>Redan namnet \u00e4r en liten uppvisning i b\u00e5de rasism och sexism, d\u00e4r man dessutom lyckas inf\u00f6rliva en h\u00e4rskarteknik; f\u00f6rl\u00f6jligande. I gruppen blandas kommentarsf\u00e4ltsmis\u00e4r med allehanda nedv\u00e4rderande och suspekta exempel vars fr\u00e4msta syfte \u00e4r att f\u00f6rl\u00f6jliga&#8230;ja, vem? Alla vita m\u00e4n? Kommentarsf\u00e4ltsmarod\u00f6rerna? P\u00e4r Str\u00f6m personligen (eftersom en karikatyr av honom f\u00e5r st\u00e5 som profilbild f\u00f6r gruppen)?<\/p>\n<p>Detta \u00e4r ytterligare ett exempel p\u00e5 att man med den sj\u00e4lvp\u00e5tagna underdog-positionen anser sig ha r\u00e4tt att bedriva precis samma sorts hetsjakt som man beskyller sina motst\u00e5ndare f\u00f6r eller h\u00e4nfalla till vilka metoder som helst, det egna hatet \u00e4r ju motiverat och till och med n\u00e5got fint.<\/p>\n<p>L\u00e5t oss nu f\u00f6rst konstatera att det finns kvinnohatare. Det finns manshatare. Det finns m\u00e4nniskor som vill arbeta f\u00f6r j\u00e4mst\u00e4lldhet och dessa m\u00e4nniskors definitioner p\u00e5 vad j\u00e4mst\u00e4lldhet \u00e4r kan skilja sig en hel del. Jag f\u00f6rst\u00e5r fortfarande inte hur man fr\u00e4mjar en debatt genom att f\u00f6rl\u00f6jliga och spotta p\u00e5 sina motst\u00e5ndare, vilket man g\u00f6r n\u00e4r man envisas med att bunta ihop en j\u00e4mst\u00e4lldhetsdebatt\u00f6r som P\u00e4r Str\u00f6m med allehanda kvinnohatare och rasister fr\u00e5n kommentarsf\u00e4lten.<\/p>\n<p>Eftersom Zolfagary och co f\u00f6rmodligen inte orkat l\u00e4sa igenom vad som st\u00e5r p\u00e5 Str\u00f6ms blogg Genusnytt, s\u00e5 kommer det h\u00e4r:<\/p>\n<h2><em>&#8221;Detta st\u00e5r jag f\u00f6r:<\/em><\/h2>\n<div>Jag \u00e4r j\u00e4mst\u00e4lldist, vilket inneb\u00e4r att jag varken \u00e4r partisk f\u00f6r kvinnor (som feminismen) eller f\u00f6r m\u00e4n (som maskulismen). Ist\u00e4llet tycker jag att b\u00e5da k\u00f6n ska ha SAMMA v\u00e4rde, r\u00e4ttigheter och skyldigheter. Idag dominerar en statsfeminism som utm\u00e5lar kvinnor som f\u00f6rtryckta och i behov av curling f\u00f6r att klara sig h\u00e4r i livet. Det \u00e4r fel, och jag anser attityden vara f\u00f6r\u00f6dmjukande f\u00f6r kvinnor. Till skillnad fr\u00e5n feminister anser vi j\u00e4mst\u00e4lldister att kvinnor \u00e4r starka och klarar sig utan curling. Dessutom \u00e4r curling av kvinnor detsamma som diskriminering av m\u00e4n. M\u00e4n \u00e4r den enda grupp i Sverige som \u00e4r formellt diskriminerade. J\u00e4mst\u00e4lldhet \u00e4r INTE exakt lika antal av b\u00e5da k\u00f6n i samtliga sammanhang, det kan aldrig uppn\u00e5s eftersom m\u00e4n och kvinnor i genomsnitt har lite olika preferenser. Det \u00e4r LIKA F\u00d6RUTS\u00c4TTNINGAR f\u00f6r k\u00f6nen som \u00e4r j\u00e4mst\u00e4lldhet, inte lika utfall. Vill du veta mer? L\u00e4s en programf\u00f6rklaring f\u00f6r j\u00e4mst\u00e4lldismen p\u00e5 sidan &#8221;Vad vill j\u00e4mst\u00e4lldisterna?&#8221; som du finner l\u00e4ngre ned i denna spalt.&#8221;<\/div>\n<p><em>P\u00e4r Str\u00f6m<\/em><\/p>\n<p>Programf\u00f6rklaringen:<\/p>\n<p><a href=\"http:\/\/genusnytt.wordpress.com\/programforklaring-for-jamstalldismen\/\">http:\/\/genusnytt.wordpress.com\/programforklaring-for-jamstalldismen\/<\/a><\/p>\n<p>Nu till <em>Dramaten<\/em>. D\u00e4r s\u00e4tter man upp en serie f\u00f6rest\u00e4llningar p\u00e5 tema Strindberg vid namn <em>Satans Strindberg.<\/em> En av f\u00f6rest\u00e4llningarna regisseras av Nils Poletti fr\u00e5n (surprise!) <em>Turteatern<\/em> och heter <em>Reflektioner kring naturalismen och kvinnan &#8211; ett samtal<\/em>.<\/p>\n<p>DN Kultur \u00e4r entusiastisk:<\/p>\n<p style=\"text-align: center;\"><em><a href=\"http:\/\/www.susannavaris.com\/blogg\/wp-content\/uploads\/2012\/09\/DSC_0294-50.jpg\"><img loading=\"lazy\" decoding=\"async\" class=\"aligncenter size-large wp-image-7127\" title=\"DSC_0294-50\" src=\"http:\/\/www.susannavaris.com\/blogg\/wp-content\/uploads\/2012\/09\/DSC_0294-50-1024x803.jpg\" alt=\"\" width=\"640\" height=\"501\" srcset=\"http:\/\/www.susannavaris.com\/blogg\/wp-content\/uploads\/2012\/09\/DSC_0294-50-1024x803.jpg 1024w, http:\/\/www.susannavaris.com\/blogg\/wp-content\/uploads\/2012\/09\/DSC_0294-50-300x235.jpg 300w, http:\/\/www.susannavaris.com\/blogg\/wp-content\/uploads\/2012\/09\/DSC_0294-50.jpg 1858w\" sizes=\"auto, (max-width: 640px) 100vw, 640px\" \/><\/a>Artikeln finns inte i skrivande stund p\u00e5 n\u00e4tet.<\/em><\/p>\n<p style=\"text-align: center;\">SVD skriver:<\/p>\n<p style=\"text-align: center;\"><a href=\"http:\/\/www.svd.se\/kultur\/scen\/polettis-strindberg-en-smakrik-polsa_7503144.svd\">http:\/\/www.svd.se\/kultur\/scen\/polettis-strindberg-en-smakrik-polsa_7503144.svd<\/a><\/p>\n<p style=\"text-align: center;\">P\u00e5 Dramatens hemsida citeras f\u00f6rordet till Fr\u00f6ken Julie:<\/p>\n<p style=\"text-align: center;\"><em>\u201dTeatern har l\u00e4nge f\u00f6refallit mig vara liksom konsten \u00f6verhuvud en Biblia pauperum, en bibel i bild f\u00f6r dem som icke kunna l\u00e4sa skrivet eller tryckt, och teaterf\u00f6rfattaren en lekmannapredikant, som kolporterar tidens tankar i popul\u00e4r form, s\u00e5 popul\u00e4r att medelklassen, som huvudsakligen befolkar teatern, kan utan mycket huvudbry fatta varom fr\u00e5gan \u00e4r. Teatern har d\u00e4rf\u00f6r alltid varit en folkskola f\u00f6r ungdom, halvbildade och kvinnor, vilka \u00e4ga kvar den l\u00e4gre f\u00f6rm\u00e5gan att bedraga sig sj\u00e4lva och l\u00e5ta bedras, det vill s\u00e4ga f\u00e5 illusion, emottaga suggestionen av f\u00f6rfattaren.\u201d<\/em><\/p>\n<p style=\"text-align: center;\">Jag kan inte finna n\u00e5gra st\u00f6rre likheter med P\u00e4r Str\u00f6ms s\u00e4tt att resonera i detta lilla stycke, men det verkar som man \u00e4ven inne p\u00e5 Dramaten nu anammat sanningen: Feminismkritik = Kvinnohat<\/p>\n<p style=\"text-align: center;\">Mitt inl\u00e4gg om N\u00f6jesguidens hen-nummer:<\/p>\n<p style=\"text-align: center;\"><a href=\"http:\/\/www.susannavaris.com\/blogg\/2012\/03\/gardagens-blodtryckshojare\/\">http:\/\/www.susannavaris.com\/blogg\/2012\/03\/gardagens-blodtryckshojare\/<\/a><\/p>\n<p style=\"text-align: center;\">I samma tidning:<\/p>\n<p style=\"text-align: center;\"><a href=\"http:\/\/www.susannavaris.com\/blogg\/2012\/03\/en-notering-i-kanten\/\">http:\/\/www.susannavaris.com\/blogg\/2012\/03\/en-notering-i-kanten\/<\/a><\/p>\n","protected":false},"excerpt":{"rendered":"<p>Dramaten s\u00e4llar sig nu till raden av &#8221;satiriker&#8221; som verkar p\u00e5 temat Vita Kr\u00e4nkta M\u00e4n. Kawa Zolfagary, som startat facebook-gruppen med detta namn, vill allts\u00e5 genom att anv\u00e4nda satiren som vapen motverka rasism, sexism och intolerans. \u00a0Faksimil fr\u00e5n Facebook Redan &hellip; <a href=\"http:\/\/www.susannavaris.com\/blogg\/2012\/09\/dramaten-strindberg-och-harskartekniker\/\">Forts\u00e4tt l\u00e4sa <span class=\"meta-nav\">&rarr;<\/span><\/a><\/p>\n","protected":false},"author":1,"featured_media":0,"comment_status":"open","ping_status":"open","sticky":false,"template":"","format":"standard","meta":{"footnotes":""},"categories":[178,181,259,1321,1162,589,1,590,403],"tags":[175,2319,566,2321,1622,1460,586,2320,1461,1208,504,906],"class_list":["post-7115","post","type-post","status-publish","format-standard","hentry","category-blodtryckshojare","category-feminism","category-genusvetenskap","category-jamstalldhet","category-kultur","category-medier","category-okategoriserade","category-politik","category-pseudovetenskap","tag-dn","tag-dramaten","tag-facebook","tag-froken-julie","tag-jamstalldism","tag-kawa-zolfagary","tag-kommentarsfalt","tag-maia-arvas","tag-nojesguiden","tag-strindberg","tag-svd","tag-turteatern"],"_links":{"self":[{"href":"http:\/\/www.susannavaris.com\/blogg\/wp-json\/wp\/v2\/posts\/7115","targetHints":{"allow":["GET"]}}],"collection":[{"href":"http:\/\/www.susannavaris.com\/blogg\/wp-json\/wp\/v2\/posts"}],"about":[{"href":"http:\/\/www.susannavaris.com\/blogg\/wp-json\/wp\/v2\/types\/post"}],"author":[{"embeddable":true,"href":"http:\/\/www.susannavaris.com\/blogg\/wp-json\/wp\/v2\/users\/1"}],"replies":[{"embeddable":true,"href":"http:\/\/www.susannavaris.com\/blogg\/wp-json\/wp\/v2\/comments?post=7115"}],"version-history":[{"count":10,"href":"http:\/\/www.susannavaris.com\/blogg\/wp-json\/wp\/v2\/posts\/7115\/revisions"}],"predecessor-version":[{"id":7128,"href":"http:\/\/www.susannavaris.com\/blogg\/wp-json\/wp\/v2\/posts\/7115\/revisions\/7128"}],"wp:attachment":[{"href":"http:\/\/www.susannavaris.com\/blogg\/wp-json\/wp\/v2\/media?parent=7115"}],"wp:term":[{"taxonomy":"category","embeddable":true,"href":"http:\/\/www.susannavaris.com\/blogg\/wp-json\/wp\/v2\/categories?post=7115"},{"taxonomy":"post_tag","embeddable":true,"href":"http:\/\/www.susannavaris.com\/blogg\/wp-json\/wp\/v2\/tags?post=7115"}],"curies":[{"name":"wp","href":"https:\/\/api.w.org\/{rel}","templated":true}]}}