{"id":7129,"date":"2012-09-21T10:55:58","date_gmt":"2012-09-21T08:55:58","guid":{"rendered":"http:\/\/www.susannavaris.com\/blogg\/?p=7129"},"modified":"2012-09-21T16:58:07","modified_gmt":"2012-09-21T14:58:07","slug":"dagens-humor-julia-schramm","status":"publish","type":"post","link":"http:\/\/www.susannavaris.com\/blogg\/2012\/09\/dagens-humor-julia-schramm\/","title":{"rendered":"Dagens humor: Julia Schramm"},"content":{"rendered":"<p style=\"text-align: center;\"><a href=\"http:\/\/www.susannavaris.com\/blogg\/wp-content\/uploads\/2012\/09\/juliascrammPiratjagare683.jpg\"><img loading=\"lazy\" decoding=\"async\" class=\"aligncenter size-full wp-image-7130\" title=\"juliascrammPiratjagare683\" src=\"http:\/\/www.susannavaris.com\/blogg\/wp-content\/uploads\/2012\/09\/juliascrammPiratjagare683.jpg\" alt=\"\" width=\"683\" height=\"430\" srcset=\"http:\/\/www.susannavaris.com\/blogg\/wp-content\/uploads\/2012\/09\/juliascrammPiratjagare683.jpg 683w, http:\/\/www.susannavaris.com\/blogg\/wp-content\/uploads\/2012\/09\/juliascrammPiratjagare683-300x188.jpg 300w\" sizes=\"auto, (max-width: 683px) 100vw, 683px\" \/><\/a><em>\u00a0Julia Schramm. Foto: Bastian Haas\/Wikimedia Commons<\/em><\/p>\n<p>Julia Schramm, piratpartist i Tyskland, har skrivit en bok, gett ut den p\u00e5 ett traditionellt bokf\u00f6rlag och i form av e-bok. Boken har sedan f\u00e5tt spridning i fildelarkretsar och se, det var inte popul\u00e4rt hos Schramm och hennes f\u00f6rlag:<\/p>\n<p><a href=\"http:\/\/www.dn.se\/dnbok\/dnbok-hem\/forfattande-piratpartist-jagar-fildelare\">http:\/\/www.dn.se\/dnbok\/dnbok-hem\/forfattande-piratpartist-jagar-fildelare<\/a><\/p>\n<p>Om hon hade trott p\u00e5 sina egna ideal hade hon givetvis gett ut boken som gratisfil p\u00e5 n\u00e4tet. Men det kanske inte k\u00e4ndes lika lockande n\u00e4r det nu g\u00e4ller den egna m\u00f6jligheten till inkomster och inte profitering p\u00e5 andras arbete.<\/p>\n<p>Vilket p\u00e5minner om en annan artikel om en annan debatt. Malin Ullgren rycker till Nina Bj\u00f6rks f\u00f6rsvar i debatten som uppst\u00e5tt i sociala medier om dubbelmoral och att leva som man l\u00e4r. Nina Bj\u00f6rk, v\u00e4nsterfeministen som skrev boken <em>Under det Rosa T\u00e4cket<\/em>\u00a0d\u00e4r hon ville befria kvinnan fr\u00e5n familjens bojor och som numera, efter att ha f\u00e5tt barn vill att hela samh\u00e4llet ska konstituerats enligt en storfamiljsprincip (eller en kolchos, eller ett gammaldags bondesamh\u00e4lle):\u00a0&#8221;arbetsbeting som ger betalning i form av livsmedel, tj\u00e4nster eller ting&#8221;. F\u00f6r all del, man har r\u00e4tt att \u00e4ndra \u00e5sikt. Debatten som har f\u00f6ljt har handlat om Bj\u00f6rks hycklande; hon \u00e4r antikapitalisten som bor p\u00e5 140 kvadratmeter sekelskifte i Lund. Champagnev\u00e4nster. Jag kan t\u00e4nka mig att hon lyckats b\u00e5de reta upp en del h\u00f6gerdebatt\u00f6rer, men \u00e4ven sina forna v\u00e4nsterfeministv\u00e4nner genom sin nya inst\u00e4llning till familjen. Hon lever inte d\u00e4r heller som hon har l\u00e4rt.<\/p>\n<p>Hursomhaver rycker allts\u00e5 Malin Ullgren till Bj\u00f6rks f\u00f6rsvar i en n\u00e5got f\u00f6rvirrad kr\u00f6nika d\u00e4r tesen tycks vara att speciellt h\u00f6gerdebatt\u00f6rer skulle ha ett behov av att se v\u00e4nsterm\u00e4nniskor som n\u00e5gon slags f\u00f6rebilder eller substitut f\u00f6r sina f\u00f6r\u00e4ldrar:<\/p>\n<p><a href=\"http:\/\/www.dn.se\/kultur-noje\/malin-ullgren-vilket-slags-liv-bor-en-manniska-med-vansterideologiska-asikter-le\">http:\/\/www.dn.se\/kultur-noje\/malin-ullgren-vilket-slags-liv-bor-en-manniska-med-vansterideologiska-asikter-le<\/a><\/p>\n<p><em><strong>&#8221;Alla, i synnerhet borgerligt sinnade, har anledning att granska<\/strong>\u00a0de egna reaktionerna kring v\u00e4nstern och privatlivet, f\u00f6r att f\u00e5 syn p\u00e5 sina eventuella f\u00f6rv\u00e4xlingar av symboler (f\u00f6r\u00e4lder\/religi\u00f6st \u00f6verhuvud\/v\u00e4nsterskribent).&#8221;<\/em><\/p>\n<p>\u00c5ter allts\u00e5 ett f\u00f6rs\u00f6k att omyndigf\u00f6rklara eller f\u00f6rminska (en h\u00e4rskarteknik) sina ideologiska motst\u00e5ndare. Kan man inte koppla ihop motst\u00e5ndarna med Hitler eller Breivik, f\u00f6rs\u00f6ker man reducera dem till kvinnohatare, kommentarsf\u00e4ltsherrar och nu i det h\u00e4r fallet, till omyndiga eller infantila personer.<\/p>\n<p>Personligen anser jag att visst kan Bj\u00f6rk kalla sina inredningsambitioner (som m\u00e5nga inte ens skulle ha r\u00e5d att realisera) f\u00f6r &#8221;skitdr\u00f6mmar&#8221;, bo p\u00e5 sina 140 kvadratmeter sekelskifte (vilken dr\u00f6m!), men dr\u00f6mma om ett liv i en kolchos. Problemet uppst\u00e5r n\u00e4r hon vill att vi alla ska dr\u00f6mma om att leva i en kolchos. M\u00e5ngfald och vi gillar olika, bara alla vill och gillar som jag. H\u00e4vdandet av individens frihet eller valfrihet \u00e4r och har inte varit v\u00e4nsterns fr\u00e4msta k\u00e4nnetecken. Det blir dessutom n\u00e5got ih\u00e5ligt att f\u00f6rf\u00e4kta ett ideal som man sj\u00e4lv inte vill eller kan leva efter, precis som i fallet Julia Schramm.<\/p>\n<p>Dessutom, Nina Bj\u00f6rk igen:<\/p>\n<p><em>&#8221;Jag kan inte leva som jag l\u00e4r. Jag \u00e4r inriktad p\u00e5 systemet, inte p\u00e5 individniv\u00e5.&#8221;<\/em><\/p>\n<p>Varf\u00f6r kan inte Nina Bj\u00f6rk leva som hon l\u00e4r? Vad g\u00f6r det om\u00f6jligt? Hon skulle kunna sluta arbeta helt och utv\u00e4xla arbetsinsatser mot mat och husrum fr\u00e5n sin make? Mycket h\u00e5rddraget, men det \u00e4r vad hon i slut\u00e4ndan dr\u00f6mmer om, att bli beroende av ett byalag, n\u00e4rst\u00e5ende, partiet (ja, vad?) f\u00f6r att d\u00e4r byta tj\u00e4nster mot mat, husrum och saker. Om detta inte fungerar p\u00e5 individniv\u00e5 och enbart kan uppn\u00e5s genom att hela samh\u00e4llet (systemet) anpassas till modellen, vill jag inte vara med. De historiska exemplen \u00e4r alltf\u00f6r avskr\u00e4ckande.<\/p>\n<p>Andra artiklar:<\/p>\n<p><a href=\"http:\/\/www.dn.se\/livsstil\/intervjuer\/nina-bjork-jag-kan-inte-leva-som-jag-lar\">http:\/\/www.dn.se\/livsstil\/intervjuer\/nina-bjork-jag-kan-inte-leva-som-jag-lar<\/a><\/p>\n<p><a href=\"http:\/\/www.expressen.se\/kultur\/nina-bjork-lyckliga-i-alla-sina-dagar\/\">http:\/\/www.expressen.se\/kultur\/nina-bjork-lyckliga-i-alla-sina-dagar\/<\/a><\/p>\n<p><a href=\"http:\/\/www.dn.se\/dnbok\/bokrecensioner\/nina-bjork-lyckliga-i-alla-sina-dagar-om-pengars-och-manniskors-varde\">http:\/\/www.dn.se\/dnbok\/bokrecensioner\/nina-bjork-lyckliga-i-alla-sina-dagar-om-pengars-och-manniskors-varde<\/a><\/p>\n<p><a href=\"http:\/\/www.svd.se\/kultur\/litteratur\/rosa-tacke-blev-rod-kollektivism_7510116.svd\">http:\/\/www.svd.se\/kultur\/litteratur\/rosa-tacke-blev-rod-kollektivism_7510116.svd<\/a><\/p>\n","protected":false},"excerpt":{"rendered":"<p>\u00a0Julia Schramm. Foto: Bastian Haas\/Wikimedia Commons Julia Schramm, piratpartist i Tyskland, har skrivit en bok, gett ut den p\u00e5 ett traditionellt bokf\u00f6rlag och i form av e-bok. Boken har sedan f\u00e5tt spridning i fildelarkretsar och se, det var inte popul\u00e4rt &hellip; <a href=\"http:\/\/www.susannavaris.com\/blogg\/2012\/09\/dagens-humor-julia-schramm\/\">Forts\u00e4tt l\u00e4sa <span class=\"meta-nav\">&rarr;<\/span><\/a><\/p>\n","protected":false},"author":1,"featured_media":0,"comment_status":"open","ping_status":"open","sticky":false,"template":"","format":"standard","meta":{"footnotes":""},"categories":[1364,181,259,1321,1162,589,1,590,403,1060],"tags":[4900,577,2324,760,2322,578,2323,1399],"class_list":["post-7129","post","type-post","status-publish","format-standard","hentry","category-bocker","category-feminism","category-genusvetenskap","category-jamstalldhet","category-kultur","category-medier","category-okategoriserade","category-politik","category-pseudovetenskap","category-samhallsplanering","tag-feminism","tag-fildelning","tag-julia-schramm","tag-malin-ullgren","tag-nina-bjork","tag-piratpartiet","tag-under-det-rosa-tacket","tag-vanster"],"_links":{"self":[{"href":"http:\/\/www.susannavaris.com\/blogg\/wp-json\/wp\/v2\/posts\/7129","targetHints":{"allow":["GET"]}}],"collection":[{"href":"http:\/\/www.susannavaris.com\/blogg\/wp-json\/wp\/v2\/posts"}],"about":[{"href":"http:\/\/www.susannavaris.com\/blogg\/wp-json\/wp\/v2\/types\/post"}],"author":[{"embeddable":true,"href":"http:\/\/www.susannavaris.com\/blogg\/wp-json\/wp\/v2\/users\/1"}],"replies":[{"embeddable":true,"href":"http:\/\/www.susannavaris.com\/blogg\/wp-json\/wp\/v2\/comments?post=7129"}],"version-history":[{"count":7,"href":"http:\/\/www.susannavaris.com\/blogg\/wp-json\/wp\/v2\/posts\/7129\/revisions"}],"predecessor-version":[{"id":7137,"href":"http:\/\/www.susannavaris.com\/blogg\/wp-json\/wp\/v2\/posts\/7129\/revisions\/7137"}],"wp:attachment":[{"href":"http:\/\/www.susannavaris.com\/blogg\/wp-json\/wp\/v2\/media?parent=7129"}],"wp:term":[{"taxonomy":"category","embeddable":true,"href":"http:\/\/www.susannavaris.com\/blogg\/wp-json\/wp\/v2\/categories?post=7129"},{"taxonomy":"post_tag","embeddable":true,"href":"http:\/\/www.susannavaris.com\/blogg\/wp-json\/wp\/v2\/tags?post=7129"}],"curies":[{"name":"wp","href":"https:\/\/api.w.org\/{rel}","templated":true}]}}