{"id":7142,"date":"2012-09-21T17:55:25","date_gmt":"2012-09-21T15:55:25","guid":{"rendered":"http:\/\/www.susannavaris.com\/blogg\/?p=7142"},"modified":"2012-09-21T17:55:25","modified_gmt":"2012-09-21T15:55:25","slug":"hemma-skrotar-och-rotar","status":"publish","type":"post","link":"http:\/\/www.susannavaris.com\/blogg\/2012\/09\/hemma-skrotar-och-rotar\/","title":{"rendered":"Hemma, skrotar och rotar"},"content":{"rendered":"<p>Idag har jag varit n\u00e5got piggare efter att ha legat d\u00e4ckad st\u00f6rre delen av veckan i feber av varierande grad, ont i kroppen och ont i huvudet. Jag har till och med orkat forts\u00e4tta p\u00e5 mitt projekt med att bli av med s\u00e5 mycket saker som m\u00f6jligt f\u00f6r att kunna flytta till mindre.<\/p>\n<p style=\"text-align: center;\"><a href=\"http:\/\/www.susannavaris.com\/blogg\/wp-content\/uploads\/2012\/09\/DSC_0295-50.jpg\"><img loading=\"lazy\" decoding=\"async\" class=\"aligncenter size-large wp-image-7143\" title=\"DSC_0295-50\" src=\"http:\/\/www.susannavaris.com\/blogg\/wp-content\/uploads\/2012\/09\/DSC_0295-50-1024x1022.jpg\" alt=\"\" width=\"640\" height=\"638\" srcset=\"http:\/\/www.susannavaris.com\/blogg\/wp-content\/uploads\/2012\/09\/DSC_0295-50-1024x1022.jpg 1024w, http:\/\/www.susannavaris.com\/blogg\/wp-content\/uploads\/2012\/09\/DSC_0295-50-150x150.jpg 150w, http:\/\/www.susannavaris.com\/blogg\/wp-content\/uploads\/2012\/09\/DSC_0295-50-300x300.jpg 300w, http:\/\/www.susannavaris.com\/blogg\/wp-content\/uploads\/2012\/09\/DSC_0295-50.jpg 1427w\" sizes=\"auto, (max-width: 640px) 100vw, 640px\" \/><\/a><em>\u00a0Det h\u00e4r brevpappret fick jag av min gudmor n\u00e4r jag var liten. Jag skrev mycket brev, ofta till v\u00e4nner som blivit kvar i st\u00e4der (eller l\u00e4nder) som vi hade flyttat ifr\u00e5n. Nu anv\u00e4nde jag sista bladet till att skriva till ett av mina fadderbarn.<\/em><\/p>\n<p style=\"text-align: center;\">Jag tror att jag har haft m\u00e5nga saker f\u00f6r att skapa mig en trygghet, f\u00f6r att jag har k\u00e4nt att oavsett var vi bott s\u00e5 har jag \u00e4nd\u00e5 haft dessa saker. En del har f\u00e5tt st\u00e5 f\u00f6r olika m\u00e4nniskor som jag inte har haft i min n\u00e4rhet. De har varit en slags trygghet. En annan del av sakerna \u00e4r den uppfostran jag f\u00e5tt, framf\u00f6rallt hos morfar; ingenting f\u00e5r sl\u00e4ngas, allt g\u00e5r att anv\u00e4nda till n\u00e5gonting annat. Ett arv fr\u00e5n fattigare och krigsdrabbade tider.<\/p>\n<p style=\"text-align: center;\">Sakta men s\u00e4kert har jag \u00e4nd\u00e5 b\u00f6rjat g\u00f6ra mig av med dem och \u00e4r numera ganska duktig, enligt mig sj\u00e4lv.<\/p>\n<p style=\"text-align: center;\"><a href=\"http:\/\/www.susannavaris.com\/blogg\/wp-content\/uploads\/2012\/09\/Anita-oil-1987-text-50.jpg\"><img loading=\"lazy\" decoding=\"async\" class=\"aligncenter size-full wp-image-7144\" title=\"Anita oil 1987 text 50\" src=\"http:\/\/www.susannavaris.com\/blogg\/wp-content\/uploads\/2012\/09\/Anita-oil-1987-text-50.jpg\" alt=\"\" width=\"680\" height=\"896\" srcset=\"http:\/\/www.susannavaris.com\/blogg\/wp-content\/uploads\/2012\/09\/Anita-oil-1987-text-50.jpg 680w, http:\/\/www.susannavaris.com\/blogg\/wp-content\/uploads\/2012\/09\/Anita-oil-1987-text-50-227x300.jpg 227w\" sizes=\"auto, (max-width: 680px) 100vw, 680px\" \/><\/a>\u00a0<em>Ett portr\u00e4tt som jag ska ge till den som det f\u00f6rest\u00e4ller, en gammal v\u00e4n. Det kan vara dags f\u00f6r det nu. Om hon vill ha den&#8230;<\/em><\/p>\n<p style=\"text-align: center;\">S\u00e5 ett antal samlingar b\u00f6rjar materialisera sig i h\u00f6rnen: en till Tradera, en till V\u00e5rby loppis f\u00f6r f\u00f6rs\u00e4ljning, en till loppisen h\u00e4r f\u00f6r dem att s\u00e4lja. En s\u00e4ngram som ska upp p\u00e5 Blocket&#8230;<\/p>\n<p style=\"text-align: center;\">&#8230;s\u00e5 sk\u00f6nt att g\u00f6ra sig av med \u00f6verfl\u00f6diga saker!<\/p>\n","protected":false},"excerpt":{"rendered":"<p>Idag har jag varit n\u00e5got piggare efter att ha legat d\u00e4ckad st\u00f6rre delen av veckan i feber av varierande grad, ont i kroppen och ont i huvudet. Jag har till och med orkat forts\u00e4tta p\u00e5 mitt projekt med att bli &hellip; <a href=\"http:\/\/www.susannavaris.com\/blogg\/2012\/09\/hemma-skrotar-och-rotar\/\">Forts\u00e4tt l\u00e4sa <span class=\"meta-nav\">&rarr;<\/span><\/a><\/p>\n","protected":false},"author":1,"featured_media":0,"comment_status":"open","ping_status":"open","sticky":false,"template":"","format":"standard","meta":{"footnotes":""},"categories":[7,1200,3,1162,1],"tags":[2328,418,2330,2326,2327,17,2329,1521,62,1852,47],"class_list":["post-7142","post","type-post","status-publish","format-standard","hentry","category-egna-verk","category-fran-arkiven","category-konst","category-kultur","category-okategoriserade","tag-anita","tag-art","tag-blocket","tag-fadder","tag-fadderbarn","tag-konst-2","tag-loppis","tag-olja","tag-oljemalning","tag-portratt","tag-tradera"],"_links":{"self":[{"href":"http:\/\/www.susannavaris.com\/blogg\/wp-json\/wp\/v2\/posts\/7142","targetHints":{"allow":["GET"]}}],"collection":[{"href":"http:\/\/www.susannavaris.com\/blogg\/wp-json\/wp\/v2\/posts"}],"about":[{"href":"http:\/\/www.susannavaris.com\/blogg\/wp-json\/wp\/v2\/types\/post"}],"author":[{"embeddable":true,"href":"http:\/\/www.susannavaris.com\/blogg\/wp-json\/wp\/v2\/users\/1"}],"replies":[{"embeddable":true,"href":"http:\/\/www.susannavaris.com\/blogg\/wp-json\/wp\/v2\/comments?post=7142"}],"version-history":[{"count":4,"href":"http:\/\/www.susannavaris.com\/blogg\/wp-json\/wp\/v2\/posts\/7142\/revisions"}],"predecessor-version":[{"id":7148,"href":"http:\/\/www.susannavaris.com\/blogg\/wp-json\/wp\/v2\/posts\/7142\/revisions\/7148"}],"wp:attachment":[{"href":"http:\/\/www.susannavaris.com\/blogg\/wp-json\/wp\/v2\/media?parent=7142"}],"wp:term":[{"taxonomy":"category","embeddable":true,"href":"http:\/\/www.susannavaris.com\/blogg\/wp-json\/wp\/v2\/categories?post=7142"},{"taxonomy":"post_tag","embeddable":true,"href":"http:\/\/www.susannavaris.com\/blogg\/wp-json\/wp\/v2\/tags?post=7142"}],"curies":[{"name":"wp","href":"https:\/\/api.w.org\/{rel}","templated":true}]}}