{"id":715,"date":"2011-06-09T19:50:58","date_gmt":"2011-06-09T17:50:58","guid":{"rendered":"http:\/\/www.susannavaris.com\/blogg\/?p=715"},"modified":"2023-02-13T19:05:09","modified_gmt":"2023-02-13T18:05:09","slug":"hundportratt","status":"publish","type":"post","link":"http:\/\/www.susannavaris.com\/blogg\/2011\/06\/hundportratt\/","title":{"rendered":"Hundportr\u00e4tt"},"content":{"rendered":"\n<p>Jag h\u00e5ller p\u00e5 med, vad jag kan minnas, mitt f\u00f6rsta hundportr\u00e4tt n\u00e5gonsin. Googlade p\u00e5 lite inspiration, men den kommer nog att bli en mer traditionell avbildning. Jag k\u00e4nner varken hunden eller \u00e4garinnan egentligen och vet inte vad det \u00e4r f\u00f6r sorts jycke. Vad tycker den om? Har den n\u00e5gra speciella intressen? Favoritmat? Favoritf\u00e4rg? Jag f\u00e5r nog h\u00f6ra efter&#8230;<\/p>\n\n\n<div class=\"wp-block-image\">\n<figure class=\"aligncenter size-large\"><img loading=\"lazy\" decoding=\"async\" width=\"1024\" height=\"1024\" src=\"http:\/\/www.susannavaris.com\/blogg\/wp-content\/uploads\/2023\/02\/Bild-borttagen-2-1024x1024.jpg\" alt=\"\" class=\"wp-image-17623\" title=\"doghotdigitaldogc\" srcset=\"http:\/\/www.susannavaris.com\/blogg\/wp-content\/uploads\/2023\/02\/Bild-borttagen-2-1024x1024.jpg 1024w, http:\/\/www.susannavaris.com\/blogg\/wp-content\/uploads\/2023\/02\/Bild-borttagen-2-300x300.jpg 300w, http:\/\/www.susannavaris.com\/blogg\/wp-content\/uploads\/2023\/02\/Bild-borttagen-2-150x150.jpg 150w, http:\/\/www.susannavaris.com\/blogg\/wp-content\/uploads\/2023\/02\/Bild-borttagen-2-768x768.jpg 768w, http:\/\/www.susannavaris.com\/blogg\/wp-content\/uploads\/2023\/02\/Bild-borttagen-2-1536x1536.jpg 1536w, http:\/\/www.susannavaris.com\/blogg\/wp-content\/uploads\/2023\/02\/Bild-borttagen-2-2048x2048.jpg 2048w\" sizes=\"auto, (max-width: 1024px) 100vw, 1024px\" \/><\/figure>\n<\/div>","protected":false},"excerpt":{"rendered":"<p>Jag h\u00e5ller p\u00e5 med, vad jag kan minnas, mitt f\u00f6rsta hundportr\u00e4tt n\u00e5gonsin. Googlade p\u00e5 lite inspiration, men den kommer nog att bli en mer traditionell avbildning. Jag k\u00e4nner varken hunden eller \u00e4garinnan egentligen och vet inte vad det \u00e4r f\u00f6r &hellip; <a href=\"http:\/\/www.susannavaris.com\/blogg\/2011\/06\/hundportratt\/\">Forts\u00e4tt l\u00e4sa <span class=\"meta-nav\">&rarr;<\/span><\/a><\/p>\n","protected":false},"author":1,"featured_media":717,"comment_status":"open","ping_status":"open","sticky":false,"template":"","format":"standard","meta":{"footnotes":""},"categories":[13,1],"tags":[218,217,216],"class_list":["post-715","post","type-post","status-publish","format-standard","has-post-thumbnail","hentry","category-inspiration","category-okategoriserade","tag-dog","tag-hund","tag-hundportratt"],"_links":{"self":[{"href":"http:\/\/www.susannavaris.com\/blogg\/wp-json\/wp\/v2\/posts\/715","targetHints":{"allow":["GET"]}}],"collection":[{"href":"http:\/\/www.susannavaris.com\/blogg\/wp-json\/wp\/v2\/posts"}],"about":[{"href":"http:\/\/www.susannavaris.com\/blogg\/wp-json\/wp\/v2\/types\/post"}],"author":[{"embeddable":true,"href":"http:\/\/www.susannavaris.com\/blogg\/wp-json\/wp\/v2\/users\/1"}],"replies":[{"embeddable":true,"href":"http:\/\/www.susannavaris.com\/blogg\/wp-json\/wp\/v2\/comments?post=715"}],"version-history":[{"count":5,"href":"http:\/\/www.susannavaris.com\/blogg\/wp-json\/wp\/v2\/posts\/715\/revisions"}],"predecessor-version":[{"id":17711,"href":"http:\/\/www.susannavaris.com\/blogg\/wp-json\/wp\/v2\/posts\/715\/revisions\/17711"}],"wp:featuredmedia":[{"embeddable":true,"href":"http:\/\/www.susannavaris.com\/blogg\/wp-json\/wp\/v2\/media\/717"}],"wp:attachment":[{"href":"http:\/\/www.susannavaris.com\/blogg\/wp-json\/wp\/v2\/media?parent=715"}],"wp:term":[{"taxonomy":"category","embeddable":true,"href":"http:\/\/www.susannavaris.com\/blogg\/wp-json\/wp\/v2\/categories?post=715"},{"taxonomy":"post_tag","embeddable":true,"href":"http:\/\/www.susannavaris.com\/blogg\/wp-json\/wp\/v2\/tags?post=715"}],"curies":[{"name":"wp","href":"https:\/\/api.w.org\/{rel}","templated":true}]}}