{"id":7159,"date":"2012-09-23T12:54:51","date_gmt":"2012-09-23T10:54:51","guid":{"rendered":"http:\/\/www.susannavaris.com\/blogg\/?p=7159"},"modified":"2012-09-23T21:17:45","modified_gmt":"2012-09-23T19:17:45","slug":"hen-eller-tom-o","status":"publish","type":"post","link":"http:\/\/www.susannavaris.com\/blogg\/2012\/09\/hen-eller-tom-o\/","title":{"rendered":"Hen eller tom o?"},"content":{"rendered":"<p style=\"text-align: center;\"><a href=\"http:\/\/www.susannavaris.com\/blogg\/wp-content\/uploads\/2012\/09\/annsofiebremersignel\u00f6nngren.png\"><img loading=\"lazy\" decoding=\"async\" class=\"aligncenter size-full wp-image-7160\" title=\"annsofiebremersignel\u00f6nngren\" src=\"http:\/\/www.susannavaris.com\/blogg\/wp-content\/uploads\/2012\/09\/annsofiebremersignel\u00f6nngren.png\" alt=\"\" width=\"616\" height=\"260\" srcset=\"http:\/\/www.susannavaris.com\/blogg\/wp-content\/uploads\/2012\/09\/annsofiebremersignel\u00f6nngren.png 616w, http:\/\/www.susannavaris.com\/blogg\/wp-content\/uploads\/2012\/09\/annsofiebremersignel\u00f6nngren-300x126.png 300w\" sizes=\"auto, (max-width: 616px) 100vw, 616px\" \/><\/a>\u00a0<em>Ann-Sofie L\u00f6nngren och Signe Bremer. Foto fr\u00e5n Newsmill<\/em><\/p>\n<p>Nej, jag har inte blivit mer tokig \u00e4n normalt, jag funderar bara. I en kommentar p\u00e5 en k\u00e4nd j\u00e4mst\u00e4lldhetsblogg kunde jag l\u00e4sa att det i turkiskan existerar ett gemensamt pronomen f\u00f6r han, hon, den, det: o.<\/p>\n<p>Det vore v\u00e4l att f\u00f6redra? Eftersom pronomina enligt nya uppgifter bidrar till \u00f6kat v\u00e4lm\u00e5ende och motverkar v\u00e5ld:<\/p>\n<p><a href=\"http:\/\/www.newsmill.se\/artikel\/2012\/09\/17\/dagens-nyheter-underbl-ser-hatet-mot-feminister?utm_source=Newsmills\">http:\/\/www.newsmill.se\/artikel\/2012\/09\/17\/dagens-nyheter-underbl-ser-hatet-mot-feminister?utm_source=Newsmills<\/a><\/p>\n<p><em>&#8221;Syftet med detta \u00e4r naturligtvis \u00f6kad r\u00e4ttvisa, \u00f6kat v\u00e4lm\u00e5ende, mindre v\u00e5ld och st\u00f6rre valfrihet \u2013 f\u00f6r alla.&#8221;<\/em><\/p>\n<p>Skriver tv\u00e5 genusvetare, Ann-Sofie L\u00f6nngren och Signe Bremer. H\u00e4r kan man d\u00e5 st\u00e4lla sig fr\u00e5gan varf\u00f6r man ska exkludera djur och v\u00e4xter fr\u00e5n denna pronomengemenskap? \u00c4r inte de levande och k\u00e4nnande varelser kanske? V\u00e4xters k\u00e4nsloliv kan v\u00e4l fortfarande s\u00e4gas vara n\u00e5got outforskad och obelagd, men verkligheten har v\u00e4l \u00e4nd\u00e5 ingenting med genusvetenskapliga uppfattningar om r\u00e4ttvisa att g\u00f6ra. Kan n\u00e5gon verkligen p\u00e5st\u00e5 sig veta hur transsexuella mor\u00f6tter k\u00e4nner sig? Hur en ekorre som &#8221;g\u00f6r hane&#8221; egentligen innerst inne vill &#8221;g\u00f6ra hona&#8221; och k\u00e4nner sig tillplattad av att st\u00e4ndigt h\u00e4nvisas till detta &#8221;den&#8221;?<\/p>\n<p style=\"text-align: center;\"><a href=\"http:\/\/www.susannavaris.com\/blogg\/wp-content\/uploads\/2012\/09\/morot.jpg\"><img loading=\"lazy\" decoding=\"async\" class=\"aligncenter size-full wp-image-7161\" title=\"morot\" src=\"http:\/\/www.susannavaris.com\/blogg\/wp-content\/uploads\/2012\/09\/morot.jpg\" alt=\"\" width=\"440\" height=\"329\" srcset=\"http:\/\/www.susannavaris.com\/blogg\/wp-content\/uploads\/2012\/09\/morot.jpg 440w, http:\/\/www.susannavaris.com\/blogg\/wp-content\/uploads\/2012\/09\/morot-300x224.jpg 300w\" sizes=\"auto, (max-width: 440px) 100vw, 440px\" \/><\/a>\u00a0<em>Morot g\u00f6r k\u00f6n. Att det onda patriarkatet ska n\u00e4stla sig in precis \u00f6verallt&#8230;<\/em><\/p>\n<p>Ok, slut p\u00e5 raljerandet, men det \u00e4r sv\u00e5rt att ta en artikel som denna p\u00e5 allvar. F\u00f6rskr\u00e4ckelsen infinner sig sedan n\u00e4r man inser att de tv\u00e5 damerna \u00e4r s\u00e5 fast \u00f6vertygade om sitt &#8221;kunskapsf\u00e4lts&#8221; \u00f6verl\u00e4gsenhet att man anser att den b\u00f6r utg\u00f6ra norm \u00e4ven f\u00f6r dagstidningar. (Normkritik, n\u00e5gon?)<\/p>\n<p>Mera seri\u00f6st om detta och om genusvetenskapen som disciplin skriver Anders Lindfors p\u00e5 Newsmill:<\/p>\n<p><a href=\"http:\/\/www.newsmill.se\/artikel\/2012\/09\/19\/topp-genusvetenskapen-f-retr-der-endast-ena-k-net\">http:\/\/www.newsmill.se\/artikel\/2012\/09\/19\/topp-genusvetenskapen-f-retr-der-endast-ena-k-net<\/a><\/p>\n","protected":false},"excerpt":{"rendered":"<p>\u00a0Ann-Sofie L\u00f6nngren och Signe Bremer. Foto fr\u00e5n Newsmill Nej, jag har inte blivit mer tokig \u00e4n normalt, jag funderar bara. I en kommentar p\u00e5 en k\u00e4nd j\u00e4mst\u00e4lldhetsblogg kunde jag l\u00e4sa att det i turkiskan existerar ett gemensamt pronomen f\u00f6r han, &hellip; <a href=\"http:\/\/www.susannavaris.com\/blogg\/2012\/09\/hen-eller-tom-o\/\">Forts\u00e4tt l\u00e4sa <span class=\"meta-nav\">&rarr;<\/span><\/a><\/p>\n","protected":false},"author":1,"featured_media":0,"comment_status":"open","ping_status":"open","sticky":false,"template":"","format":"standard","meta":{"footnotes":""},"categories":[178,181,259,1321,1162,589,1,590,403],"tags":[2336,2333,4899,4903,1332,1685,2334],"class_list":["post-7159","post","type-post","status-publish","format-standard","hentry","category-blodtryckshojare","category-feminism","category-genusvetenskap","category-jamstalldhet","category-kultur","category-medier","category-okategoriserade","category-politik","category-pseudovetenskap","tag-anders-lindfors","tag-ann-sofie-lonngren","tag-genus","tag-genusvetenskap","tag-hen","tag-newsmill","tag-signe-bremer"],"_links":{"self":[{"href":"http:\/\/www.susannavaris.com\/blogg\/wp-json\/wp\/v2\/posts\/7159","targetHints":{"allow":["GET"]}}],"collection":[{"href":"http:\/\/www.susannavaris.com\/blogg\/wp-json\/wp\/v2\/posts"}],"about":[{"href":"http:\/\/www.susannavaris.com\/blogg\/wp-json\/wp\/v2\/types\/post"}],"author":[{"embeddable":true,"href":"http:\/\/www.susannavaris.com\/blogg\/wp-json\/wp\/v2\/users\/1"}],"replies":[{"embeddable":true,"href":"http:\/\/www.susannavaris.com\/blogg\/wp-json\/wp\/v2\/comments?post=7159"}],"version-history":[{"count":5,"href":"http:\/\/www.susannavaris.com\/blogg\/wp-json\/wp\/v2\/posts\/7159\/revisions"}],"predecessor-version":[{"id":7187,"href":"http:\/\/www.susannavaris.com\/blogg\/wp-json\/wp\/v2\/posts\/7159\/revisions\/7187"}],"wp:attachment":[{"href":"http:\/\/www.susannavaris.com\/blogg\/wp-json\/wp\/v2\/media?parent=7159"}],"wp:term":[{"taxonomy":"category","embeddable":true,"href":"http:\/\/www.susannavaris.com\/blogg\/wp-json\/wp\/v2\/categories?post=7159"},{"taxonomy":"post_tag","embeddable":true,"href":"http:\/\/www.susannavaris.com\/blogg\/wp-json\/wp\/v2\/tags?post=7159"}],"curies":[{"name":"wp","href":"https:\/\/api.w.org\/{rel}","templated":true}]}}