{"id":7164,"date":"2012-09-23T15:13:43","date_gmt":"2012-09-23T13:13:43","guid":{"rendered":"http:\/\/www.susannavaris.com\/blogg\/?p=7164"},"modified":"2012-09-23T15:13:43","modified_gmt":"2012-09-23T13:13:43","slug":"btw","status":"publish","type":"post","link":"http:\/\/www.susannavaris.com\/blogg\/2012\/09\/btw\/","title":{"rendered":"Btw&#8230;"},"content":{"rendered":"<p>&#8230;s\u00e5 \u00e5t jag j\u00e4ttenyttigt ig\u00e5r. F\u00e4rska, egenrostade r\u00f6dbetor med fetaost ing\u00e5r i den h\u00e4r gr\u00f6nsakstallriken. Jag brukar blanda quinoa och bulgur, j\u00e4ttenyttigt och mera m\u00e4ttande en bara quinoa.<\/p>\n<p><a href=\"http:\/\/www.susannavaris.com\/blogg\/wp-content\/uploads\/2012\/09\/DSC_0309-50.jpg\"><img loading=\"lazy\" decoding=\"async\" class=\"aligncenter size-large wp-image-7165\" title=\"DSC_0309-50\" src=\"http:\/\/www.susannavaris.com\/blogg\/wp-content\/uploads\/2012\/09\/DSC_0309-50-1024x682.jpg\" alt=\"\" width=\"640\" height=\"426\" srcset=\"http:\/\/www.susannavaris.com\/blogg\/wp-content\/uploads\/2012\/09\/DSC_0309-50-1024x682.jpg 1024w, http:\/\/www.susannavaris.com\/blogg\/wp-content\/uploads\/2012\/09\/DSC_0309-50-300x200.jpg 300w\" sizes=\"auto, (max-width: 640px) 100vw, 640px\" \/><\/a><\/p>\n<p style=\"text-align: center;\">Jag kompenserade dock med ett wienerbr\u00f6d och lite cider p\u00e5 kv\u00e4llen.<\/p>\n<p style=\"text-align: center;\">Och btw&#8230;<\/p>\n<p style=\"text-align: center;\"><a href=\"http:\/\/www.susannavaris.com\/blogg\/wp-content\/uploads\/2012\/09\/DSC_0312-50.jpg\"><img loading=\"lazy\" decoding=\"async\" class=\"aligncenter size-large wp-image-7166\" title=\"DSC_0312-50\" src=\"http:\/\/www.susannavaris.com\/blogg\/wp-content\/uploads\/2012\/09\/DSC_0312-50-1024x682.jpg\" alt=\"\" width=\"640\" height=\"426\" srcset=\"http:\/\/www.susannavaris.com\/blogg\/wp-content\/uploads\/2012\/09\/DSC_0312-50-1024x682.jpg 1024w, http:\/\/www.susannavaris.com\/blogg\/wp-content\/uploads\/2012\/09\/DSC_0312-50-300x200.jpg 300w\" sizes=\"auto, (max-width: 640px) 100vw, 640px\" \/><\/a>\u00a0<a href=\"http:\/\/www.susannavaris.com\/blogg\/wp-content\/uploads\/2012\/09\/DSC_0313-50.jpg\"><img loading=\"lazy\" decoding=\"async\" class=\"aligncenter size-large wp-image-7167\" title=\"DSC_0313-50\" src=\"http:\/\/www.susannavaris.com\/blogg\/wp-content\/uploads\/2012\/09\/DSC_0313-50-682x1024.jpg\" alt=\"\" width=\"640\" height=\"960\" srcset=\"http:\/\/www.susannavaris.com\/blogg\/wp-content\/uploads\/2012\/09\/DSC_0313-50-682x1024.jpg 682w, http:\/\/www.susannavaris.com\/blogg\/wp-content\/uploads\/2012\/09\/DSC_0313-50-200x300.jpg 200w, http:\/\/www.susannavaris.com\/blogg\/wp-content\/uploads\/2012\/09\/DSC_0313-50.jpg 1536w\" sizes=\"auto, (max-width: 640px) 100vw, 640px\" \/><\/a>\u00a0 &#8230;s\u00e5 gillar ekonomiprofessorn och f\u00f6rfattaren Micael Dahl\u00e9n min konst!<\/p>\n<p style=\"text-align: center;\">Vi tr\u00e4ffades ju h\u00e4romveckan p\u00e5 ett event och jag ber\u00e4ttade att jag var s\u00e5 nyfiken p\u00e5 hans b\u00f6cker och hade precis nyligen skaffat mig Nextopia. Och nu fick jag den h\u00e4r fina, signerade varianten av Monster!<\/p>\n<p style=\"text-align: center;\"><a href=\"http:\/\/www.susannavaris.com\/blogg\/wp-content\/uploads\/2012\/09\/DSC_0034-50.jpg\"><img loading=\"lazy\" decoding=\"async\" class=\"aligncenter size-large wp-image-7168\" title=\"DSC_0034-50\" src=\"http:\/\/www.susannavaris.com\/blogg\/wp-content\/uploads\/2012\/09\/DSC_0034-50-744x1024.jpg\" alt=\"\" width=\"640\" height=\"880\" srcset=\"http:\/\/www.susannavaris.com\/blogg\/wp-content\/uploads\/2012\/09\/DSC_0034-50-744x1024.jpg 744w, http:\/\/www.susannavaris.com\/blogg\/wp-content\/uploads\/2012\/09\/DSC_0034-50.jpg 1536w\" sizes=\"auto, (max-width: 640px) 100vw, 640px\" \/><\/a>\u00a0 Dessutom skrev han till mig s\u00e5 h\u00e4r fint p\u00e5 Facebook, n\u00e4r jag hade skickat en l\u00e4nk till min hemsida:<\/p>\n<p style=\"text-align: center;\"><em>&#8221;&#8230;din konst \u00e4r helt fantastisk. \u00c4lskar den.&#8221;\u00a0<\/em><\/p>\n<p style=\"text-align: center;\">S\u00e5 nu sitter jag och spricker av stolthet och gl\u00e4dje! Tack Micael!<\/p>\n","protected":false},"excerpt":{"rendered":"<p>&#8230;s\u00e5 \u00e5t jag j\u00e4ttenyttigt ig\u00e5r. F\u00e4rska, egenrostade r\u00f6dbetor med fetaost ing\u00e5r i den h\u00e4r gr\u00f6nsakstallriken. Jag brukar blanda quinoa och bulgur, j\u00e4ttenyttigt och mera m\u00e4ttande en bara quinoa. Jag kompenserade dock med ett wienerbr\u00f6d och lite cider p\u00e5 kv\u00e4llen. Och &hellip; <a href=\"http:\/\/www.susannavaris.com\/blogg\/2012\/09\/btw\/\">Forts\u00e4tt l\u00e4sa <span class=\"meta-nav\">&rarr;<\/span><\/a><\/p>\n","protected":false},"author":1,"featured_media":0,"comment_status":"open","ping_status":"open","sticky":false,"template":"","format":"standard","meta":{"footnotes":""},"categories":[1364,555,3,1162,1],"tags":[17,2266,2278,2277],"class_list":["post-7164","post","type-post","status-publish","format-standard","hentry","category-bocker","category-events","category-konst","category-kultur","category-okategoriserade","tag-konst-2","tag-micael-dahlen","tag-monster","tag-nextopia"],"_links":{"self":[{"href":"http:\/\/www.susannavaris.com\/blogg\/wp-json\/wp\/v2\/posts\/7164","targetHints":{"allow":["GET"]}}],"collection":[{"href":"http:\/\/www.susannavaris.com\/blogg\/wp-json\/wp\/v2\/posts"}],"about":[{"href":"http:\/\/www.susannavaris.com\/blogg\/wp-json\/wp\/v2\/types\/post"}],"author":[{"embeddable":true,"href":"http:\/\/www.susannavaris.com\/blogg\/wp-json\/wp\/v2\/users\/1"}],"replies":[{"embeddable":true,"href":"http:\/\/www.susannavaris.com\/blogg\/wp-json\/wp\/v2\/comments?post=7164"}],"version-history":[{"count":2,"href":"http:\/\/www.susannavaris.com\/blogg\/wp-json\/wp\/v2\/posts\/7164\/revisions"}],"predecessor-version":[{"id":7170,"href":"http:\/\/www.susannavaris.com\/blogg\/wp-json\/wp\/v2\/posts\/7164\/revisions\/7170"}],"wp:attachment":[{"href":"http:\/\/www.susannavaris.com\/blogg\/wp-json\/wp\/v2\/media?parent=7164"}],"wp:term":[{"taxonomy":"category","embeddable":true,"href":"http:\/\/www.susannavaris.com\/blogg\/wp-json\/wp\/v2\/categories?post=7164"},{"taxonomy":"post_tag","embeddable":true,"href":"http:\/\/www.susannavaris.com\/blogg\/wp-json\/wp\/v2\/tags?post=7164"}],"curies":[{"name":"wp","href":"https:\/\/api.w.org\/{rel}","templated":true}]}}