{"id":7171,"date":"2012-09-23T18:14:00","date_gmt":"2012-09-23T16:14:00","guid":{"rendered":"http:\/\/www.susannavaris.com\/blogg\/?p=7171"},"modified":"2012-09-24T09:34:34","modified_gmt":"2012-09-24T07:34:34","slug":"mera-funderingar-kring-genus","status":"publish","type":"post","link":"http:\/\/www.susannavaris.com\/blogg\/2012\/09\/mera-funderingar-kring-genus\/","title":{"rendered":"Mera funderingar kring genus"},"content":{"rendered":"<p><a href=\"http:\/\/www.susannavaris.com\/blogg\/wp-content\/uploads\/2012\/09\/full.jpg\"><img loading=\"lazy\" decoding=\"async\" class=\"aligncenter size-full wp-image-7179\" title=\"full\" src=\"http:\/\/www.susannavaris.com\/blogg\/wp-content\/uploads\/2012\/09\/full.jpg\" alt=\"\" width=\"550\" height=\"649\" srcset=\"http:\/\/www.susannavaris.com\/blogg\/wp-content\/uploads\/2012\/09\/full.jpg 550w, http:\/\/www.susannavaris.com\/blogg\/wp-content\/uploads\/2012\/09\/full-254x300.jpg 254w\" sizes=\"auto, (max-width: 550px) 100vw, 550px\" \/><\/a><\/p>\n<p>Jag r\u00e5kade se ett par inslag fr\u00e5n n\u00e5gonting som heter Musikliv i Balans, en konferens anordnad av Statens Musikverk ig\u00e5r p\u00e5 SVT. D\u00e4r f\u00f6rklarade \u00c5sa Bergman fr\u00e5n genusvetenskapliga institutionen p\u00e5 G\u00f6teborgs Universitet begreppet genus. Det gick ungef\u00e4r ut p\u00e5 att genus \u00e4r inte detsamma som biologiskt k\u00f6n. Genus \u00e4r n\u00e5gonting vi g\u00f6r. Vi g\u00f6r k\u00f6n (och d\u00e5 \u00e4r ju inte genus detsamma som k\u00f6n). Genusvetarna kodar in allt de kommer \u00e5t i manligt eller kvinnligt kodade f\u00f6reteelser, saker eller beteenden. Alla kan g\u00f6ra b\u00e5de manligt och kvinnligt k\u00f6n. F\u00f6r att ytterligare f\u00f6rtydliga och precisera det hela (obs! ironi), kan b\u00e5de manligt och kvinnligt k\u00f6ng\u00f6rande se ut p\u00e5 olika s\u00e4tt.<\/p>\n<p>(Enligt mig har en s\u00e5dan h\u00e4r definition ingen som helst praktisk anv\u00e4ndning. Den s\u00e4ger kort och gott inget om n\u00e5got.)<\/p>\n<p>Man har allts\u00e5 f\u00f6rflyttat k\u00f6net, som man v\u00e4ljer att kalla genus, fr\u00e5n det biologiska varat till n\u00e5gonting som g\u00f6rs, antagligen f\u00f6r att f\u00e5 ihop teorin om att k\u00f6net \u00e4r en social konstruktion. Det biologiska k\u00f6net existerar fortfarande, men man v\u00e4ljer att bortse ifr\u00e5n det och ibland mumla n\u00e5got f\u00f6rpliktigande om att det sociala k\u00f6net, genus, \u00e4r allt det andra ut\u00f6ver det biologiska k\u00f6net. (Men ingenstans analyseras huruvida det finns biologiska f\u00f6rklaringar till n\u00e5gonting, eftersom man har best\u00e4mt att s\u00e5dant inte finns eller \u00e4r irrelevant.)<\/p>\n<p>Det \u00e4r allts\u00e5 j\u00e4tteviktigt, eftersom k\u00f6n inte ska spela n\u00e5gon roll, klassificera allt i ordningarna kvinnligt\/manligt, f\u00f6r att sedan kunna bed\u00f6ma n\u00e4r, om och hur n\u00e5gon g\u00f6r respektive.<\/p>\n<p>Blir inte det h\u00e4r bara en utvidgning av det man fr\u00e5n b\u00f6rjan ville bek\u00e4mpa, dvs att kvinnor och m\u00e4n ska placeras i fack p\u00e5 grundval av sina k\u00f6n. H\u00e4r uppfinner man tv\u00e5 kategorier som \u00e4r p\u00e5fallande lika de tv\u00e5 k\u00f6nen vi hittills haft och s\u00e4tter ig\u00e5ng med en universalkatalogisering av allt f\u00f6r att just kunna etikettera precis allt i de tv\u00e5 genusen. Som man dessutom s\u00e4ger sig vilja avskaffa (om de nu ens fanns fr\u00e5n f\u00f6rsta b\u00f6rjan, enligt samma id\u00e9tradition). Vi minns ju alla genustrumpeten:<\/p>\n<p><a href=\"http:\/\/www.susannavaris.com\/blogg\/2011\/09\/en-trumpet-ar-inte-alltid-en-trumpet\/\">http:\/\/www.susannavaris.com\/blogg\/2011\/09\/en-trumpet-ar-inte-alltid-en-trumpet\/<\/a><\/p>\n<p>En annan fr\u00e5ga man kan st\u00e4lla sig \u00e4r ju hur l\u00e4nge saker, g\u00f6randen och f\u00f6reteelser \u00e4r manligt respektive kvinnligt kodade? Vem best\u00e4mmer det? Kan vi se fram emot en \u00e5rlig katalog av typen den som det stora varuhuset ger ut, d\u00e4r allt finns uppr\u00e4knat? Eller en i stil med SAOL? Utgivet av Statens Genusverk?<\/p>\n<p>Sedan s\u00e5g jag p\u00e5 inledningstalet f\u00f6r hela konferensen. D\u00e4r ber\u00e4ttar man om det genussystem vi lever med (enligt genusvetarna, \u00e5terigen). Detta bygger p\u00e5 \u00e5tskillnad och hierarki och man h\u00e4mtar ett exempel fr\u00e5n teaterns v\u00e4rld, m\u00e4nnen jobbar med ljuss\u00e4ttning, kvinnorna i sminket. Men om nu genus inte hade med k\u00f6n att g\u00f6ra utan \u00e4r n\u00e5got vi g\u00f6r&#8230;? Hur ska en person som jobbar med ljuss\u00e4ttning, kvinna eller man, g\u00f6ra f\u00f6r att inte g\u00f6ra manligt kodat k\u00f6n, allts\u00e5 utf\u00f6ra en syssla som genusvetarna definierat som manligt kodad (eller kvinnligt kodad, f\u00f6r den delen)? Varf\u00f6r blir det pl\u00f6tsligt viktigt att se till biologiskt k\u00f6n? \u00c4r den slutliga utopin att varje individ g\u00f6r exakt 50 % manligt k\u00f6n och 50 % kvinnligt k\u00f6n? Varf\u00f6r spelar en individs biologiska k\u00f6n roll i n\u00e5got sammanhang om det nu \u00e4r frikopplat fr\u00e5n dessa socialt konstruerade k\u00f6ng\u00f6randen?<\/p>\n<p>(F\u00f6rresten jo, nu vet jag! Det biologiska k\u00f6net spelar roll om det handlar om j\u00e4mst\u00e4lldhet. D\u00e5 \u00e4r det av yttersta vikt att det just finns 50 % biologiska kvinnor och 50 % biologiska m\u00e4n i alla sammanhang.)<\/p>\n<p>Musikliv i Balans:<\/p>\n<p><a href=\"http:\/\/www.statensmusikverk.se\/tag\/musikliv-i-balans\/\">http:\/\/www.statensmusikverk.se\/tag\/musikliv-i-balans\/<\/a><\/p>\n<p>Vanja Hermele inviger:<\/p>\n<p><a href=\"http:\/\/www.youtube.com\/watch?v=ZCy_GrZoCbA\">http:\/\/www.youtube.com\/watch?v=ZCy_GrZoCbA<\/a><\/p>\n<p>Panelsamtal fr\u00e5n samma konferens, intressant t ex f\u00f6r oss som hade sv\u00e5rt att hitta statistik p\u00e5 hur m\u00e5nga kvinnliga artister eller musikut\u00f6vare som finns i landet:<\/p>\n<p><a href=\"http:\/\/www.youtube.com\/watch?v=4iFK0pCloRs\">http:\/\/www.youtube.com\/watch?v=4iFK0pCloRs<\/a><\/p>\n<p>&nbsp;<\/p>\n<p>&nbsp;<\/p>\n","protected":false},"excerpt":{"rendered":"<p>Jag r\u00e5kade se ett par inslag fr\u00e5n n\u00e5gonting som heter Musikliv i Balans, en konferens anordnad av Statens Musikverk ig\u00e5r p\u00e5 SVT. D\u00e4r f\u00f6rklarade \u00c5sa Bergman fr\u00e5n genusvetenskapliga institutionen p\u00e5 G\u00f6teborgs Universitet begreppet genus. Det gick ungef\u00e4r ut p\u00e5 att &hellip; <a href=\"http:\/\/www.susannavaris.com\/blogg\/2012\/09\/mera-funderingar-kring-genus\/\">Forts\u00e4tt l\u00e4sa <span class=\"meta-nav\">&rarr;<\/span><\/a><\/p>\n","protected":false},"author":1,"featured_media":0,"comment_status":"open","ping_status":"open","sticky":false,"template":"","format":"standard","meta":{"footnotes":""},"categories":[181,259,1321,1162,994,1,590,403,384],"tags":[4899,4903,4918,4915,2335,691,692],"class_list":["post-7171","post","type-post","status-publish","format-standard","hentry","category-feminism","category-genusvetenskap","category-jamstalldhet","category-kultur","category-musik","category-okategoriserade","category-politik","category-pseudovetenskap","category-tv","tag-genus","tag-genusvetenskap","tag-jamstalldhet","tag-musik","tag-musikliv-i-balans","tag-trumpet","tag-verena-barth"],"_links":{"self":[{"href":"http:\/\/www.susannavaris.com\/blogg\/wp-json\/wp\/v2\/posts\/7171","targetHints":{"allow":["GET"]}}],"collection":[{"href":"http:\/\/www.susannavaris.com\/blogg\/wp-json\/wp\/v2\/posts"}],"about":[{"href":"http:\/\/www.susannavaris.com\/blogg\/wp-json\/wp\/v2\/types\/post"}],"author":[{"embeddable":true,"href":"http:\/\/www.susannavaris.com\/blogg\/wp-json\/wp\/v2\/users\/1"}],"replies":[{"embeddable":true,"href":"http:\/\/www.susannavaris.com\/blogg\/wp-json\/wp\/v2\/comments?post=7171"}],"version-history":[{"count":15,"href":"http:\/\/www.susannavaris.com\/blogg\/wp-json\/wp\/v2\/posts\/7171\/revisions"}],"predecessor-version":[{"id":7192,"href":"http:\/\/www.susannavaris.com\/blogg\/wp-json\/wp\/v2\/posts\/7171\/revisions\/7192"}],"wp:attachment":[{"href":"http:\/\/www.susannavaris.com\/blogg\/wp-json\/wp\/v2\/media?parent=7171"}],"wp:term":[{"taxonomy":"category","embeddable":true,"href":"http:\/\/www.susannavaris.com\/blogg\/wp-json\/wp\/v2\/categories?post=7171"},{"taxonomy":"post_tag","embeddable":true,"href":"http:\/\/www.susannavaris.com\/blogg\/wp-json\/wp\/v2\/tags?post=7171"}],"curies":[{"name":"wp","href":"https:\/\/api.w.org\/{rel}","templated":true}]}}