{"id":7207,"date":"2012-09-26T10:04:27","date_gmt":"2012-09-26T08:04:27","guid":{"rendered":"http:\/\/www.susannavaris.com\/blogg\/?p=7207"},"modified":"2012-09-26T10:05:09","modified_gmt":"2012-09-26T08:05:09","slug":"the-unembodied-self","status":"publish","type":"post","link":"http:\/\/www.susannavaris.com\/blogg\/2012\/09\/the-unembodied-self\/","title":{"rendered":"The Unembodied Self"},"content":{"rendered":"<p style=\"text-align: center;\"><a href=\"http:\/\/www.susannavaris.com\/blogg\/wp-content\/uploads\/2012\/09\/theunembodiedself.jpg\"><img loading=\"lazy\" decoding=\"async\" class=\"aligncenter size-full wp-image-7208\" title=\"theunembodiedself\" src=\"http:\/\/www.susannavaris.com\/blogg\/wp-content\/uploads\/2012\/09\/theunembodiedself.jpg\" alt=\"\" width=\"360\" height=\"360\" srcset=\"http:\/\/www.susannavaris.com\/blogg\/wp-content\/uploads\/2012\/09\/theunembodiedself.jpg 360w, http:\/\/www.susannavaris.com\/blogg\/wp-content\/uploads\/2012\/09\/theunembodiedself-150x150.jpg 150w, http:\/\/www.susannavaris.com\/blogg\/wp-content\/uploads\/2012\/09\/theunembodiedself-300x300.jpg 300w\" sizes=\"auto, (max-width: 360px) 100vw, 360px\" \/><\/a>\u00a0<em>The Unembodied Self<\/em><\/p>\n<p>&#8230;heter en m\u00e5lning av Marilyn Manson. Den finns i 500 ex och g\u00e5r att k\u00f6pa i ett vip-paket som kommer att finnas till Twins of Evil-turn\u00e9en. Det ing\u00e5r \u00e4ven annat, samt att man f\u00e5r tr\u00e4ffa stj\u00e4rnan, fotografera och f\u00e5 autografer.<\/p>\n<p>Sj\u00e4lvklart har jag slagit till p\u00e5 det paketet, konst kan vara en bra investering. F\u00f6rutom att jag d\u00e5 ocks\u00e5 f\u00e5r tillf\u00e4lle att tr\u00e4ffa min stora inspirationsk\u00e4lla (j\u00e4msides med Mia M\u00e4kil\u00e4). Uffe f\u00e5r f\u00f6lja med, jag kan beh\u00f6va b\u00e4ras d\u00e4rifr\u00e5n eller f\u00e5 luktsalt serverat. Jag kommer att bli s\u00e5 starstruck s\u00e5 att begreppet kommer att beh\u00f6va omdefinieras.<\/p>\n<p>S\u00e5 h\u00e4r f\u00e5nig \u00e4r jag fortfarande i min aktningsv\u00e4rda \u00e5lder av 44 \u00e5r.<\/p>\n<p>Till mitt f\u00f6rsvar f\u00e5r jag s\u00e4ga att Marilyn Mansons konst och artisteri hade en enorm p\u00e5verkan p\u00e5 mig i slutet av 2007 och under 2008, d\u00e5 jag efter den 14 \u00e5r l\u00e5nga pausen \u00e4ntligen kom ig\u00e5ng med skapandet igen. Det g\u00e5r inte ens att beskriva. jag vet inte vad som h\u00e4nde, men n\u00e5gonting med konserten 2007 slog an en nerv p\u00e5 ett fruktansv\u00e4rt starkt s\u00e4tt. N\u00e4r jag sedan tog in hela hans karri\u00e4r dittills (som jag varit alldeles f\u00f6r uppslukad av ett mycket destruktivt f\u00f6rh\u00e5llande f\u00f6r att ens ta notis av n\u00e4r det begav sig), blev jag begeistrad och inspirerad i \u00e5ratal. Och det forts\u00e4tter \u00e4n. Den v\u00e4rsta dimman har lagt sig, men nog \u00e4r han en av mina allra st\u00f6rsta inspirat\u00f6rer fortfarande.<\/p>\n<p>Allt detta ing\u00e5r i vip-paketet:<\/p>\n<p>Limited Edition Lithograph of 500 Signed &amp; Numbered in Person by Marilyn Manson: &#8221;The Unembodied Self&#8221;<\/p>\n<p>&#8211; Lithograph is of an original painting by Marilyn Manson entitled &#8221;The Unembodied Self&#8221; painted in 2012. Manson will sign &amp; number the lithograph at the post-show party.<\/p>\n<div>&#8211; Meet Marilyn Manson Post-show<br \/>\n&#8211; Photograph and Signing with Manson<br \/>\n&#8211; Marilyn Manson Mask<br \/>\n&#8211; Exclusive Limited Edition T-shirt<br \/>\n&#8211; Official VIP Laminate<br \/>\n&#8211; Priority Early Entry Show Access<\/div>\n","protected":false},"excerpt":{"rendered":"<p>\u00a0The Unembodied Self &#8230;heter en m\u00e5lning av Marilyn Manson. Den finns i 500 ex och g\u00e5r att k\u00f6pa i ett vip-paket som kommer att finnas till Twins of Evil-turn\u00e9en. Det ing\u00e5r \u00e4ven annat, samt att man f\u00e5r tr\u00e4ffa stj\u00e4rnan, fotografera &hellip; <a href=\"http:\/\/www.susannavaris.com\/blogg\/2012\/09\/the-unembodied-self\/\">Forts\u00e4tt l\u00e4sa <span class=\"meta-nav\">&rarr;<\/span><\/a><\/p>\n","protected":false},"author":1,"featured_media":0,"comment_status":"open","ping_status":"open","sticky":false,"template":"","format":"standard","meta":{"footnotes":""},"categories":[555,1419,3,1162,12,994,1],"tags":[31,17,2346,16,2345,2070,2344],"class_list":["post-7207","post","type-post","status-publish","format-standard","hentry","category-events","category-konsert","category-konst","category-kultur","category-marilyn-manson","category-musik","category-okategoriserade","tag-akvarell","tag-konst-2","tag-litografi","tag-marilyn-manson-2","tag-the-unembodied-self","tag-twins-of-evil","tag-vip-paket"],"_links":{"self":[{"href":"http:\/\/www.susannavaris.com\/blogg\/wp-json\/wp\/v2\/posts\/7207","targetHints":{"allow":["GET"]}}],"collection":[{"href":"http:\/\/www.susannavaris.com\/blogg\/wp-json\/wp\/v2\/posts"}],"about":[{"href":"http:\/\/www.susannavaris.com\/blogg\/wp-json\/wp\/v2\/types\/post"}],"author":[{"embeddable":true,"href":"http:\/\/www.susannavaris.com\/blogg\/wp-json\/wp\/v2\/users\/1"}],"replies":[{"embeddable":true,"href":"http:\/\/www.susannavaris.com\/blogg\/wp-json\/wp\/v2\/comments?post=7207"}],"version-history":[{"count":3,"href":"http:\/\/www.susannavaris.com\/blogg\/wp-json\/wp\/v2\/posts\/7207\/revisions"}],"predecessor-version":[{"id":7211,"href":"http:\/\/www.susannavaris.com\/blogg\/wp-json\/wp\/v2\/posts\/7207\/revisions\/7211"}],"wp:attachment":[{"href":"http:\/\/www.susannavaris.com\/blogg\/wp-json\/wp\/v2\/media?parent=7207"}],"wp:term":[{"taxonomy":"category","embeddable":true,"href":"http:\/\/www.susannavaris.com\/blogg\/wp-json\/wp\/v2\/categories?post=7207"},{"taxonomy":"post_tag","embeddable":true,"href":"http:\/\/www.susannavaris.com\/blogg\/wp-json\/wp\/v2\/tags?post=7207"}],"curies":[{"name":"wp","href":"https:\/\/api.w.org\/{rel}","templated":true}]}}