{"id":7212,"date":"2012-09-26T11:38:44","date_gmt":"2012-09-26T09:38:44","guid":{"rendered":"http:\/\/www.susannavaris.com\/blogg\/?p=7212"},"modified":"2012-09-26T12:39:49","modified_gmt":"2012-09-26T10:39:49","slug":"tin-tin%c2%b4s-aventyr-pa-kulturhuset","status":"publish","type":"post","link":"http:\/\/www.susannavaris.com\/blogg\/2012\/09\/tin-tin%c2%b4s-aventyr-pa-kulturhuset\/","title":{"rendered":"Tintin\u00b4s \u00e4ventyr p\u00e5 Kulturhuset"},"content":{"rendered":"<p><a href=\"http:\/\/www.susannavaris.com\/blogg\/wp-content\/uploads\/2012\/09\/156215_10151238186686079_104909018_n.jpg\"><img loading=\"lazy\" decoding=\"async\" class=\"aligncenter size-full wp-image-7213\" title=\"156215_10151238186686079_104909018_n\" src=\"http:\/\/www.susannavaris.com\/blogg\/wp-content\/uploads\/2012\/09\/156215_10151238186686079_104909018_n.jpg\" alt=\"\" width=\"469\" height=\"640\" srcset=\"http:\/\/www.susannavaris.com\/blogg\/wp-content\/uploads\/2012\/09\/156215_10151238186686079_104909018_n.jpg 469w, http:\/\/www.susannavaris.com\/blogg\/wp-content\/uploads\/2012\/09\/156215_10151238186686079_104909018_n-219x300.jpg 219w\" sizes=\"auto, (max-width: 469px) 100vw, 469px\" \/><\/a><\/p>\n<p>Lyckligtvis varade inte censuren av Tintin p\u00e5 Kulturhuset l\u00e4ngre \u00e4n n\u00e5gra timmar, men f\u00f6r att p\u00e5minna oss alla om bibliotekens uppgift kan man bland annat l\u00e4sa i de styrande dokumenten (Bibliotek i R\u00f6relse. Biblioteksplan 3.0 &#8211; en strategisk plan f\u00f6r Stockholms bibliotek 2011 &#8211; 2015) f\u00f6r verksamheten att man som ram ska ha UNESCO:s Folkbiblioteksmanifest:<\/p>\n<p><em>&#8221;Unescos folkbiblioteksmanifest \u00e4r r\u00e5dgivande f\u00f6r FN:s medlemsstater. D\u00e4r anges att folkbiblioteken\u00a0ska g\u00f6ra alla slag av kunskap och information tillg\u00e4nglig f\u00f6r medborgarna. Alla ska ha tillg\u00e5ng\u00a0till folkbibliotek oavsett \u00e5lder, etnicitet, k\u00f6n, religion, nationalitet, spr\u00e5k, samh\u00e4llsklass, funktionsneds\u00e4ttning,\u00a0sjukdom eller internering inom kriminalv\u00e5rden. Via folkbiblioteken ska medborgarna\u00a0kunna hitta material och tj\u00e4nster som st\u00f6ttar dem och tillgodoser deras behov, ett livsl\u00e5ngt\u00a0l\u00e4rande, ett sj\u00e4lvst\u00e4ndigt st\u00e4llningstagande och en kulturell utveckling. Samlingar och utbud ska\u00a0vara fritt fr\u00e5n all form av ideologisk, politisk eller religi\u00f6s censur och inte heller av kommersiella\u00a0p\u00e5tryckningar. Samlingar och tj\u00e4nster ska omfattas av olika slags medier f\u00f6rmedlade genom\u00a0modern teknik s\u00e5v\u00e4l som traditionellt material.&#8221;<\/em><\/p>\n<p>L\u00e4ngre ner i dokumentet kan man l\u00e4sa:<\/p>\n<p><em>&#8221;Biblioteken symboliserar v\u00e5r kulturs kontinuitet och minne men \u00e4r samtidigt n\u00e4rvarande<\/em>\u00a0<em>i det samtida, dagsaktuella och visar mot framtiden. Det \u00e4r kopplingen mellan nu och d\u00e5,<\/em>\u00a0<em>mellan historia och framtid, mellan det egna kvarteret och v\u00e4rlden, digitalt och analogt,<\/em>\u00a0<em>som \u00e4r bibliotekets unika k\u00e4nnetecken.&#8221;<\/em><\/p>\n<p>Hur ska en person som v\u00e4xer upp n\u00e5gonsin begripa hur v\u00e4rlden har sett ut eller varf\u00f6r den borde se ut p\u00e5 n\u00e5got annat s\u00e4tt om vi skulle sopa banan ren fr\u00e5n historiska f\u00f6rdomar, sexism eller andra or\u00e4ttvisor? Om vi st\u00f6per om den samlade, skapade v\u00e4rldskonsten till att enbart inneh\u00e5lla icke-rasistiska och genuskorrekta verk?<\/p>\n<p>Bortsett fr\u00e5n att detta l\u00e5ter som n\u00e5got h\u00e4mtat ur historiens m\u00f6rkaste diktaturer, s\u00e5 torde det raktigenom motverka sitt syfte. Om nu allt p\u00e5 ytan verkar fr\u00e5n alla h\u00e5ll och kanter betraktat som fullst\u00e4ndigt r\u00e4ttvist och icke-diskriminerande, vad ska man d\u00e5 k\u00e4mpa f\u00f6r? Vilka or\u00e4ttvisor finns det, om dessa inte f\u00e5r framst\u00e4llas eller beskrivas? Om ingen n\u00e5gonsin har skrivit en rasistisk eller sexistisk bok, vad br\u00e5kade man om?<\/p>\n<p>Dessutom:<\/p>\n<p><em>&#8221;Demokratin i vardagen \u00e4r beroende av ett \u00f6ppet offentligt samtal, d\u00e4r m\u00e5nga r\u00f6ster g\u00f6r<\/em>\u00a0<em>sig h\u00f6rda. Biblioteket ska ge plats f\u00f6r en m\u00e5ngfald av \u00e5sikter, s\u00e5v\u00e4l i litter\u00e4ra uttryck<\/em><br \/>\n<em>som i samh\u00e4llsdebatter. Bibliotekens urval av medier ska vara brett och inte v\u00e4ja f\u00f6r det<\/em><br \/>\n<em>obekv\u00e4ma.&#8221;<\/em><\/p>\n<p><a href=\"http:\/\/www.dn.se\/kultur-noje\/kulturhusets-nya-chef-kastar-ut-tintin\">http:\/\/www.dn.se\/kultur-noje\/kulturhusets-nya-chef-kastar-ut-tintin<\/a><\/p>\n<p><a href=\"http:\/\/www.aftonbladet.se\/nyheter\/article15497718.ab\">http:\/\/www.aftonbladet.se\/nyheter\/article15497718.ab<\/a><\/p>\n<p><a href=\"http:\/\/www.dn.se\/dnbok\/dnbok-hem\/kulturhuset-i-stockholm-backar-om-tintin\">http:\/\/www.dn.se\/dnbok\/dnbok-hem\/kulturhuset-i-stockholm-backar-om-tintin<\/a><\/p>\n<p><a href=\"http:\/\/www.svd.se\/kultur\/tintin-utrensad-fran-bibliotek_7526568.svd\">http:\/\/www.svd.se\/kultur\/tintin-utrensad-fran-bibliotek_7526568.svd<\/a><\/p>\n<p><a href=\"http:\/\/www.svd.se\/kultur\/kulturhuset-backar-om-tintin_7527476.svd\">http:\/\/www.svd.se\/kultur\/kulturhuset-backar-om-tintin_7527476.svd<\/a><\/p>\n<p>Eberhard skriver bra p\u00e5 Newsmill:<\/p>\n<p><a href=\"http:\/\/www.newsmill.se\/artikel\/2012\/09\/25\/de-l-ttkr-nkta-styr-debatten\">http:\/\/www.newsmill.se\/artikel\/2012\/09\/25\/de-l-ttkr-nkta-styr-debatten<\/a><\/p>\n","protected":false},"excerpt":{"rendered":"<p>Lyckligtvis varade inte censuren av Tintin p\u00e5 Kulturhuset l\u00e4ngre \u00e4n n\u00e5gra timmar, men f\u00f6r att p\u00e5minna oss alla om bibliotekens uppgift kan man bland annat l\u00e4sa i de styrande dokumenten (Bibliotek i R\u00f6relse. Biblioteksplan 3.0 &#8211; en strategisk plan f\u00f6r &hellip; <a href=\"http:\/\/www.susannavaris.com\/blogg\/2012\/09\/tin-tin%c2%b4s-aventyr-pa-kulturhuset\/\">Forts\u00e4tt l\u00e4sa <span class=\"meta-nav\">&rarr;<\/span><\/a><\/p>\n","protected":false},"author":1,"featured_media":0,"comment_status":"open","ping_status":"open","sticky":false,"template":"","format":"standard","meta":{"footnotes":""},"categories":[1364,1162,1,590],"tags":[565,900,2347],"class_list":["post-7212","post","type-post","status-publish","format-standard","hentry","category-bocker","category-kultur","category-okategoriserade","category-politik","tag-censur","tag-kulturhuset","tag-tintin"],"_links":{"self":[{"href":"http:\/\/www.susannavaris.com\/blogg\/wp-json\/wp\/v2\/posts\/7212","targetHints":{"allow":["GET"]}}],"collection":[{"href":"http:\/\/www.susannavaris.com\/blogg\/wp-json\/wp\/v2\/posts"}],"about":[{"href":"http:\/\/www.susannavaris.com\/blogg\/wp-json\/wp\/v2\/types\/post"}],"author":[{"embeddable":true,"href":"http:\/\/www.susannavaris.com\/blogg\/wp-json\/wp\/v2\/users\/1"}],"replies":[{"embeddable":true,"href":"http:\/\/www.susannavaris.com\/blogg\/wp-json\/wp\/v2\/comments?post=7212"}],"version-history":[{"count":4,"href":"http:\/\/www.susannavaris.com\/blogg\/wp-json\/wp\/v2\/posts\/7212\/revisions"}],"predecessor-version":[{"id":7217,"href":"http:\/\/www.susannavaris.com\/blogg\/wp-json\/wp\/v2\/posts\/7212\/revisions\/7217"}],"wp:attachment":[{"href":"http:\/\/www.susannavaris.com\/blogg\/wp-json\/wp\/v2\/media?parent=7212"}],"wp:term":[{"taxonomy":"category","embeddable":true,"href":"http:\/\/www.susannavaris.com\/blogg\/wp-json\/wp\/v2\/categories?post=7212"},{"taxonomy":"post_tag","embeddable":true,"href":"http:\/\/www.susannavaris.com\/blogg\/wp-json\/wp\/v2\/tags?post=7212"}],"curies":[{"name":"wp","href":"https:\/\/api.w.org\/{rel}","templated":true}]}}