{"id":7224,"date":"2012-09-28T14:25:46","date_gmt":"2012-09-28T12:25:46","guid":{"rendered":"http:\/\/www.susannavaris.com\/blogg\/?p=7224"},"modified":"2012-09-28T14:25:46","modified_gmt":"2012-09-28T12:25:46","slug":"dagens-stass-dior","status":"publish","type":"post","link":"http:\/\/www.susannavaris.com\/blogg\/2012\/09\/dagens-stass-dior\/","title":{"rendered":"Dagens stass&#8230;Dior"},"content":{"rendered":"<p style=\"text-align: center;\">Sj\u00e4lvklart ville jag s\u00e5 fort tillf\u00e4lle gavs, dvs idag, b\u00e4ra den nya Dior-kl\u00e4nningen&#8230;och visst g\u00f6r den tom en gammal kabyss som denna r\u00e4tt stilig?<\/p>\n<p style=\"text-align: center;\"><a href=\"http:\/\/www.susannavaris.com\/blogg\/wp-content\/uploads\/2012\/09\/DSC_0009-50.jpg\"><img loading=\"lazy\" decoding=\"async\" class=\"aligncenter size-large wp-image-7225\" title=\"DSC_0009-50\" src=\"http:\/\/www.susannavaris.com\/blogg\/wp-content\/uploads\/2012\/09\/DSC_0009-50-555x1024.jpg\" alt=\"\" width=\"555\" height=\"1024\" srcset=\"http:\/\/www.susannavaris.com\/blogg\/wp-content\/uploads\/2012\/09\/DSC_0009-50-555x1024.jpg 555w, http:\/\/www.susannavaris.com\/blogg\/wp-content\/uploads\/2012\/09\/DSC_0009-50-162x300.jpg 162w, http:\/\/www.susannavaris.com\/blogg\/wp-content\/uploads\/2012\/09\/DSC_0009-50.jpg 1036w\" sizes=\"auto, (max-width: 555px) 100vw, 555px\" \/><\/a>\u00a0<a href=\"http:\/\/www.susannavaris.com\/blogg\/wp-content\/uploads\/2012\/09\/DSC_0010-crop-50.jpg\"><img loading=\"lazy\" decoding=\"async\" class=\"aligncenter size-large wp-image-7226\" title=\"DSC_0010-crop-50\" src=\"http:\/\/www.susannavaris.com\/blogg\/wp-content\/uploads\/2012\/09\/DSC_0010-crop-50-483x1024.jpg\" alt=\"\" width=\"483\" height=\"1024\" srcset=\"http:\/\/www.susannavaris.com\/blogg\/wp-content\/uploads\/2012\/09\/DSC_0010-crop-50-483x1024.jpg 483w, http:\/\/www.susannavaris.com\/blogg\/wp-content\/uploads\/2012\/09\/DSC_0010-crop-50-141x300.jpg 141w\" sizes=\"auto, (max-width: 483px) 100vw, 483px\" \/><\/a>\u00a0<a href=\"http:\/\/www.susannavaris.com\/blogg\/wp-content\/uploads\/2012\/09\/DSC_0012-crop-50.jpg\"><img loading=\"lazy\" decoding=\"async\" class=\"aligncenter size-large wp-image-7227\" title=\"DSC_0012-crop-50\" src=\"http:\/\/www.susannavaris.com\/blogg\/wp-content\/uploads\/2012\/09\/DSC_0012-crop-50-497x1024.jpg\" alt=\"\" width=\"497\" height=\"1024\" srcset=\"http:\/\/www.susannavaris.com\/blogg\/wp-content\/uploads\/2012\/09\/DSC_0012-crop-50-497x1024.jpg 497w, http:\/\/www.susannavaris.com\/blogg\/wp-content\/uploads\/2012\/09\/DSC_0012-crop-50-145x300.jpg 145w, http:\/\/www.susannavaris.com\/blogg\/wp-content\/uploads\/2012\/09\/DSC_0012-crop-50.jpg 588w\" sizes=\"auto, (max-width: 497px) 100vw, 497px\" \/><\/a>\u00a0<em>Versace for HM-scarf till.<\/em><\/p>\n","protected":false},"excerpt":{"rendered":"<p>Sj\u00e4lvklart ville jag s\u00e5 fort tillf\u00e4lle gavs, dvs idag, b\u00e4ra den nya Dior-kl\u00e4nningen&#8230;och visst g\u00f6r den tom en gammal kabyss som denna r\u00e4tt stilig? \u00a0\u00a0\u00a0Versace for HM-scarf till.<\/p>\n","protected":false},"author":1,"featured_media":0,"comment_status":"open","ping_status":"open","sticky":false,"template":"","format":"standard","meta":{"footnotes":""},"categories":[5,14,1],"tags":[2350,1487,2348,807],"class_list":["post-7224","post","type-post","status-publish","format-standard","hentry","category-dagens-stass","category-mode","category-okategoriserade","tag-dagens-stass-2","tag-dior","tag-klanning","tag-versace"],"_links":{"self":[{"href":"http:\/\/www.susannavaris.com\/blogg\/wp-json\/wp\/v2\/posts\/7224","targetHints":{"allow":["GET"]}}],"collection":[{"href":"http:\/\/www.susannavaris.com\/blogg\/wp-json\/wp\/v2\/posts"}],"about":[{"href":"http:\/\/www.susannavaris.com\/blogg\/wp-json\/wp\/v2\/types\/post"}],"author":[{"embeddable":true,"href":"http:\/\/www.susannavaris.com\/blogg\/wp-json\/wp\/v2\/users\/1"}],"replies":[{"embeddable":true,"href":"http:\/\/www.susannavaris.com\/blogg\/wp-json\/wp\/v2\/comments?post=7224"}],"version-history":[{"count":2,"href":"http:\/\/www.susannavaris.com\/blogg\/wp-json\/wp\/v2\/posts\/7224\/revisions"}],"predecessor-version":[{"id":7229,"href":"http:\/\/www.susannavaris.com\/blogg\/wp-json\/wp\/v2\/posts\/7224\/revisions\/7229"}],"wp:attachment":[{"href":"http:\/\/www.susannavaris.com\/blogg\/wp-json\/wp\/v2\/media?parent=7224"}],"wp:term":[{"taxonomy":"category","embeddable":true,"href":"http:\/\/www.susannavaris.com\/blogg\/wp-json\/wp\/v2\/categories?post=7224"},{"taxonomy":"post_tag","embeddable":true,"href":"http:\/\/www.susannavaris.com\/blogg\/wp-json\/wp\/v2\/tags?post=7224"}],"curies":[{"name":"wp","href":"https:\/\/api.w.org\/{rel}","templated":true}]}}