{"id":729,"date":"2011-06-12T16:26:50","date_gmt":"2011-06-12T14:26:50","guid":{"rendered":"http:\/\/www.susannavaris.com\/blogg\/?p=729"},"modified":"2011-09-21T10:41:32","modified_gmt":"2011-09-21T08:41:32","slug":"angans-dag-i-mariefred-11-juni-2011","status":"publish","type":"post","link":"http:\/\/www.susannavaris.com\/blogg\/2011\/06\/angans-dag-i-mariefred-11-juni-2011\/","title":{"rendered":"\u00c5ngans dag i Mariefred 11. juni 2011"},"content":{"rendered":"<p><a href=\"http:\/\/www.susannavaris.com\/blogg\/wp-content\/uploads\/2011\/06\/mf11061102.jpg\"><img decoding=\"async\" class=\"aligncenter size-full wp-image-731\" title=\"mf11061102\" src=\"http:\/\/www.susannavaris.com\/blogg\/wp-content\/uploads\/2011\/06\/mf11061102.jpg\" alt=\"\" \/><\/a> Det hade utlovats regn, regn och regn, s\u00e5 planen att \u00e5ka till Mariefred med \u00e5ngb\u00e5ten S\/S Mariefred fr\u00e5n sandvikens brygga i Enh\u00f6rna var med reservation f\u00f6r d\u00e5ligt v\u00e4der. Det blev sol, sol och \u00e4nnu mera sol&#8230;men d\u00e5 \u00e4r ju b\u00f6rsanalytikerna tydligen mer tr\u00e4ffs\u00e4kra \u00e4n meterologerna. B\u00f6rsanalytikerna sl\u00e5s av schimpanser, men \u00e4ven andra djurarter har p\u00e5 sistone meriterat sig i sammanhanget.  <a href=\"http:\/\/www.susannavaris.com\/blogg\/wp-content\/uploads\/2011\/06\/mf11061104.jpg\"><img decoding=\"async\" class=\"aligncenter size-full wp-image-732\" title=\"mf11061104\" src=\"http:\/\/www.susannavaris.com\/blogg\/wp-content\/uploads\/2011\/06\/mf11061104.jpg\" alt=\"\" \/><\/a> \u00c5ngfartyget \u00e4r alltid en underbar upplevelse och lite extra mycket denna g\u00e5ng, d\u00e5 vi uppt\u00e4ckte att en stor del av passagerarna bar tidstypiska kl\u00e4der och att det idag var n\u00e5got som \u00a0heter \u00c5ngans dag i Mariefred. \u00c4ven lilla S\/S Ejdern fr\u00e5n S\u00f6dert\u00e4lje var givetvis med, samt en hel samling mindre \u00e5ngb\u00e5tar&#8230;  <a href=\"http:\/\/www.susannavaris.com\/blogg\/wp-content\/uploads\/2011\/06\/mf11061105.jpg\"><img decoding=\"async\" class=\"aligncenter size-full wp-image-733\" title=\"mf11061105\" src=\"http:\/\/www.susannavaris.com\/blogg\/wp-content\/uploads\/2011\/06\/mf11061105.jpg\" alt=\"\" \/><\/a><a href=\"http:\/\/www.susannavaris.com\/blogg\/wp-content\/uploads\/2011\/06\/mfsepia01.jpg\"><img decoding=\"async\" class=\"aligncenter size-full wp-image-735\" title=\"mfsepia01\" src=\"http:\/\/www.susannavaris.com\/blogg\/wp-content\/uploads\/2011\/06\/mfsepia01.jpg\" alt=\"\" \/><\/a><a href=\"http:\/\/www.susannavaris.com\/blogg\/wp-content\/uploads\/2011\/06\/mf11061110.jpg\"><img decoding=\"async\" class=\"aligncenter size-full wp-image-737\" title=\"mf11061110\" src=\"http:\/\/www.susannavaris.com\/blogg\/wp-content\/uploads\/2011\/06\/mf11061110.jpg\" alt=\"\" \/><\/a><em>Efterr\u00e4tt i b\u00e5tens restaurang. Huvudr\u00e4tt blev \u00e5ngb\u00e5tsbiff s\u00e5 klart&#8230; <\/em><\/p>\n<p><em><a href=\"http:\/\/www.susannavaris.com\/blogg\/wp-content\/uploads\/2011\/06\/mf11061112.jpg\"><img decoding=\"async\" class=\"aligncenter size-full wp-image-738\" title=\"mf11061112\" src=\"http:\/\/www.susannavaris.com\/blogg\/wp-content\/uploads\/2011\/06\/mf11061112.jpg\" alt=\"\" \/><\/a>Jag fick uppfattningen att damen i lila th hade sytt \u00e5tminstone en del av de fantastiska kl\u00e4nningarna.<\/em><\/p>\n<p><em><a href=\"http:\/\/www.susannavaris.com\/blogg\/wp-content\/uploads\/2011\/06\/mf11061114.jpg\"><img decoding=\"async\" class=\"aligncenter size-full wp-image-739\" title=\"mf11061114\" src=\"http:\/\/www.susannavaris.com\/blogg\/wp-content\/uploads\/2011\/06\/mf11061114.jpg\" alt=\"\" \/><\/a>S\/S Ejdern knappar in och l\u00e4gger till ungef\u00e4r samtidigt som S\/S Mariefred.<\/em><\/p>\n<p><em><a href=\"http:\/\/www.susannavaris.com\/blogg\/wp-content\/uploads\/2011\/06\/11061118.jpg\"><img decoding=\"async\" class=\"aligncenter size-full wp-image-743\" title=\"11061118\" src=\"http:\/\/www.susannavaris.com\/blogg\/wp-content\/uploads\/2011\/06\/11061118.jpg\" alt=\"\" \/><\/a>Vi m\u00f6ttes av bl\u00e5sorkester som spelade &#8221;Att ang\u00f6ra en brygga&#8221; samt blev saluterade&#8230;<\/em><\/p>\n<p>forts f\u00f6ljer&#8230;<\/p>\n","protected":false},"excerpt":{"rendered":"<p>Det hade utlovats regn, regn och regn, s\u00e5 planen att \u00e5ka till Mariefred med \u00e5ngb\u00e5ten S\/S Mariefred fr\u00e5n sandvikens brygga i Enh\u00f6rna var med reservation f\u00f6r d\u00e5ligt v\u00e4der. Det blev sol, sol och \u00e4nnu mera sol&#8230;men d\u00e5 \u00e4r ju b\u00f6rsanalytikerna &hellip; <a href=\"http:\/\/www.susannavaris.com\/blogg\/2011\/06\/angans-dag-i-mariefred-11-juni-2011\/\">Forts\u00e4tt l\u00e4sa <span class=\"meta-nav\">&rarr;<\/span><\/a><\/p>\n","protected":false},"author":1,"featured_media":739,"comment_status":"open","ping_status":"open","sticky":false,"template":"","format":"standard","meta":{"footnotes":""},"categories":[680,1],"tags":[223,219,222,221,220,224,121],"class_list":["post-729","post","type-post","status-publish","format-standard","has-post-thumbnail","hentry","category-angfartyg","category-okategoriserade","tag-angans-dag","tag-angbat","tag-mariefred","tag-ss-ejdern","tag-ss-mariefred","tag-sandvikens-brygga","tag-sodertalje"],"_links":{"self":[{"href":"http:\/\/www.susannavaris.com\/blogg\/wp-json\/wp\/v2\/posts\/729","targetHints":{"allow":["GET"]}}],"collection":[{"href":"http:\/\/www.susannavaris.com\/blogg\/wp-json\/wp\/v2\/posts"}],"about":[{"href":"http:\/\/www.susannavaris.com\/blogg\/wp-json\/wp\/v2\/types\/post"}],"author":[{"embeddable":true,"href":"http:\/\/www.susannavaris.com\/blogg\/wp-json\/wp\/v2\/users\/1"}],"replies":[{"embeddable":true,"href":"http:\/\/www.susannavaris.com\/blogg\/wp-json\/wp\/v2\/comments?post=729"}],"version-history":[{"count":11,"href":"http:\/\/www.susannavaris.com\/blogg\/wp-json\/wp\/v2\/posts\/729\/revisions"}],"predecessor-version":[{"id":2491,"href":"http:\/\/www.susannavaris.com\/blogg\/wp-json\/wp\/v2\/posts\/729\/revisions\/2491"}],"wp:featuredmedia":[{"embeddable":true,"href":"http:\/\/www.susannavaris.com\/blogg\/wp-json\/wp\/v2\/media\/739"}],"wp:attachment":[{"href":"http:\/\/www.susannavaris.com\/blogg\/wp-json\/wp\/v2\/media?parent=729"}],"wp:term":[{"taxonomy":"category","embeddable":true,"href":"http:\/\/www.susannavaris.com\/blogg\/wp-json\/wp\/v2\/categories?post=729"},{"taxonomy":"post_tag","embeddable":true,"href":"http:\/\/www.susannavaris.com\/blogg\/wp-json\/wp\/v2\/tags?post=729"}],"curies":[{"name":"wp","href":"https:\/\/api.w.org\/{rel}","templated":true}]}}