{"id":7302,"date":"2012-10-02T23:32:23","date_gmt":"2012-10-02T21:32:23","guid":{"rendered":"http:\/\/www.susannavaris.com\/blogg\/?p=7302"},"modified":"2012-10-03T22:33:55","modified_gmt":"2012-10-03T20:33:55","slug":"symbolpolitik-for-det-snabba-samhallet","status":"publish","type":"post","link":"http:\/\/www.susannavaris.com\/blogg\/2012\/10\/symbolpolitik-for-det-snabba-samhallet\/","title":{"rendered":"Symbolpolitik f\u00f6r det snabba samh\u00e4llet"},"content":{"rendered":"<p>N\u00e5gon skrev nyligen om att symbolpolitiken har blivit popul\u00e4r. Jag kan bara konstatera att s\u00e5 verkar vara fallet. Nu senast har IKEA:s Saudiarabiska m\u00f6belkatalog som retuscherats fri fr\u00e5n kvinnor v\u00e4ckt stort rabalder. Och visst, tycker man att det \u00e4r en global m\u00f6belj\u00e4ttes uppgift att m\u00e5na om de &#8221;svenska v\u00e4rderingarna&#8221; utomlands, s\u00e5 \u00e4r ju detta f\u00f6rst\u00e5eligt. Nu anv\u00e4nder sig ju f\u00f6rst\u00e5s just IKEA av uttrycket svenska v\u00e4rderingar i sin marknadsf\u00f6ring, men det \u00e4r talande att avsaknaden av kvinnor i denna katalog v\u00e4cker st\u00f6rre rabalder \u00e4n bristen p\u00e5 m\u00e4nskliga r\u00e4ttigheter f\u00f6r kvinnor i Saudiarabien. Fr\u00e5gan om IKEA:s m\u00f6jligen falska marknadsf\u00f6ring \u00e4r st\u00f6rre \u00e4n de saudiarabiska kvinnornas r\u00e4ttigheter s\u00e5 att s\u00e4ga. \u00a0Det handlar nog snarare om att man \u00e4lskar att hata IKEA, snarare \u00e4n att man orkar m\u00e5na sig om kvinnors r\u00e4ttigheter i n\u00e4mnda landet.<\/p>\n<p style=\"text-align: center;\"><a href=\"http:\/\/www.susannavaris.com\/blogg\/wp-content\/uploads\/2012\/10\/Ikea-catalogue-010.jpg\"><img loading=\"lazy\" decoding=\"async\" class=\"aligncenter size-full wp-image-7303\" title=\"Ikea catalogue\" src=\"http:\/\/www.susannavaris.com\/blogg\/wp-content\/uploads\/2012\/10\/Ikea-catalogue-010.jpg\" alt=\"\" width=\"460\" height=\"276\" srcset=\"http:\/\/www.susannavaris.com\/blogg\/wp-content\/uploads\/2012\/10\/Ikea-catalogue-010.jpg 460w, http:\/\/www.susannavaris.com\/blogg\/wp-content\/uploads\/2012\/10\/Ikea-catalogue-010-300x180.jpg 300w\" sizes=\"auto, (max-width: 460px) 100vw, 460px\" \/><\/a>\u00a0<em>IKEA-katalogen, original och retuscherad.<\/em><\/p>\n<p style=\"text-align: center;\">F\u00f6r en vecka sedan g\u00e4llde symbolfr\u00e5gan Tintins vara eller inte vara p\u00e5 Kulturhuset. Den konstn\u00e4rliga ledaren Behrang Miri satte ig\u00e5ng en b\u00e4rs\u00e4rkag\u00e5ng bland barnavdelningens b\u00f6cker (Tintin) och deklarerade att man \u00e4ven skulle ge sig p\u00e5 vuxenlitteraturen i jakt p\u00e5 moraliskt och politiskt misshagliga alster, \u00e4nda tills han \u00e5 det skarpaste blev hindrad att slutf\u00f6ra sitt projekt av Kulturhusets ledning. Tintin blev en symbol f\u00f6r yttrandefriheten, men f\u00f6r Miri skulle alla dessa symboler rensas ut f\u00f6r att v\u00e4rlden skulle vara r\u00e4ttvisare och mindre moraliskt korrumperad fr\u00e5n nutid och historiskt bak\u00e5t. Rensar man bara bort dessa kulturella uttryck kommer rasismen att vara mindre eller kanske tom inte finnas, tycktes resonemanget vara.<\/p>\n<p style=\"text-align: center;\"><a href=\"http:\/\/www.susannavaris.com\/blogg\/wp-content\/uploads\/2012\/10\/ikean-87816-tintin-31003.jpeg\"><img loading=\"lazy\" decoding=\"async\" class=\"aligncenter size-full wp-image-7304\" title=\"ikean-87816-tintin-31003\" src=\"http:\/\/www.susannavaris.com\/blogg\/wp-content\/uploads\/2012\/10\/ikean-87816-tintin-31003.jpeg\" alt=\"\" width=\"514\" height=\"285\" srcset=\"http:\/\/www.susannavaris.com\/blogg\/wp-content\/uploads\/2012\/10\/ikean-87816-tintin-31003.jpeg 514w, http:\/\/www.susannavaris.com\/blogg\/wp-content\/uploads\/2012\/10\/ikean-87816-tintin-31003-300x166.jpeg 300w\" sizes=\"auto, (max-width: 514px) 100vw, 514px\" \/><\/a><em>\u00a0Tintin h\u00f6ll p\u00e5 att f\u00f6rvisas fr\u00e5n Kulturhuset&#8230;<\/em><\/p>\n<p style=\"text-align: center;\">Ett l\u00e5ngt puttrande och kokande i ankdammen orsakades dessf\u00f6rinnan av f\u00f6rs\u00f6ken att inf\u00f6ra ett nytt, k\u00f6nsneutralt pronomen, hen, fr\u00e5n vissa kulturkretsars sida. P\u00e5 sina h\u00e5ll forts\u00e4tter f\u00f6rs\u00f6ken, senast i raden att inf\u00f6rliva symbolen i sitt program \u00e4r Milj\u00f6partiet, som tycks mena att Finland \u00e4r n\u00e5gon slags f\u00f6red\u00f6me i &#8221;helt andra m\u00f6ten mellan m\u00e4nniskor&#8221; tack vare det k\u00f6nsneutrala pronomenet h\u00e4n i finskan. Jomenvisst. Inf\u00f6r vi bara ett k\u00f6nsneutralt pronomen, s\u00e5 kommer m\u00e4nniskor att vips f\u00f6rdela sig enligt den av feminismen fastst\u00e4llda normen f\u00f6r j\u00e4mst\u00e4lldhet; 50\/50-f\u00f6rdelning mellan k\u00f6nen \u00f6ver alla sektorer i samh\u00e4llet. (De kommer \u00e4ven att g\u00f6ra k\u00f6n och leva 50 % kvinnligt kodat och 50 % manligt kodat f\u00f6r att profetian om det feministiska paradiset ska bli uppfyllt. Obs! Genusvetenskaplig terminologi.)<\/p>\n<p style=\"text-align: center;\"><a href=\"http:\/\/www.susannavaris.com\/blogg\/wp-content\/uploads\/2012\/10\/ikeahen-1348520380.jpg\"><img loading=\"lazy\" decoding=\"async\" class=\"aligncenter size-full wp-image-7305\" title=\"ikeahen-1348520380\" src=\"http:\/\/www.susannavaris.com\/blogg\/wp-content\/uploads\/2012\/10\/ikeahen-1348520380.jpg\" alt=\"\" width=\"468\" height=\"334\" srcset=\"http:\/\/www.susannavaris.com\/blogg\/wp-content\/uploads\/2012\/10\/ikeahen-1348520380.jpg 468w, http:\/\/www.susannavaris.com\/blogg\/wp-content\/uploads\/2012\/10\/ikeahen-1348520380-300x214.jpg 300w\" sizes=\"auto, (max-width: 468px) 100vw, 468px\" \/><\/a>\u00a0<em>H\u00f6nan.<\/em><\/p>\n<p style=\"text-align: center;\">Betydelsen av symbolpolitik st\u00e5r nog \u00e4ven ganska klar f\u00f6r Stefan L\u00f6fven, som nyligen presenterade Socialdemokraternas nya aff\u00e4rsplan och vars parti knakar i fogarna v\u00e4rre \u00e4n n\u00e5gonsin p\u00e5 grund av fr\u00e5gan om vinster i v\u00e4lf\u00e4rden, en fr\u00e5ga som nu har f\u00e5tt bli symbol f\u00f6r hela partiets kris.<\/p>\n<p style=\"text-align: center;\">Exemplen finns \u00f6verallt och jag har en teori om varf\u00f6r det \u00e4r s\u00e5 h\u00e4r. Den moderna, n\u00e4tuppkopplade m\u00e4nniskans uppm\u00e4rksamhetsspann f\u00f6r olika fr\u00e5gor har krympt till ett minimum och man har en vana av att kunna reagera snabbt, att trycka p\u00e5 gilla-knappen f\u00f6r att sedan g\u00e5 vidare. D\u00e5 beh\u00f6ver det som ska n\u00e5 fram vara kortfattat, sn\u00e4rtigt och uppseendev\u00e4ckande; en symbol.<\/p>\n<p style=\"text-align: center;\">Innan m\u00f6jligheten att ytterst snabbt meddela sin \u00e5sikt eller uttrycka sitt gillande\/ogillande f\u00f6r hela sin v\u00e4nkrets och n\u00e5gra till fanns, m\u00e5ste man v\u00e4nta tills att man hade tr\u00e4ffat n\u00e5gon, kanske ringt upp n\u00e5gon, pratat med andra, eventuellt skrivit en ins\u00e4ndare eller i b\u00e4sta fall artikel f\u00f6r att sedan kunna f\u00e5 feedback. Nu, i det uppskruvade tempot finns inget s\u00e5dant t\u00e5lamod kvar hos den st\u00f6rre massan. Touch and go, och d\u00e4r passar inte l\u00e5nga, nyanserade eller komplicerade \u00e4renden in.<\/p>\n","protected":false},"excerpt":{"rendered":"<p>N\u00e5gon skrev nyligen om att symbolpolitiken har blivit popul\u00e4r. Jag kan bara konstatera att s\u00e5 verkar vara fallet. Nu senast har IKEA:s Saudiarabiska m\u00f6belkatalog som retuscherats fri fr\u00e5n kvinnor v\u00e4ckt stort rabalder. Och visst, tycker man att det \u00e4r en &hellip; <a href=\"http:\/\/www.susannavaris.com\/blogg\/2012\/10\/symbolpolitik-for-det-snabba-samhallet\/\">Forts\u00e4tt l\u00e4sa <span class=\"meta-nav\">&rarr;<\/span><\/a><\/p>\n","protected":false},"author":1,"featured_media":0,"comment_status":"open","ping_status":"open","sticky":false,"template":"","format":"standard","meta":{"footnotes":""},"categories":[259,674,1321,1162,589,1,590],"tags":[2360,4900,4899,1332,273,900,2362,1358,774,1357,2358,2359,2347],"class_list":["post-7302","post","type-post","status-publish","format-standard","hentry","category-genusvetenskap","category-historia","category-jamstalldhet","category-kultur","category-medier","category-okategoriserade","category-politik","tag-bahrang-miri","tag-feminism","tag-genus","tag-hen","tag-ikea","tag-kulturhuset","tag-saudiarabien","tag-socialdemokraterna","tag-socialdemokrati","tag-stefan-lofven","tag-symbol","tag-symbolpolitik","tag-tintin"],"_links":{"self":[{"href":"http:\/\/www.susannavaris.com\/blogg\/wp-json\/wp\/v2\/posts\/7302","targetHints":{"allow":["GET"]}}],"collection":[{"href":"http:\/\/www.susannavaris.com\/blogg\/wp-json\/wp\/v2\/posts"}],"about":[{"href":"http:\/\/www.susannavaris.com\/blogg\/wp-json\/wp\/v2\/types\/post"}],"author":[{"embeddable":true,"href":"http:\/\/www.susannavaris.com\/blogg\/wp-json\/wp\/v2\/users\/1"}],"replies":[{"embeddable":true,"href":"http:\/\/www.susannavaris.com\/blogg\/wp-json\/wp\/v2\/comments?post=7302"}],"version-history":[{"count":11,"href":"http:\/\/www.susannavaris.com\/blogg\/wp-json\/wp\/v2\/posts\/7302\/revisions"}],"predecessor-version":[{"id":7322,"href":"http:\/\/www.susannavaris.com\/blogg\/wp-json\/wp\/v2\/posts\/7302\/revisions\/7322"}],"wp:attachment":[{"href":"http:\/\/www.susannavaris.com\/blogg\/wp-json\/wp\/v2\/media?parent=7302"}],"wp:term":[{"taxonomy":"category","embeddable":true,"href":"http:\/\/www.susannavaris.com\/blogg\/wp-json\/wp\/v2\/categories?post=7302"},{"taxonomy":"post_tag","embeddable":true,"href":"http:\/\/www.susannavaris.com\/blogg\/wp-json\/wp\/v2\/tags?post=7302"}],"curies":[{"name":"wp","href":"https:\/\/api.w.org\/{rel}","templated":true}]}}