{"id":7323,"date":"2012-10-04T10:03:42","date_gmt":"2012-10-04T08:03:42","guid":{"rendered":"http:\/\/www.susannavaris.com\/blogg\/?p=7323"},"modified":"2012-10-04T10:03:42","modified_gmt":"2012-10-04T08:03:42","slug":"min-vaninna-eija-i-lantliv","status":"publish","type":"post","link":"http:\/\/www.susannavaris.com\/blogg\/2012\/10\/min-vaninna-eija-i-lantliv\/","title":{"rendered":"Min v\u00e4ninna Eija i Lantliv"},"content":{"rendered":"<p><a href=\"http:\/\/www.susannavaris.com\/blogg\/wp-content\/uploads\/2012\/10\/DSC_0087-50.jpg\"><img loading=\"lazy\" decoding=\"async\" class=\"aligncenter size-large wp-image-7324\" title=\"DSC_0087-50\" src=\"http:\/\/www.susannavaris.com\/blogg\/wp-content\/uploads\/2012\/10\/DSC_0087-50-1024x682.jpg\" alt=\"\" width=\"640\" height=\"426\" srcset=\"http:\/\/www.susannavaris.com\/blogg\/wp-content\/uploads\/2012\/10\/DSC_0087-50-1024x682.jpg 1024w, http:\/\/www.susannavaris.com\/blogg\/wp-content\/uploads\/2012\/10\/DSC_0087-50-300x200.jpg 300w\" sizes=\"auto, (max-width: 640px) 100vw, 640px\" \/><\/a>\u00a0<a href=\"http:\/\/www.susannavaris.com\/blogg\/wp-content\/uploads\/2012\/10\/DSC_0088-50.jpg\"><img loading=\"lazy\" decoding=\"async\" class=\"aligncenter size-large wp-image-7325\" title=\"DSC_0088-50\" src=\"http:\/\/www.susannavaris.com\/blogg\/wp-content\/uploads\/2012\/10\/DSC_0088-50-1024x682.jpg\" alt=\"\" width=\"640\" height=\"426\" srcset=\"http:\/\/www.susannavaris.com\/blogg\/wp-content\/uploads\/2012\/10\/DSC_0088-50-1024x682.jpg 1024w, http:\/\/www.susannavaris.com\/blogg\/wp-content\/uploads\/2012\/10\/DSC_0088-50-300x200.jpg 300w\" sizes=\"auto, (max-width: 640px) 100vw, 640px\" \/><\/a><\/p>\n<p>I nya numret av Lantliv finns ett 6-sidigt reportage fr\u00e5n min v\u00e4ninna Eija och hennes man Mikas g\u00e5rd i Sollefte\u00e5! Deras g\u00e5rd \u00e4r ju, till skillnad fr\u00e5n min sommarstuga (som ni kanske minns fr\u00e5n sommarens inl\u00e4gg), n\u00e5got som platsar i denna tidning. Som vanligt \u00e4r jag j\u00e4ttestolt \u00f6ver min v\u00e4ninna och efter att reportaget gjordes har mycket h\u00e4nt p\u00e5 g\u00e5rden\/g\u00e5rdarna. Numera finns en g\u00e5rdsbutik och grisarna \u00e4r skaffade&#8230;<\/p>\n<p>F\u00f6lj livet p\u00e5 landet hos Eija och Mika h\u00e4r:<\/p>\n<p><a href=\"http:\/\/norrfrid.blogspot.se\/\">http:\/\/norrfrid.blogspot.se\/<\/a><\/p>\n","protected":false},"excerpt":{"rendered":"<p>\u00a0 I nya numret av Lantliv finns ett 6-sidigt reportage fr\u00e5n min v\u00e4ninna Eija och hennes man Mikas g\u00e5rd i Sollefte\u00e5! Deras g\u00e5rd \u00e4r ju, till skillnad fr\u00e5n min sommarstuga (som ni kanske minns fr\u00e5n sommarens inl\u00e4gg), n\u00e5got som platsar &hellip; <a href=\"http:\/\/www.susannavaris.com\/blogg\/2012\/10\/min-vaninna-eija-i-lantliv\/\">Forts\u00e4tt l\u00e4sa <span class=\"meta-nav\">&rarr;<\/span><\/a><\/p>\n","protected":false},"author":1,"featured_media":0,"comment_status":"open","ping_status":"open","sticky":false,"template":"","format":"standard","meta":{"footnotes":""},"categories":[213,13,1162,589,1],"tags":[849,4901,1302,2363,1177],"class_list":["post-7323","post","type-post","status-publish","format-standard","hentry","category-inredning","category-inspiration","category-kultur","category-medier","category-okategoriserade","tag-eija","tag-inredning","tag-lantliv","tag-livsstil","tag-norrfrid"],"_links":{"self":[{"href":"http:\/\/www.susannavaris.com\/blogg\/wp-json\/wp\/v2\/posts\/7323","targetHints":{"allow":["GET"]}}],"collection":[{"href":"http:\/\/www.susannavaris.com\/blogg\/wp-json\/wp\/v2\/posts"}],"about":[{"href":"http:\/\/www.susannavaris.com\/blogg\/wp-json\/wp\/v2\/types\/post"}],"author":[{"embeddable":true,"href":"http:\/\/www.susannavaris.com\/blogg\/wp-json\/wp\/v2\/users\/1"}],"replies":[{"embeddable":true,"href":"http:\/\/www.susannavaris.com\/blogg\/wp-json\/wp\/v2\/comments?post=7323"}],"version-history":[{"count":2,"href":"http:\/\/www.susannavaris.com\/blogg\/wp-json\/wp\/v2\/posts\/7323\/revisions"}],"predecessor-version":[{"id":7327,"href":"http:\/\/www.susannavaris.com\/blogg\/wp-json\/wp\/v2\/posts\/7323\/revisions\/7327"}],"wp:attachment":[{"href":"http:\/\/www.susannavaris.com\/blogg\/wp-json\/wp\/v2\/media?parent=7323"}],"wp:term":[{"taxonomy":"category","embeddable":true,"href":"http:\/\/www.susannavaris.com\/blogg\/wp-json\/wp\/v2\/categories?post=7323"},{"taxonomy":"post_tag","embeddable":true,"href":"http:\/\/www.susannavaris.com\/blogg\/wp-json\/wp\/v2\/tags?post=7323"}],"curies":[{"name":"wp","href":"https:\/\/api.w.org\/{rel}","templated":true}]}}