{"id":7349,"date":"2012-10-08T13:55:53","date_gmt":"2012-10-08T11:55:53","guid":{"rendered":"http:\/\/www.susannavaris.com\/blogg\/?p=7349"},"modified":"2012-10-08T13:55:53","modified_gmt":"2012-10-08T11:55:53","slug":"hostuniform","status":"publish","type":"post","link":"http:\/\/www.susannavaris.com\/blogg\/2012\/10\/hostuniform\/","title":{"rendered":"H\u00f6stuniform"},"content":{"rendered":"<p style=\"text-align: center;\">Pl\u00f6tsligt har ALLA:<\/p>\n<p style=\"text-align: center;\"><a href=\"http:\/\/www.susannavaris.com\/blogg\/wp-content\/uploads\/2012\/10\/qui01.jpg\"><img loading=\"lazy\" decoding=\"async\" class=\"aligncenter size-large wp-image-7350\" title=\"qui01\" src=\"http:\/\/www.susannavaris.com\/blogg\/wp-content\/uploads\/2012\/10\/qui01-768x1024.jpg\" alt=\"\" width=\"640\" height=\"853\" srcset=\"http:\/\/www.susannavaris.com\/blogg\/wp-content\/uploads\/2012\/10\/qui01-768x1024.jpg 768w, http:\/\/www.susannavaris.com\/blogg\/wp-content\/uploads\/2012\/10\/qui01-225x300.jpg 225w, http:\/\/www.susannavaris.com\/blogg\/wp-content\/uploads\/2012\/10\/qui01.jpg 882w\" sizes=\"auto, (max-width: 640px) 100vw, 640px\" \/><\/a>\u00a0<em>&#8230;en quiltad, helst m\u00f6rkbl\u00e5, kort jacka&#8230;<\/em><\/p>\n<p style=\"text-align: center;\"><a href=\"http:\/\/www.susannavaris.com\/blogg\/wp-content\/uploads\/2012\/10\/qui02.jpg\"><img loading=\"lazy\" decoding=\"async\" class=\"aligncenter size-full wp-image-7351\" title=\"qui02\" src=\"http:\/\/www.susannavaris.com\/blogg\/wp-content\/uploads\/2012\/10\/qui02.jpg\" alt=\"\" width=\"400\" height=\"533\" srcset=\"http:\/\/www.susannavaris.com\/blogg\/wp-content\/uploads\/2012\/10\/qui02.jpg 400w, http:\/\/www.susannavaris.com\/blogg\/wp-content\/uploads\/2012\/10\/qui02-225x300.jpg 225w\" sizes=\"auto, (max-width: 400px) 100vw, 400px\" \/><\/a>\u00a0<em>&#8230;svarta, \u00e5tsmitande byxor&#8230;<\/em><\/p>\n<p style=\"text-align: center;\"><a href=\"http:\/\/www.susannavaris.com\/blogg\/wp-content\/uploads\/2012\/10\/qui03.jpg\"><img loading=\"lazy\" decoding=\"async\" class=\"aligncenter size-full wp-image-7352\" title=\"qui03\" src=\"http:\/\/www.susannavaris.com\/blogg\/wp-content\/uploads\/2012\/10\/qui03.jpg\" alt=\"\" width=\"692\" height=\"676\" srcset=\"http:\/\/www.susannavaris.com\/blogg\/wp-content\/uploads\/2012\/10\/qui03.jpg 692w, http:\/\/www.susannavaris.com\/blogg\/wp-content\/uploads\/2012\/10\/qui03-300x293.jpg 300w\" sizes=\"auto, (max-width: 692px) 100vw, 692px\" \/><\/a>\u00a0<em>&#8230;l\u00e5gklackade eller platta ankelboots&#8230;<\/em><\/p>\n<p style=\"text-align: center;\"><a href=\"http:\/\/www.susannavaris.com\/blogg\/wp-content\/uploads\/2012\/10\/qui04.jpg\"><img loading=\"lazy\" decoding=\"async\" class=\"aligncenter size-full wp-image-7353\" title=\"qui04\" src=\"http:\/\/www.susannavaris.com\/blogg\/wp-content\/uploads\/2012\/10\/qui04.jpg\" alt=\"\" width=\"500\" height=\"637\" srcset=\"http:\/\/www.susannavaris.com\/blogg\/wp-content\/uploads\/2012\/10\/qui04.jpg 500w, http:\/\/www.susannavaris.com\/blogg\/wp-content\/uploads\/2012\/10\/qui04-235x300.jpg 235w\" sizes=\"auto, (max-width: 500px) 100vw, 500px\" \/><\/a>\u00a0<em>&#8230;och l\u00e5ngt, blankt, rakt h\u00e5r i mittbena eller h\u00e4stsvans&#8230;<\/em><\/p>\n<p style=\"text-align: center;\">&#8230;som p\u00e5 en given signal. Vem har dikterat detta? Var det n\u00e5gon bloggare eller n\u00e5gon modetidning? Hur? N\u00e4r? Fr\u00e5gorna hopar sig&#8230;<\/p>\n","protected":false},"excerpt":{"rendered":"<p>Pl\u00f6tsligt har ALLA: \u00a0&#8230;en quiltad, helst m\u00f6rkbl\u00e5, kort jacka&#8230; \u00a0&#8230;svarta, \u00e5tsmitande byxor&#8230; \u00a0&#8230;l\u00e5gklackade eller platta ankelboots&#8230; \u00a0&#8230;och l\u00e5ngt, blankt, rakt h\u00e5r i mittbena eller h\u00e4stsvans&#8230; &#8230;som p\u00e5 en given signal. Vem har dikterat detta? Var det n\u00e5gon bloggare eller n\u00e5gon &hellip; <a href=\"http:\/\/www.susannavaris.com\/blogg\/2012\/10\/hostuniform\/\">Forts\u00e4tt l\u00e4sa <span class=\"meta-nav\">&rarr;<\/span><\/a><\/p>\n","protected":false},"author":1,"featured_media":0,"comment_status":"open","ping_status":"open","sticky":false,"template":"","format":"standard","meta":{"footnotes":""},"categories":[589,14],"tags":[2370,19,2369,2368],"class_list":["post-7349","post","type-post","status-publish","format-standard","hentry","category-medier","category-mode","tag-ankelboots","tag-mode-2","tag-quiltad-jacka","tag-trend"],"_links":{"self":[{"href":"http:\/\/www.susannavaris.com\/blogg\/wp-json\/wp\/v2\/posts\/7349","targetHints":{"allow":["GET"]}}],"collection":[{"href":"http:\/\/www.susannavaris.com\/blogg\/wp-json\/wp\/v2\/posts"}],"about":[{"href":"http:\/\/www.susannavaris.com\/blogg\/wp-json\/wp\/v2\/types\/post"}],"author":[{"embeddable":true,"href":"http:\/\/www.susannavaris.com\/blogg\/wp-json\/wp\/v2\/users\/1"}],"replies":[{"embeddable":true,"href":"http:\/\/www.susannavaris.com\/blogg\/wp-json\/wp\/v2\/comments?post=7349"}],"version-history":[{"count":2,"href":"http:\/\/www.susannavaris.com\/blogg\/wp-json\/wp\/v2\/posts\/7349\/revisions"}],"predecessor-version":[{"id":7355,"href":"http:\/\/www.susannavaris.com\/blogg\/wp-json\/wp\/v2\/posts\/7349\/revisions\/7355"}],"wp:attachment":[{"href":"http:\/\/www.susannavaris.com\/blogg\/wp-json\/wp\/v2\/media?parent=7349"}],"wp:term":[{"taxonomy":"category","embeddable":true,"href":"http:\/\/www.susannavaris.com\/blogg\/wp-json\/wp\/v2\/categories?post=7349"},{"taxonomy":"post_tag","embeddable":true,"href":"http:\/\/www.susannavaris.com\/blogg\/wp-json\/wp\/v2\/tags?post=7349"}],"curies":[{"name":"wp","href":"https:\/\/api.w.org\/{rel}","templated":true}]}}