{"id":7367,"date":"2012-10-10T10:02:38","date_gmt":"2012-10-10T08:02:38","guid":{"rendered":"http:\/\/www.susannavaris.com\/blogg\/?p=7367"},"modified":"2012-10-10T10:02:38","modified_gmt":"2012-10-10T08:02:38","slug":"dagens-maffigaste-hyckleri","status":"publish","type":"post","link":"http:\/\/www.susannavaris.com\/blogg\/2012\/10\/dagens-maffigaste-hyckleri\/","title":{"rendered":"Dagens maffigaste hyckleri"},"content":{"rendered":"<p style=\"text-align: center;\"><a href=\"http:\/\/www.susannavaris.com\/blogg\/wp-content\/uploads\/2012\/10\/1307017_Wernersson.Inga_.jpg\"><img loading=\"lazy\" decoding=\"async\" class=\"aligncenter size-full wp-image-7368\" title=\"1307017_Wernersson.Inga\" src=\"http:\/\/www.susannavaris.com\/blogg\/wp-content\/uploads\/2012\/10\/1307017_Wernersson.Inga_.jpg\" alt=\"\" width=\"276\" height=\"428\" srcset=\"http:\/\/www.susannavaris.com\/blogg\/wp-content\/uploads\/2012\/10\/1307017_Wernersson.Inga_.jpg 276w, http:\/\/www.susannavaris.com\/blogg\/wp-content\/uploads\/2012\/10\/1307017_Wernersson.Inga_-193x300.jpg 193w\" sizes=\"auto, (max-width: 276px) 100vw, 276px\" \/><\/a><em>\u00a0Inga Wernersson<\/em><\/p>\n<p>I denna artikel i Sydsvenskan utvecklar Inga Wernersson, professor p\u00e5 G\u00f6teborgs universitet p\u00e5 institutionen f\u00f6r pedagogik, tankeg\u00e5ngarna om varf\u00f6r en j\u00e4mn k\u00f6nsbalans bland f\u00f6rskolepersonal inte \u00e4r viktigt:<\/p>\n<p><a href=\"http:\/\/www.sydsvenskan.se\/inpa-livet\/livet-pa-jobbet\/pedagogiken-viktigare-an-konet\/\">http:\/\/www.sydsvenskan.se\/inpa-livet\/livet-pa-jobbet\/pedagogiken-viktigare-an-konet\/<\/a><\/p>\n<p><em>&#8221;G\u00e4rna m\u00e4n. Men det \u00e4r viktigare med medvetna genuspedagoger som kan driva en k\u00f6nsneutral skola och motverka att barnen trillar in i traditionella k\u00f6nsroller.<\/em><br \/>\n<em>\u2013\u2009Att plocka in m\u00e4n bara f\u00f6r att de \u00e4r m\u00e4n tror jag inte \u00e4r s\u00e5 bra, s\u00e4ger Inga Wernersson&#8221;<\/em><\/p>\n<p>S\u00e5 det som hela genusvetenskapen och j\u00e4mst\u00e4lldhetspolitiken i \u00f6vrigt g\u00e5r ut p\u00e5 g\u00e4ller pl\u00f6tsligt inte n\u00e4r det handlar om ett kvinnodominerat yrke? Genusvetenskapens och feminismens underbara logik.<\/p>\n<p><em>&#8221;\u2013\u2009Om man t\u00e4nker att det r\u00e4cker att vara man f\u00f6r att jobba i f\u00f6rskolan, d\u00e5 m\u00e5ste man fr\u00e5ga sig vad \u00e4r det hos m\u00e4n som man vill ha? \u00c4r det n\u00e5gon manlig essens man vill ha tag p\u00e5, och vad \u00e4r i s\u00e5 fall det? D\u00e5 m\u00e5ste man definiera vad det \u00e4r. Det blir ofta lite diffust n\u00e4r man ska f\u00f6rklara det, s\u00e4ger hon.&#8221;<\/em><\/p>\n<p>P\u00e5 motsvarande s\u00e4tt kan man d\u00e5 fr\u00e5ga sig vad det \u00e4r f\u00f6r kvinnlig essens man vill ha inom de mansdominerade yrkena (eller i bolagsstyrelser)?<\/p>\n<p><em>&#8221;\u2013\u2009Man riskerar att v\u00e4nda p\u00e5 orsakssammanhangen och s\u00e4ga att det man g\u00f6r i f\u00f6rskolan \u00e4r kvinnligt. Men om det kommer in en man i verksamheten s\u00e5 g\u00f6r han ju samma saker. I vissa stycken handlar det nog om att man blir det man sysslar med.&#8221;<\/em><\/p>\n<p>Genusvetenskapens k\u00f6nskodande av allt omkring oss st\u00e4ller till det? Hur betrakta en man som &#8221;g\u00f6r kvinna&#8221;?<\/p>\n<p><em>&#8221;Hon tror ocks\u00e5 att de m\u00e4n som s\u00f6ker sig till f\u00f6rskoll\u00e4raryrket kanske inte riktigt motsvarar \u201dgenomsnittsmannen\u201d. De v\u00e4ljer mer utifr\u00e5n ett starkt intresse f\u00f6r barn, snarare \u00e4n kvinnor som i h\u00f6gre utstr\u00e4ckning v\u00e4ljer enligt tradition.&#8221;<\/em><\/p>\n<p>Finns det n\u00e5gon forskning p\u00e5 detta eller luftar professorn bara sina k\u00f6nsbundna f\u00f6rdomar?<\/p>\n<p><em>&#8221;\u2013\u2009Vi slutade k\u00f6nskvotera in m\u00e4n, f\u00f6r m\u00e4nnen tenderade att marschera in i olika chefspositioner. Facken blev tveksamma. Man tyckte inte att det var ett bra j\u00e4mst\u00e4lldhetsargument inom ett yrke d\u00e4r kvinnorna faktiskt hade en m\u00f6jlighet att g\u00f6ra karri\u00e4r.&#8221;<\/em><\/p>\n<p>Att feminismen skulle m\u00e5na om b\u00e5de m\u00e4ns och kvinnors m\u00f6jligheter? Det \u00e4r en fackf\u00f6rening f\u00f6r kvinnor. Inga Wernersson har l\u00e4nge arbetat med j\u00e4mst\u00e4lldhetsfr\u00e5gor. I hennes v\u00e4rld verkar detta vara synonymt med kvinnofr\u00e5gor.<\/p>\n<p><em>&#8221;\u2013\u2009Universitet och h\u00f6gskolor f\u00e5r med j\u00e4mna mellanrum uppdrag att rekrytera fler m\u00e4n. Men det \u00e4r en os\u00e4kerhet om vad de ska tillf\u00f6ra? Finns det en skillnad eller finns det inte?<\/em><\/p>\n<p><em>Men m\u00e5ste man ha en orsak till att \u00f6nska fler m\u00e4n? Kan man inte bara vilja ha det bara f\u00f6r att?<\/em><\/p>\n<p><em>\u2013\u2009Jo visst. Men viktigare \u00e4r fortfarande att de \u00e4r utbildade f\u00f6rskoll\u00e4rare, s\u00e4ger Inga Wernersson.&#8221;<\/em><\/p>\n<p>S\u00e5 det som genusvetarna ordinerar f\u00f6r de mansdominerade yrkena, 50\/50-f\u00f6rdelning, \u00e4r pl\u00f6tsligt icke \u00f6nskv\u00e4rt n\u00e4r det g\u00e4ller t ex f\u00f6rskolan. Kvinnor kan ju drabbas och inte kunna g\u00f6ra karri\u00e4r. Dagens maffigaste hyckleri!<\/p>\n","protected":false},"excerpt":{"rendered":"<p>\u00a0Inga Wernersson I denna artikel i Sydsvenskan utvecklar Inga Wernersson, professor p\u00e5 G\u00f6teborgs universitet p\u00e5 institutionen f\u00f6r pedagogik, tankeg\u00e5ngarna om varf\u00f6r en j\u00e4mn k\u00f6nsbalans bland f\u00f6rskolepersonal inte \u00e4r viktigt: http:\/\/www.sydsvenskan.se\/inpa-livet\/livet-pa-jobbet\/pedagogiken-viktigare-an-konet\/ &#8221;G\u00e4rna m\u00e4n. Men det \u00e4r viktigare med medvetna genuspedagoger som &hellip; <a href=\"http:\/\/www.susannavaris.com\/blogg\/2012\/10\/dagens-maffigaste-hyckleri\/\">Forts\u00e4tt l\u00e4sa <span class=\"meta-nav\">&rarr;<\/span><\/a><\/p>\n","protected":false},"author":1,"featured_media":0,"comment_status":"open","ping_status":"open","sticky":false,"template":"","format":"standard","meta":{"footnotes":""},"categories":[181,259,1321,1162,589,1,590],"tags":[4900,2377,4899,4903,2376,2375,4918],"class_list":["post-7367","post","type-post","status-publish","format-standard","hentry","category-feminism","category-genusvetenskap","category-jamstalldhet","category-kultur","category-medier","category-okategoriserade","category-politik","tag-feminism","tag-forskola","tag-genus","tag-genusvetenskap","tag-goteborgs-universitet","tag-inga-werenersson","tag-jamstalldhet"],"_links":{"self":[{"href":"http:\/\/www.susannavaris.com\/blogg\/wp-json\/wp\/v2\/posts\/7367","targetHints":{"allow":["GET"]}}],"collection":[{"href":"http:\/\/www.susannavaris.com\/blogg\/wp-json\/wp\/v2\/posts"}],"about":[{"href":"http:\/\/www.susannavaris.com\/blogg\/wp-json\/wp\/v2\/types\/post"}],"author":[{"embeddable":true,"href":"http:\/\/www.susannavaris.com\/blogg\/wp-json\/wp\/v2\/users\/1"}],"replies":[{"embeddable":true,"href":"http:\/\/www.susannavaris.com\/blogg\/wp-json\/wp\/v2\/comments?post=7367"}],"version-history":[{"count":1,"href":"http:\/\/www.susannavaris.com\/blogg\/wp-json\/wp\/v2\/posts\/7367\/revisions"}],"predecessor-version":[{"id":7369,"href":"http:\/\/www.susannavaris.com\/blogg\/wp-json\/wp\/v2\/posts\/7367\/revisions\/7369"}],"wp:attachment":[{"href":"http:\/\/www.susannavaris.com\/blogg\/wp-json\/wp\/v2\/media?parent=7367"}],"wp:term":[{"taxonomy":"category","embeddable":true,"href":"http:\/\/www.susannavaris.com\/blogg\/wp-json\/wp\/v2\/categories?post=7367"},{"taxonomy":"post_tag","embeddable":true,"href":"http:\/\/www.susannavaris.com\/blogg\/wp-json\/wp\/v2\/tags?post=7367"}],"curies":[{"name":"wp","href":"https:\/\/api.w.org\/{rel}","templated":true}]}}